{"id":10040,"date":"2020-02-12T21:24:09","date_gmt":"2020-02-12T20:24:09","guid":{"rendered":"https:\/\/oi-paris.com\/wordpress\/?p=10040"},"modified":"2020-02-15T22:12:42","modified_gmt":"2020-02-15T21:12:42","slug":"stage-studio-mystere-le-14-mars-2020-a-9h15","status":"publish","type":"post","link":"https:\/\/oi-paris.com\/wordpress\/2020\/02\/12\/stage-studio-mystere-le-14-mars-2020-a-9h15\/","title":{"rendered":"Stage \u00ab studio myst\u00e8re\u00bb le 14 mars 2020 \u00e0 9h15"},"content":{"rendered":"<p>Quoi :<br \/>\n=====<br \/>\nStage nouvelle formule, 2\u00e8me , apr\u00e8s le 1er stage sur cette formule organis\u00e9 en oct 2019<br \/>\nvoil\u00e0 le nouveau stage arrive !<\/p>\n<p>Pour qui :<br \/>\n=========<br \/>\nStage de perfectionnement pour les adh\u00e9rents ayant d\u00e9j\u00e0 une connaissance de l\u2019\u00e9clairage studio.<br \/>\nLimit\u00e9 \u00e0 4 (puis liste d\u2019attente)<\/p>\n<p>Quand :<br \/>\n======<\/p>\n<p>Stage le samedi 14 mars 2020<br \/>\nde 9h15 \u00e0 18h<br \/>\nMerci d&#8217;arriver \u00e0 l&#8217;heure pour le stage.<\/p>\n<p>Inscriptions :<br \/>\n=============<br \/>\nAvant le vendredi 6 mars 2020 \u00e0 midi au secr\u00e9tariat (d\u00e9p\u00f4t du ch\u00e8que obligatoire avant le stage)<br \/>\n15 \u20ac \u00e0 l\u2019ordre d\u2019Objectif Image Paris. Le ch\u00e8que valide votre inscription au stage.<br \/>\nmerci d indiquer votre email pour recevoir la veille du stage les informations qui y seront relatives<\/p>\n<p>D\u00e9roul\u00e9 du stage :<br \/>\n=================<br \/>\n9h15-9h30 arriv\u00e9e des stagiaires<br \/>\n9h30-10h mise en place sur plan de votre plan d\u2019\u00e9clairage<br \/>\n10h-12h \u00e9tudes de cas de deux stagiaires<br \/>\n14h-16h \u00e9tudes de cas des deux autres stagiaires<br \/>\n16h-18h regard et \u00e9tude des r\u00e9sultats<\/p>\n<p>Pause d\u00e9jeuner 12h-14h<\/p>\n<p>Venez avec votre boitier, notice de celui-ci et votre meilleur objectif\u00a0 id\u00e9alement 85 mm \u00e0 120 mm.<\/p>\n<p>Contact:<br \/>\n========<\/p>\n<ul>\n<li>Denis, au secr\u00e9tariat pour votre inscription et paiement<\/li>\n<li>Emmanuel pour toute information compl\u00e9mentaire<\/li>\n<\/ul>\n<p>IMPORTANT<br \/>\n=========<br \/>\nMerci de pr\u00e9venir Emmanuel &amp; Denis en cas d annulation &#8220;justifi\u00e9e&#8221; de votre pr\u00e9sence au stage, afin de permettre \u00e0 un candidat sur la liste d&#8217;attente de prendre votre place.<br \/>\nEn cas contraire , votre ch\u00e8que sera encaiss\u00e9 .<\/p>\n<p><img loading=\"lazy\" decoding=\"async\" class=\"aligncenter size-large wp-image-10043\" src=\"https:\/\/oi-paris.com\/wordpress\/wp-content\/uploads\/2020\/02\/OIPARIS-mars-2020-00-1024x684.jpg\" alt=\"\" width=\"1024\" height=\"684\" srcset=\"https:\/\/oi-paris.com\/wordpress\/wp-content\/uploads\/2020\/02\/OIPARIS-mars-2020-00-1024x684.jpg 1024w, https:\/\/oi-paris.com\/wordpress\/wp-content\/uploads\/2020\/02\/OIPARIS-mars-2020-00-300x200.jpg 300w, https:\/\/oi-paris.com\/wordpress\/wp-content\/uploads\/2020\/02\/OIPARIS-mars-2020-00-768x513.jpg 768w, https:\/\/oi-paris.com\/wordpress\/wp-content\/uploads\/2020\/02\/OIPARIS-mars-2020-00-1536x1026.jpg 1536w, https:\/\/oi-paris.com\/wordpress\/wp-content\/uploads\/2020\/02\/OIPARIS-mars-2020-00-1320x882.jpg 1320w, https:\/\/oi-paris.com\/wordpress\/wp-content\/uploads\/2020\/02\/OIPARIS-mars-2020-00.jpg 1620w\" sizes=\"auto, (max-width: 1024px) 100vw, 1024px\" \/><\/p>\n<p><img loading=\"lazy\" decoding=\"async\" class=\"aligncenter size-large wp-image-10044\" src=\"https:\/\/oi-paris.com\/wordpress\/wp-content\/uploads\/2020\/02\/OIPARIS-mars-2020-01-1024x684.jpg\" alt=\"\" width=\"1024\" height=\"684\" srcset=\"https:\/\/oi-paris.com\/wordpress\/wp-content\/uploads\/2020\/02\/OIPARIS-mars-2020-01-1024x684.jpg 1024w, https:\/\/oi-paris.com\/wordpress\/wp-content\/uploads\/2020\/02\/OIPARIS-mars-2020-01-300x200.jpg 300w, https:\/\/oi-paris.com\/wordpress\/wp-content\/uploads\/2020\/02\/OIPARIS-mars-2020-01-768x513.jpg 768w, https:\/\/oi-paris.com\/wordpress\/wp-content\/uploads\/2020\/02\/OIPARIS-mars-2020-01-1536x1026.jpg 1536w, https:\/\/oi-paris.com\/wordpress\/wp-content\/uploads\/2020\/02\/OIPARIS-mars-2020-01-1320x882.jpg 1320w, https:\/\/oi-paris.com\/wordpress\/wp-content\/uploads\/2020\/02\/OIPARIS-mars-2020-01.jpg 1620w\" sizes=\"auto, (max-width: 1024px) 100vw, 1024px\" \/><\/p>\n<p><img loading=\"lazy\" decoding=\"async\" class=\"aligncenter size-large wp-image-10045\" src=\"https:\/\/oi-paris.com\/wordpress\/wp-content\/uploads\/2020\/02\/OIPARIS-mars-2020-02-1024x684.jpg\" alt=\"\" width=\"1024\" height=\"684\" srcset=\"https:\/\/oi-paris.com\/wordpress\/wp-content\/uploads\/2020\/02\/OIPARIS-mars-2020-02-1024x684.jpg 1024w, https:\/\/oi-paris.com\/wordpress\/wp-content\/uploads\/2020\/02\/OIPARIS-mars-2020-02-300x200.jpg 300w, https:\/\/oi-paris.com\/wordpress\/wp-content\/uploads\/2020\/02\/OIPARIS-mars-2020-02-768x513.jpg 768w, https:\/\/oi-paris.com\/wordpress\/wp-content\/uploads\/2020\/02\/OIPARIS-mars-2020-02-1536x1026.jpg 1536w, https:\/\/oi-paris.com\/wordpress\/wp-content\/uploads\/2020\/02\/OIPARIS-mars-2020-02-1320x882.jpg 1320w, https:\/\/oi-paris.com\/wordpress\/wp-content\/uploads\/2020\/02\/OIPARIS-mars-2020-02.jpg 1620w\" sizes=\"auto, (max-width: 1024px) 100vw, 1024px\" \/><\/p>\n<p><img loading=\"lazy\" decoding=\"async\" class=\"aligncenter size-large wp-image-10042\" src=\"https:\/\/oi-paris.com\/wordpress\/wp-content\/uploads\/2020\/02\/OIPARIS-mars-2020-03-1024x684.jpg\" alt=\"\" width=\"1024\" height=\"684\" srcset=\"https:\/\/oi-paris.com\/wordpress\/wp-content\/uploads\/2020\/02\/OIPARIS-mars-2020-03-1024x684.jpg 1024w, https:\/\/oi-paris.com\/wordpress\/wp-content\/uploads\/2020\/02\/OIPARIS-mars-2020-03-300x200.jpg 300w, https:\/\/oi-paris.com\/wordpress\/wp-content\/uploads\/2020\/02\/OIPARIS-mars-2020-03-768x513.jpg 768w, https:\/\/oi-paris.com\/wordpress\/wp-content\/uploads\/2020\/02\/OIPARIS-mars-2020-03-1536x1026.jpg 1536w, https:\/\/oi-paris.com\/wordpress\/wp-content\/uploads\/2020\/02\/OIPARIS-mars-2020-03-1320x882.jpg 1320w, https:\/\/oi-paris.com\/wordpress\/wp-content\/uploads\/2020\/02\/OIPARIS-mars-2020-03.jpg 1620w\" sizes=\"auto, (max-width: 1024px) 100vw, 1024px\" \/><\/p>\n","protected":false},"excerpt":{"rendered":"<p>Quoi : ===== Stage nouvelle formule, 2\u00e8me , apr\u00e8s le 1er stage sur cette formule organis\u00e9 en oct 2019 voil\u00e0 le nouveau stage arrive ! Pour qui : ========= Stage de perfectionnement pour les&#46;&#46;&#46;<\/p>\n","protected":false},"author":21,"featured_media":8225,"comment_status":"closed","ping_status":"closed","sticky":false,"template":"","format":"standard","meta":{"_acf_changed":false,"_oasis_is_in_workflow":0,"_oasis_original":0,"_uag_custom_page_level_css":"","footnotes":""},"categories":[26],"tags":[],"class_list":["post-10040","post","type-post","status-publish","format-standard","has-post-thumbnail","hentry","category-formation"],"acf":[],"uagb_featured_image_src":{"full":["https:\/\/oi-paris.com\/wordpress\/wp-content\/uploads\/2018\/10\/banniere-27-oct-2018.jpg",1280,935,false],"thumbnail":["https:\/\/oi-paris.com\/wordpress\/wp-content\/uploads\/2018\/10\/banniere-27-oct-2018-150x150.jpg",150,150,true],"medium":["https:\/\/oi-paris.com\/wordpress\/wp-content\/uploads\/2018\/10\/banniere-27-oct-2018-300x219.jpg",300,219,true],"medium_large":["https:\/\/oi-paris.com\/wordpress\/wp-content\/uploads\/2018\/10\/banniere-27-oct-2018-768x561.jpg",768,561,true],"large":["https:\/\/oi-paris.com\/wordpress\/wp-content\/uploads\/2018\/10\/banniere-27-oct-2018-1024x748.jpg",1024,748,true],"1536x1536":["https:\/\/oi-paris.com\/wordpress\/wp-content\/uploads\/2018\/10\/banniere-27-oct-2018.jpg",1280,935,false],"2048x2048":["https:\/\/oi-paris.com\/wordpress\/wp-content\/uploads\/2018\/10\/banniere-27-oct-2018.jpg",1280,935,false],"thumb-small":["https:\/\/oi-paris.com\/wordpress\/wp-content\/uploads\/2018\/10\/banniere-27-oct-2018-160x160.jpg",80,80,true],"thumb-standard":["https:\/\/oi-paris.com\/wordpress\/wp-content\/uploads\/2018\/10\/banniere-27-oct-2018-320x320.jpg",320,320,true],"thumb-medium":["https:\/\/oi-paris.com\/wordpress\/wp-content\/uploads\/2018\/10\/banniere-27-oct-2018-520x245.jpg",520,245,true],"thumb-large":["https:\/\/oi-paris.com\/wordpress\/wp-content\/uploads\/2018\/10\/banniere-27-oct-2018-720x340.jpg",720,340,true],"thumb-xlarge":["https:\/\/oi-paris.com\/wordpress\/wp-content\/uploads\/2018\/10\/banniere-27-oct-2018-980x450.jpg",980,450,true],"thumb-xxlarge":["https:\/\/oi-paris.com\/wordpress\/wp-content\/uploads\/2018\/10\/banniere-27-oct-2018-1280x500.jpg",1280,500,true],"mailpoet_newsletter_max":["https:\/\/oi-paris.com\/wordpress\/wp-content\/uploads\/2018\/10\/banniere-27-oct-2018.jpg",1280,935,false]},"uagb_author_info":{"display_name":"Nadir","author_link":"https:\/\/oi-paris.com\/wordpress\/author\/nadir\/"},"uagb_comment_info":0,"uagb_excerpt":"Quoi : ===== Stage nouvelle formule, 2\u00e8me , apr\u00e8s le 1er stage sur cette formule organis\u00e9 en oct 2019 voil\u00e0 le nouveau stage arrive ! Pour qui : ========= Stage de perfectionnement pour les&#46;&#46;&#46;","_links":{"self":[{"href":"https:\/\/oi-paris.com\/wordpress\/wp-json\/wp\/v2\/posts\/10040","targetHints":{"allow":["GET"]}}],"collection":[{"href":"https:\/\/oi-paris.com\/wordpress\/wp-json\/wp\/v2\/posts"}],"about":[{"href":"https:\/\/oi-paris.com\/wordpress\/wp-json\/wp\/v2\/types\/post"}],"author":[{"embeddable":true,"href":"https:\/\/oi-paris.com\/wordpress\/wp-json\/wp\/v2\/users\/21"}],"replies":[{"embeddable":true,"href":"https:\/\/oi-paris.com\/wordpress\/wp-json\/wp\/v2\/comments?post=10040"}],"version-history":[{"count":4,"href":"https:\/\/oi-paris.com\/wordpress\/wp-json\/wp\/v2\/posts\/10040\/revisions"}],"predecessor-version":[{"id":10052,"href":"https:\/\/oi-paris.com\/wordpress\/wp-json\/wp\/v2\/posts\/10040\/revisions\/10052"}],"wp:featuredmedia":[{"embeddable":true,"href":"https:\/\/oi-paris.com\/wordpress\/wp-json\/wp\/v2\/media\/8225"}],"wp:attachment":[{"href":"https:\/\/oi-paris.com\/wordpress\/wp-json\/wp\/v2\/media?parent=10040"}],"wp:term":[{"taxonomy":"category","embeddable":true,"href":"https:\/\/oi-paris.com\/wordpress\/wp-json\/wp\/v2\/categories?post=10040"},{"taxonomy":"post_tag","embeddable":true,"href":"https:\/\/oi-paris.com\/wordpress\/wp-json\/wp\/v2\/tags?post=10040"}],"curies":[{"name":"wp","href":"https:\/\/api.w.org\/{rel}","templated":true}]}}