{"id":10766,"date":"2020-05-13T08:00:00","date_gmt":"2020-05-13T07:00:00","guid":{"rendered":"https:\/\/oi-paris.com\/wordpress\/?p=10766"},"modified":"2020-05-17T16:00:01","modified_gmt":"2020-05-17T15:00:01","slug":"1er-mardi-du-mois-de-mai-2","status":"publish","type":"post","link":"https:\/\/oi-paris.com\/wordpress\/2020\/05\/13\/1er-mardi-du-mois-de-mai-2\/","title":{"rendered":"1er Mardi du mois de Mai"},"content":{"rendered":"\n<p><strong>Bienvenue au Mardi d&#8217;OI<\/strong><\/p>\n<ul>\n<li>\u00a0Le confinement, chacun de nous le vit \u00e0 sa mani\u00e8re. Et nous pensons aux uns et aux autres. Le r\u00e9seau WhattsApp nous le montre chaque jour avec des photos, des textes, des vid\u00e9os&#8230;. Nous \u00e9tions tous ravis de nous revoir via les vid\u00e9os conf\u00e9rences, une nouvelle mani\u00e8re de nous rencontrer : nous \u00e9tions une trentaine d&#8217;adh\u00e9rents.<\/li>\n<\/ul>\n<p style=\"text-align: center;\"><img loading=\"lazy\" decoding=\"async\" class=\"alignnone  wp-image-10776\" src=\"https:\/\/oi-paris.com\/wordpress\/wp-content\/uploads\/2020\/05\/@@-Mardi-OI-1.jpg\" alt=\"\" width=\"430\" height=\"309\" \/><\/p>\n<ul>\n<li>Pour l&#8217;AG, tous les documents officiels sont en ligne : un des points du bulletin de vote \u00a0concerne l&#8217;accord pour reconduire la cotisation de 2020 en 2021.<\/li>\n<li>Jean-Paul a re\u00e7u 117 diaporamas pour le Troph\u00e9e de Paris. Le gagnant sera r\u00e9v\u00e9l\u00e9 fin mai.<\/li>\n<li>A l&#8217;issue du confinement, les photographes ayant particip\u00e9 au r\u00e9seau WhattsApp pourraient soit faire un livre, un diaporama, une expo&#8230; Toutes les id\u00e9es sont bonnes.<\/li>\n<li>Quand est-ce que le labo argentique r\u00e9ouvrira? \u00a0Il y a des attentes.<\/li>\n<\/ul>\n<p>\u00a0<\/p>\n<p><strong>Les Expos et les Films \u00e0 voir<\/strong><\/p>\n<ul>\n<li>Le voleur d&#8217;Images : une exposition \u00a0en line &#8220;Vagabondages&#8221; ,&#8221; en Vol&#8221;<\/li>\n<\/ul>\n<p>Pierre-Marie nous pr\u00e9sente 3 films sur une id\u00e9e du confinement :<\/p>\n<ul>\n<li>Fen\u00eatre sur cour d&#8217;Alfred Hitchcock avec James Stewart et Grace Kelly<\/li>\n<li>Apollo 13 de Ron Howard avec Tom Hanks et Bill Paxton<\/li>\n<li>Panic Room de David Fincher avec Jodie Foster, Kristen Stewartet Jared Leto.<\/li>\n<li>Un jour sans fin d&#8217;Harold Ramis avec Bill Murray et Annie MacDowell.<\/li>\n<\/ul>\n<p style=\"text-align: center;\"><img loading=\"lazy\" decoding=\"async\" class=\"alignnone  wp-image-10783\" src=\"https:\/\/oi-paris.com\/wordpress\/wp-content\/uploads\/2020\/05\/Affiche-Un-jour-sans-fin.jpg\" alt=\"\" width=\"246\" height=\"325\" \/><\/p>\n<p>\u00a0<\/p>\n<p><strong>L&#8217;Artiste Myst\u00e8re<\/strong><\/p>\n<p>Annie nous pr\u00e9sente son artiste myst\u00e8re : c&#8217;est Brigitte Grignet, photographe belge. Elle photographie dans un en noir et blanc carr\u00e9 aussi bien ses d\u00e9ambulations en voyage que des sujets de soci\u00e9t\u00e9, des faits d&#8217;actualit\u00e9, des situations sp\u00e9cifiques. Son approche \u00e0 la fois directe et tendre t\u00e9moigne d&#8217;une exigence du regard et d&#8217;une qualit\u00e9 d&#8217;\u00e9criture \u00e0 travers la lumi\u00e8re.<\/p>\n<p style=\"text-align: center;\"><img loading=\"lazy\" decoding=\"async\" class=\"alignnone  wp-image-10786\" src=\"https:\/\/oi-paris.com\/wordpress\/wp-content\/uploads\/2020\/05\/Unknown-1.jpeg\" alt=\"\" width=\"372\" height=\"372\" \/><\/p>\n<p><br \/><br \/><\/p>\n<p>\u00a0<\/p>\n<p>\u00a0Puis Annie nous pr\u00e9sente ses photos en NB prises avec son appareil num\u00e9rique.<\/p>\n<p>\u00a0<\/p>\n<p><strong>L&#8221;Auberge espagnole<\/strong><\/p>\n<ul>\n<li>Andr\u00e9 : 4C<\/li>\n<li>jean-Pierre : 4C<\/li>\n<li>Christelle : 3C<\/li>\n<li>Roger : 2NB, 2C<\/li>\n<li>Denis : 4C<\/li>\n<li>St\u00e9phane Erviel : 7 C<\/li>\n<li>Matthieu : 3C, 1NB<\/li>\n<li>Fabien : 4NB<\/li>\n<li>Florence : 4C<\/li>\n<li>Matthieu : 3C, 1NB<\/li>\n<li>H\u00e9l\u00e8ne : 1NB, 2C<\/li>\n<li>Jacques : 3NB<\/li>\n<li>Jean-Claude : 2C, 1NB<\/li>\n<li>Mar\u00e9va : 4C<\/li>\n<li>Michel : 1NB, 2C<\/li>\n<li>Marie -Claire : 4C<\/li>\n<li>Philippe Jean : 1 vid\u00e9o<\/li>\n<li>Sophie : 4C<\/li>\n<li>Corinne G. : 2C, 2NB<\/li>\n<li>St\u00e9phane D. : 4C<\/li>\n<li>Taraneh : 4C<\/li>\n<li>Virginie : 4C<\/li>\n<li>Yannick : 1C, 3NB<\/li>\n<\/ul>\n<p>C&#8217;est Mar\u00e9va qui \u00e9t\u00e9 d\u00e9sign\u00e9e comme adh\u00e9rente du mois pour sa photo &#8220;Sc\u00e8ne de M\u00e9nage&#8221;. F\u00e9licitations.<\/p>\n<p>A tr\u00e8s bient\u00f4t peut-\u00eatre pour une autre visioconf\u00e9rence. et bon courage dans ces moments particuliers.<\/p>\n","protected":false},"excerpt":{"rendered":"<p>Sc\u00e8ne de M\u00e9nage.<\/p>\n","protected":false},"author":16,"featured_media":10792,"comment_status":"closed","ping_status":"closed","sticky":false,"template":"","format":"standard","meta":{"_acf_changed":false,"_oasis_is_in_workflow":0,"_oasis_original":0,"_uag_custom_page_level_css":"","footnotes":""},"categories":[8],"tags":[],"class_list":["post-10766","post","type-post","status-publish","format-standard","has-post-thumbnail","hentry","category-mardi-doi"],"acf":[],"uagb_featured_image_src":{"full":["https:\/\/oi-paris.com\/wordpress\/wp-content\/uploads\/2020\/05\/Mareva-2-Le-mardi-dOI-Sp\u00e9cial-confinement-Sc\u00e8ne-de-m\u00e9nage.jpg",5472,3648,false],"thumbnail":["https:\/\/oi-paris.com\/wordpress\/wp-content\/uploads\/2020\/05\/Mareva-2-Le-mardi-dOI-Sp\u00e9cial-confinement-Sc\u00e8ne-de-m\u00e9nage.jpg",150,100,false],"medium":["https:\/\/oi-paris.com\/wordpress\/wp-content\/uploads\/2020\/05\/Mareva-2-Le-mardi-dOI-Sp\u00e9cial-confinement-Sc\u00e8ne-de-m\u00e9nage.jpg",300,200,false],"medium_large":["https:\/\/oi-paris.com\/wordpress\/wp-content\/uploads\/2020\/05\/Mareva-2-Le-mardi-dOI-Sp\u00e9cial-confinement-Sc\u00e8ne-de-m\u00e9nage.jpg",768,512,false],"large":["https:\/\/oi-paris.com\/wordpress\/wp-content\/uploads\/2020\/05\/Mareva-2-Le-mardi-dOI-Sp\u00e9cial-confinement-Sc\u00e8ne-de-m\u00e9nage.jpg",1024,683,false],"1536x1536":["https:\/\/oi-paris.com\/wordpress\/wp-content\/uploads\/2020\/05\/Mareva-2-Le-mardi-dOI-Sp\u00e9cial-confinement-Sc\u00e8ne-de-m\u00e9nage.jpg",1536,1024,false],"2048x2048":["https:\/\/oi-paris.com\/wordpress\/wp-content\/uploads\/2020\/05\/Mareva-2-Le-mardi-dOI-Sp\u00e9cial-confinement-Sc\u00e8ne-de-m\u00e9nage.jpg",2048,1365,false],"thumb-small":["https:\/\/oi-paris.com\/wordpress\/wp-content\/uploads\/2020\/05\/Mareva-2-Le-mardi-dOI-Sp\u00e9cial-confinement-Sc\u00e8ne-de-m\u00e9nage.jpg",80,53,false],"thumb-standard":["https:\/\/oi-paris.com\/wordpress\/wp-content\/uploads\/2020\/05\/Mareva-2-Le-mardi-dOI-Sp\u00e9cial-confinement-Sc\u00e8ne-de-m\u00e9nage.jpg",320,213,false],"thumb-medium":["https:\/\/oi-paris.com\/wordpress\/wp-content\/uploads\/2020\/05\/Mareva-2-Le-mardi-dOI-Sp\u00e9cial-confinement-Sc\u00e8ne-de-m\u00e9nage.jpg",367,245,false],"thumb-large":["https:\/\/oi-paris.com\/wordpress\/wp-content\/uploads\/2020\/05\/Mareva-2-Le-mardi-dOI-Sp\u00e9cial-confinement-Sc\u00e8ne-de-m\u00e9nage.jpg",510,340,false],"thumb-xlarge":["https:\/\/oi-paris.com\/wordpress\/wp-content\/uploads\/2020\/05\/Mareva-2-Le-mardi-dOI-Sp\u00e9cial-confinement-Sc\u00e8ne-de-m\u00e9nage.jpg",675,450,false],"thumb-xxlarge":["https:\/\/oi-paris.com\/wordpress\/wp-content\/uploads\/2020\/05\/Mareva-2-Le-mardi-dOI-Sp\u00e9cial-confinement-Sc\u00e8ne-de-m\u00e9nage.jpg",750,500,false],"mailpoet_newsletter_max":["https:\/\/oi-paris.com\/wordpress\/wp-content\/uploads\/2020\/05\/Mareva-2-Le-mardi-dOI-Sp\u00e9cial-confinement-Sc\u00e8ne-de-m\u00e9nage.jpg",1320,880,false]},"uagb_author_info":{"display_name":"Helene Lefelle","author_link":"https:\/\/oi-paris.com\/wordpress\/author\/helene\/"},"uagb_comment_info":0,"uagb_excerpt":"Sc\u00e8ne de M\u00e9nage.","_links":{"self":[{"href":"https:\/\/oi-paris.com\/wordpress\/wp-json\/wp\/v2\/posts\/10766","targetHints":{"allow":["GET"]}}],"collection":[{"href":"https:\/\/oi-paris.com\/wordpress\/wp-json\/wp\/v2\/posts"}],"about":[{"href":"https:\/\/oi-paris.com\/wordpress\/wp-json\/wp\/v2\/types\/post"}],"author":[{"embeddable":true,"href":"https:\/\/oi-paris.com\/wordpress\/wp-json\/wp\/v2\/users\/16"}],"replies":[{"embeddable":true,"href":"https:\/\/oi-paris.com\/wordpress\/wp-json\/wp\/v2\/comments?post=10766"}],"version-history":[{"count":21,"href":"https:\/\/oi-paris.com\/wordpress\/wp-json\/wp\/v2\/posts\/10766\/revisions"}],"predecessor-version":[{"id":10874,"href":"https:\/\/oi-paris.com\/wordpress\/wp-json\/wp\/v2\/posts\/10766\/revisions\/10874"}],"wp:featuredmedia":[{"embeddable":true,"href":"https:\/\/oi-paris.com\/wordpress\/wp-json\/wp\/v2\/media\/10792"}],"wp:attachment":[{"href":"https:\/\/oi-paris.com\/wordpress\/wp-json\/wp\/v2\/media?parent=10766"}],"wp:term":[{"taxonomy":"category","embeddable":true,"href":"https:\/\/oi-paris.com\/wordpress\/wp-json\/wp\/v2\/categories?post=10766"},{"taxonomy":"post_tag","embeddable":true,"href":"https:\/\/oi-paris.com\/wordpress\/wp-json\/wp\/v2\/tags?post=10766"}],"curies":[{"name":"wp","href":"https:\/\/api.w.org\/{rel}","templated":true}]}}