{"id":11703,"date":"2020-07-21T21:30:00","date_gmt":"2020-07-21T20:30:00","guid":{"rendered":"https:\/\/oi-paris.com\/wordpress\/?p=11703"},"modified":"2020-07-21T20:24:47","modified_gmt":"2020-07-21T19:24:47","slug":"nouvelles-des-salons","status":"publish","type":"post","link":"https:\/\/oi-paris.com\/wordpress\/2020\/07\/21\/nouvelles-des-salons\/","title":{"rendered":"Nouvelles des Salons"},"content":{"rendered":"\n<div class=\"wp-block-image\"><figure class=\"aligncenter size-large\"><img loading=\"lazy\" decoding=\"async\" width=\"225\" height=\"225\" src=\"https:\/\/oi-paris.com\/wordpress\/wp-content\/uploads\/2020\/07\/Smile.jpg\" alt=\"\" class=\"wp-image-11702\"\/><\/figure><\/div>\n\n\n\n<p>&nbsp; &nbsp; &nbsp; &nbsp; &nbsp; &nbsp; &nbsp; &nbsp; &nbsp; &nbsp;Le <strong>Salon National de Individuel<\/strong>,&nbsp;est report\u00e9 au mois de&nbsp;f\u00e9vrier 2021 et se tiendra \u00e0 Limoges.<\/p>\n\n\n\n<p>&nbsp; &nbsp; &nbsp; &nbsp;            La version papier de vos&nbsp;photos s\u00e9lectionn\u00e9es,&nbsp;devra \u00eatre d\u00e9pos\u00e9e au club, le 16 octobre au plus tard (date d\u2019envoi d\u2019OIP \u00e0 pr\u00e9ciser).<\/p>\n\n\n\n<p>                   Les photos seront soit mont\u00e9es sous passe partout blancs, de format 40&#215;50, soit sans passe-partout&nbsp;avec ou sans bordures blanches \u00e0 condition d&#8217;\u00eatre coll\u00e9es sur un support de 40&#215;50 de 8 \u00e0 20 mn d&#8217;\u00e9paisseur.<\/p>\n\n\n\n<p>&nbsp; &nbsp; &nbsp; &nbsp;            Une \u00e9tiquette sera coll\u00e9e au dos&nbsp;gauche de la photo, ces \u00e9tiquettes seront disponibles sur le site OI.<\/p>\n\n\n\n<p>&nbsp; &nbsp; &nbsp; &nbsp; &nbsp; &nbsp; &nbsp; &nbsp; &nbsp; &nbsp; Le <strong>Salon national d&#8217;Auteur<\/strong>&nbsp;2020 est annul\u00e9, comme de nombreux rendez-vous culturels, mais un Cyber salon&nbsp;d&#8217; Auteurs est organis\u00e9.<\/p>\n\n\n\n<p>&nbsp; &nbsp; &nbsp; &nbsp;             Du 18 ao\u00fbt&nbsp;au 30 septembre vous pourrez poster votre s\u00e9rie sur le site internet OI national, en vous rendant dans&nbsp;l&#8217;onglet SNA 2020.<\/p>\n\n\n\n<p>&nbsp; &nbsp; &nbsp; &nbsp;             Votre s\u00e9rie qui sera compos\u00e9e de 5 photos .<\/p>\n\n\n\n<p>&nbsp; &nbsp; &nbsp; &nbsp;             Titre de la s\u00e9rie 1.jpg<\/p>\n\n\n\n<p>&nbsp; &nbsp; &nbsp;              &nbsp;Titre de la s\u00e9rie 2.jpg&nbsp; <\/p>\n\n\n\n<p>&nbsp; &nbsp; &nbsp; &nbsp; &nbsp; &nbsp; &nbsp; &nbsp; &nbsp;   Le&nbsp; <strong>Prix Betoux<\/strong>&nbsp; est maintenu, la date limite de d\u00e9p\u00f4t&nbsp;des photos, entre 10 et 20 photos originales , ainsi que&nbsp; de votre dossier est fix\u00e9e au 8 septembre (date d\u2019envoi d\u2019OIP \u00e0 pr\u00e9ciser).<\/p>\n\n\n\n<p>&nbsp; &nbsp; &nbsp;              &nbsp;Les oeuvres photographiques devront \u00eatre pr\u00e9sent\u00e9es soit&nbsp;sous passe partout de 40&#215;50, soit en plein format 40&#215;50 mont\u00e9e sur un support \u00e9pais d&#8217;environ 20 mn.<\/p>\n\n\n\n<p>&nbsp; &nbsp; &nbsp; &nbsp; &nbsp; &nbsp; &nbsp; &nbsp;    &nbsp;N&#8217;oubliez pas que le club vous fournira le papier pour l&#8217;impression de vos photos s\u00e9lectionn\u00e9es ainsi que les cartons pour les passe_partouts, pour cela il est n\u00e9cessaire de s&#8217;adresser \u00e0 Denis ou \u00e0 St\u00e9phane pendant son absence.<\/p>\n\n\n\n<p>&nbsp; &nbsp; &nbsp; &nbsp; &nbsp; &nbsp; &nbsp; &nbsp; &nbsp;  Voici donc un rappel assez rapide du programme des salons \u00e0 venir, surtout n&#8217;h\u00e9sitez pas \u00e0 consulter les r\u00e8glements de ses salons que vous trouverez sur le Site D&#8217;Objectif Image&nbsp;National en cliquant sur l&#8217;onglet 2020 EN BREF, puis sur Salon Photo 2020.<\/p>\n\n\n\n<p>&nbsp; &nbsp; &nbsp; &nbsp; &nbsp; &nbsp; &nbsp; &nbsp; &nbsp;   De beaux projets pour la rentr\u00e9e, en attendant tr\u00e8s bel \u00e9t\u00e9 \u00e0 toutes et tous.<\/p>\n\n\n\n<p class=\"has-text-align-right\">Corinne Galois<\/p>\n\n\n","protected":false},"excerpt":{"rendered":"<p>&nbsp; &nbsp; &nbsp; &nbsp; &nbsp; &nbsp; &nbsp; &nbsp; &nbsp; &nbsp;Le Salon National de Individuel,&nbsp;est report\u00e9 au mois de&nbsp;f\u00e9vrier 2021 et se tiendra \u00e0 Limoges. &nbsp; &nbsp; &nbsp; &nbsp; La version papier de vos&nbsp;photos s\u00e9lectionn\u00e9es,&nbsp;devra&#46;&#46;&#46;<\/p>\n","protected":false},"author":29,"featured_media":11702,"comment_status":"closed","ping_status":"closed","sticky":false,"template":"","format":"standard","meta":{"_acf_changed":false,"_oasis_is_in_workflow":0,"_oasis_original":0,"_uag_custom_page_level_css":"","footnotes":""},"categories":[115],"tags":[],"class_list":["post-11703","post","type-post","status-publish","format-standard","has-post-thumbnail","hentry","category-info-oi"],"acf":[],"uagb_featured_image_src":{"full":["https:\/\/oi-paris.com\/wordpress\/wp-content\/uploads\/2020\/07\/Smile.jpg",225,225,false],"thumbnail":["https:\/\/oi-paris.com\/wordpress\/wp-content\/uploads\/2020\/07\/Smile.jpg",150,150,false],"medium":["https:\/\/oi-paris.com\/wordpress\/wp-content\/uploads\/2020\/07\/Smile.jpg",225,225,false],"medium_large":["https:\/\/oi-paris.com\/wordpress\/wp-content\/uploads\/2020\/07\/Smile.jpg",225,225,false],"large":["https:\/\/oi-paris.com\/wordpress\/wp-content\/uploads\/2020\/07\/Smile.jpg",225,225,false],"1536x1536":["https:\/\/oi-paris.com\/wordpress\/wp-content\/uploads\/2020\/07\/Smile.jpg",225,225,false],"2048x2048":["https:\/\/oi-paris.com\/wordpress\/wp-content\/uploads\/2020\/07\/Smile.jpg",225,225,false],"thumb-small":["https:\/\/oi-paris.com\/wordpress\/wp-content\/uploads\/2020\/07\/Smile.jpg",80,80,false],"thumb-standard":["https:\/\/oi-paris.com\/wordpress\/wp-content\/uploads\/2020\/07\/Smile.jpg",225,225,false],"thumb-medium":["https:\/\/oi-paris.com\/wordpress\/wp-content\/uploads\/2020\/07\/Smile.jpg",225,225,false],"thumb-large":["https:\/\/oi-paris.com\/wordpress\/wp-content\/uploads\/2020\/07\/Smile.jpg",225,225,false],"thumb-xlarge":["https:\/\/oi-paris.com\/wordpress\/wp-content\/uploads\/2020\/07\/Smile.jpg",225,225,false],"thumb-xxlarge":["https:\/\/oi-paris.com\/wordpress\/wp-content\/uploads\/2020\/07\/Smile.jpg",225,225,false],"mailpoet_newsletter_max":["https:\/\/oi-paris.com\/wordpress\/wp-content\/uploads\/2020\/07\/Smile.jpg",225,225,false]},"uagb_author_info":{"display_name":"Corinne Cominelli","author_link":"https:\/\/oi-paris.com\/wordpress\/author\/corinne-cominelli\/"},"uagb_comment_info":0,"uagb_excerpt":"&nbsp; &nbsp; &nbsp; &nbsp; &nbsp; &nbsp; &nbsp; &nbsp; &nbsp; &nbsp;Le Salon National de Individuel,&nbsp;est report\u00e9 au mois de&nbsp;f\u00e9vrier 2021 et se tiendra \u00e0 Limoges. &nbsp; &nbsp; &nbsp; &nbsp; La version papier de vos&nbsp;photos s\u00e9lectionn\u00e9es,&nbsp;devra&#46;&#46;&#46;","_links":{"self":[{"href":"https:\/\/oi-paris.com\/wordpress\/wp-json\/wp\/v2\/posts\/11703","targetHints":{"allow":["GET"]}}],"collection":[{"href":"https:\/\/oi-paris.com\/wordpress\/wp-json\/wp\/v2\/posts"}],"about":[{"href":"https:\/\/oi-paris.com\/wordpress\/wp-json\/wp\/v2\/types\/post"}],"author":[{"embeddable":true,"href":"https:\/\/oi-paris.com\/wordpress\/wp-json\/wp\/v2\/users\/29"}],"replies":[{"embeddable":true,"href":"https:\/\/oi-paris.com\/wordpress\/wp-json\/wp\/v2\/comments?post=11703"}],"version-history":[{"count":6,"href":"https:\/\/oi-paris.com\/wordpress\/wp-json\/wp\/v2\/posts\/11703\/revisions"}],"predecessor-version":[{"id":11723,"href":"https:\/\/oi-paris.com\/wordpress\/wp-json\/wp\/v2\/posts\/11703\/revisions\/11723"}],"wp:featuredmedia":[{"embeddable":true,"href":"https:\/\/oi-paris.com\/wordpress\/wp-json\/wp\/v2\/media\/11702"}],"wp:attachment":[{"href":"https:\/\/oi-paris.com\/wordpress\/wp-json\/wp\/v2\/media?parent=11703"}],"wp:term":[{"taxonomy":"category","embeddable":true,"href":"https:\/\/oi-paris.com\/wordpress\/wp-json\/wp\/v2\/categories?post=11703"},{"taxonomy":"post_tag","embeddable":true,"href":"https:\/\/oi-paris.com\/wordpress\/wp-json\/wp\/v2\/tags?post=11703"}],"curies":[{"name":"wp","href":"https:\/\/api.w.org\/{rel}","templated":true}]}}