{"id":12796,"date":"2021-03-10T19:50:00","date_gmt":"2021-03-10T18:50:00","guid":{"rendered":"https:\/\/oi-paris.com\/wordpress\/?p=12796"},"modified":"2021-03-11T09:28:49","modified_gmt":"2021-03-11T08:28:49","slug":"sortie-photos-du-14-mars","status":"publish","type":"post","link":"https:\/\/oi-paris.com\/wordpress\/2021\/03\/10\/sortie-photos-du-14-mars\/","title":{"rendered":"Sortie photos du 14 mars"},"content":{"rendered":"\n<p>RV le dimanche 14 mars \u00e0 14h30 \u00e0 l&#8217;entr\u00e9e principale du cimeti\u00e8re de Montparnasse, bd Edgar Quinet. Nous nous baladerons dans le cimeti\u00e8re pendant environ 1h30 puis traverserons la Place de Catalogne pour nous rendre Place de S\u00e9oul o\u00f9 nous pourrons photographier les immeubles appel\u00e9s \u201cles Echelles du Baroque\u201c con\u00e7us par Ricardo Bofill.<\/p>\n\n\n\n<p>M\u00e9tro : Edgar Quinet ou Raspail<\/p>\n\n\n\n<p>Pour vous inscrire : <a href=\"https:\/\/oi-paris.com\/wordpress\/events\/sortie-photos-du-14-mars\/\">https:\/\/oi-paris.com\/wordpress\/events\/sortie-photos-du-14-mars\/<\/a><\/p>\n\n\n\n<p><\/p>\n\n\n\n<p><img loading=\"lazy\" decoding=\"async\" class=\"alignnone size-full wp-image-12799\" src=\"https:\/\/oi-paris.com\/wordpress\/wp-content\/uploads\/2021\/02\/FDP_1095.jpg\" alt=\"\" width=\"1618\" height=\"1080\" \/><\/p>\n","protected":false},"excerpt":{"rendered":"<p>RV le dimanche 14 mars \u00e0 14h30 \u00e0 l&#8217;entr\u00e9e principale du cimeti\u00e8re de Montparnasse, bd Edgar Quinet. Nous nous baladerons dans le cimeti\u00e8re pendant environ 1h30 puis traverserons la Place de Catalogne pour nous&#46;&#46;&#46;<\/p>\n","protected":false},"author":30,"featured_media":12799,"comment_status":"closed","ping_status":"closed","sticky":false,"template":"","format":"standard","meta":{"_acf_changed":false,"_oasis_is_in_workflow":0,"_oasis_original":0,"_uag_custom_page_level_css":"","footnotes":""},"categories":[10],"tags":[],"class_list":["post-12796","post","type-post","status-publish","format-standard","has-post-thumbnail","hentry","category-sortie-photo"],"acf":[],"uagb_featured_image_src":{"full":["https:\/\/oi-paris.com\/wordpress\/wp-content\/uploads\/2021\/02\/FDP_1095.jpg",1618,1080,false],"thumbnail":["https:\/\/oi-paris.com\/wordpress\/wp-content\/uploads\/2021\/02\/FDP_1095.jpg",150,100,false],"medium":["https:\/\/oi-paris.com\/wordpress\/wp-content\/uploads\/2021\/02\/FDP_1095.jpg",300,200,false],"medium_large":["https:\/\/oi-paris.com\/wordpress\/wp-content\/uploads\/2021\/02\/FDP_1095.jpg",768,513,false],"large":["https:\/\/oi-paris.com\/wordpress\/wp-content\/uploads\/2021\/02\/FDP_1095.jpg",1024,684,false],"1536x1536":["https:\/\/oi-paris.com\/wordpress\/wp-content\/uploads\/2021\/02\/FDP_1095.jpg",1536,1025,false],"2048x2048":["https:\/\/oi-paris.com\/wordpress\/wp-content\/uploads\/2021\/02\/FDP_1095.jpg",1618,1080,false],"thumb-small":["https:\/\/oi-paris.com\/wordpress\/wp-content\/uploads\/2021\/02\/FDP_1095.jpg",80,53,false],"thumb-standard":["https:\/\/oi-paris.com\/wordpress\/wp-content\/uploads\/2021\/02\/FDP_1095.jpg",320,214,false],"thumb-medium":["https:\/\/oi-paris.com\/wordpress\/wp-content\/uploads\/2021\/02\/FDP_1095.jpg",367,245,false],"thumb-large":["https:\/\/oi-paris.com\/wordpress\/wp-content\/uploads\/2021\/02\/FDP_1095.jpg",509,340,false],"thumb-xlarge":["https:\/\/oi-paris.com\/wordpress\/wp-content\/uploads\/2021\/02\/FDP_1095.jpg",674,450,false],"thumb-xxlarge":["https:\/\/oi-paris.com\/wordpress\/wp-content\/uploads\/2021\/02\/FDP_1095.jpg",749,500,false],"mailpoet_newsletter_max":["https:\/\/oi-paris.com\/wordpress\/wp-content\/uploads\/2021\/02\/FDP_1095.jpg",1320,881,false]},"uagb_author_info":{"display_name":"Florence de Pr\u00e9ville-Rivoire","author_link":"https:\/\/oi-paris.com\/wordpress\/author\/florence-p\/"},"uagb_comment_info":0,"uagb_excerpt":"RV le dimanche 14 mars \u00e0 14h30 \u00e0 l&#8217;entr\u00e9e principale du cimeti\u00e8re de Montparnasse, bd Edgar Quinet. Nous nous baladerons dans le cimeti\u00e8re pendant environ 1h30 puis traverserons la Place de Catalogne pour nous&#46;&#46;&#46;","_links":{"self":[{"href":"https:\/\/oi-paris.com\/wordpress\/wp-json\/wp\/v2\/posts\/12796","targetHints":{"allow":["GET"]}}],"collection":[{"href":"https:\/\/oi-paris.com\/wordpress\/wp-json\/wp\/v2\/posts"}],"about":[{"href":"https:\/\/oi-paris.com\/wordpress\/wp-json\/wp\/v2\/types\/post"}],"author":[{"embeddable":true,"href":"https:\/\/oi-paris.com\/wordpress\/wp-json\/wp\/v2\/users\/30"}],"replies":[{"embeddable":true,"href":"https:\/\/oi-paris.com\/wordpress\/wp-json\/wp\/v2\/comments?post=12796"}],"version-history":[{"count":6,"href":"https:\/\/oi-paris.com\/wordpress\/wp-json\/wp\/v2\/posts\/12796\/revisions"}],"predecessor-version":[{"id":12962,"href":"https:\/\/oi-paris.com\/wordpress\/wp-json\/wp\/v2\/posts\/12796\/revisions\/12962"}],"wp:featuredmedia":[{"embeddable":true,"href":"https:\/\/oi-paris.com\/wordpress\/wp-json\/wp\/v2\/media\/12799"}],"wp:attachment":[{"href":"https:\/\/oi-paris.com\/wordpress\/wp-json\/wp\/v2\/media?parent=12796"}],"wp:term":[{"taxonomy":"category","embeddable":true,"href":"https:\/\/oi-paris.com\/wordpress\/wp-json\/wp\/v2\/categories?post=12796"},{"taxonomy":"post_tag","embeddable":true,"href":"https:\/\/oi-paris.com\/wordpress\/wp-json\/wp\/v2\/tags?post=12796"}],"curies":[{"name":"wp","href":"https:\/\/api.w.org\/{rel}","templated":true}]}}