{"id":13130,"date":"2021-04-13T15:00:53","date_gmt":"2021-04-13T13:00:53","guid":{"rendered":"https:\/\/oi-paris.com\/wordpress\/?p=13130"},"modified":"2021-04-16T19:09:53","modified_gmt":"2021-04-16T17:09:53","slug":"sortie-photos-du-samedi-24-avril-2021","status":"publish","type":"post","link":"https:\/\/oi-paris.com\/wordpress\/2021\/04\/13\/sortie-photos-du-samedi-24-avril-2021\/","title":{"rendered":"Sortie photos du samedi 24 avril 2021"},"content":{"rendered":"\n<p>Notre prochaine sortie photos nous am\u00e8nera \u00e0 d\u00e9couvrir le mini-quartier de la butte Bergeyre, ses petites maisons, ses escaliers, son point de vue&#8230; <br>Puis nous photographierons le parc des Buttes Chaumont, ce jardin \u00e0 l&#8217;anglaise imitant un paysage de montagne avec ses rochers, ses falaises, ses torrents, grotte, cascades, etc&#8230;<br>Le RV est donn\u00e9 au M\u00e9tro Bolivar (station de la ligne 7 bis) \u00e0 14h30 le samedi 24 avril 2021.<br>Pour vous inscrire : <a href=\"https:\/\/oi-paris.com\/wordpress\/events\/sortie-photo-bolivar-buttes-chaumont\/\">Sortie Photo<\/a><br><br><\/p>\n\n\n\n<figure class=\"wp-block-image\"><img decoding=\"async\" src=\"https:\/\/oi-paris.com\/wordpress\/wp-content\/uploads\/2021\/04\/FDP_2526.jpg\" alt=\"\"\/><\/figure>\n","protected":false},"excerpt":{"rendered":"<p>Notre prochaine sortie photos nous am\u00e8nera \u00e0 d\u00e9couvrir le mini-quartier de la butte Bergeyre, ses petites maisons, ses escaliers, son point de vue&#8230; Puis nous photographierons le parc des Buttes Chaumont, ce jardin \u00e0&#46;&#46;&#46;<\/p>\n","protected":false},"author":30,"featured_media":13133,"comment_status":"closed","ping_status":"closed","sticky":false,"template":"","format":"standard","meta":{"_acf_changed":false,"_oasis_is_in_workflow":0,"_oasis_original":0,"_uag_custom_page_level_css":"","footnotes":""},"categories":[10],"tags":[],"class_list":["post-13130","post","type-post","status-publish","format-standard","has-post-thumbnail","hentry","category-sortie-photo"],"acf":[],"uagb_featured_image_src":{"full":["https:\/\/oi-paris.com\/wordpress\/wp-content\/uploads\/2021\/04\/FDP_2526.jpg",1716,1080,false],"thumbnail":["https:\/\/oi-paris.com\/wordpress\/wp-content\/uploads\/2021\/04\/FDP_2526.jpg",150,94,false],"medium":["https:\/\/oi-paris.com\/wordpress\/wp-content\/uploads\/2021\/04\/FDP_2526.jpg",300,189,false],"medium_large":["https:\/\/oi-paris.com\/wordpress\/wp-content\/uploads\/2021\/04\/FDP_2526.jpg",768,483,false],"large":["https:\/\/oi-paris.com\/wordpress\/wp-content\/uploads\/2021\/04\/FDP_2526.jpg",1024,644,false],"1536x1536":["https:\/\/oi-paris.com\/wordpress\/wp-content\/uploads\/2021\/04\/FDP_2526.jpg",1536,967,false],"2048x2048":["https:\/\/oi-paris.com\/wordpress\/wp-content\/uploads\/2021\/04\/FDP_2526.jpg",1716,1080,false],"thumb-small":["https:\/\/oi-paris.com\/wordpress\/wp-content\/uploads\/2021\/04\/FDP_2526.jpg",80,50,false],"thumb-standard":["https:\/\/oi-paris.com\/wordpress\/wp-content\/uploads\/2021\/04\/FDP_2526.jpg",320,201,false],"thumb-medium":["https:\/\/oi-paris.com\/wordpress\/wp-content\/uploads\/2021\/04\/FDP_2526.jpg",389,245,false],"thumb-large":["https:\/\/oi-paris.com\/wordpress\/wp-content\/uploads\/2021\/04\/FDP_2526.jpg",540,340,false],"thumb-xlarge":["https:\/\/oi-paris.com\/wordpress\/wp-content\/uploads\/2021\/04\/FDP_2526.jpg",715,450,false],"thumb-xxlarge":["https:\/\/oi-paris.com\/wordpress\/wp-content\/uploads\/2021\/04\/FDP_2526.jpg",794,500,false],"mailpoet_newsletter_max":["https:\/\/oi-paris.com\/wordpress\/wp-content\/uploads\/2021\/04\/FDP_2526.jpg",1320,831,false]},"uagb_author_info":{"display_name":"Florence de Pr\u00e9ville-Rivoire","author_link":"https:\/\/oi-paris.com\/wordpress\/author\/florence-p\/"},"uagb_comment_info":0,"uagb_excerpt":"Notre prochaine sortie photos nous am\u00e8nera \u00e0 d\u00e9couvrir le mini-quartier de la butte Bergeyre, ses petites maisons, ses escaliers, son point de vue&#8230; Puis nous photographierons le parc des Buttes Chaumont, ce jardin \u00e0&#46;&#46;&#46;","_links":{"self":[{"href":"https:\/\/oi-paris.com\/wordpress\/wp-json\/wp\/v2\/posts\/13130","targetHints":{"allow":["GET"]}}],"collection":[{"href":"https:\/\/oi-paris.com\/wordpress\/wp-json\/wp\/v2\/posts"}],"about":[{"href":"https:\/\/oi-paris.com\/wordpress\/wp-json\/wp\/v2\/types\/post"}],"author":[{"embeddable":true,"href":"https:\/\/oi-paris.com\/wordpress\/wp-json\/wp\/v2\/users\/30"}],"replies":[{"embeddable":true,"href":"https:\/\/oi-paris.com\/wordpress\/wp-json\/wp\/v2\/comments?post=13130"}],"version-history":[{"count":3,"href":"https:\/\/oi-paris.com\/wordpress\/wp-json\/wp\/v2\/posts\/13130\/revisions"}],"predecessor-version":[{"id":13171,"href":"https:\/\/oi-paris.com\/wordpress\/wp-json\/wp\/v2\/posts\/13130\/revisions\/13171"}],"wp:featuredmedia":[{"embeddable":true,"href":"https:\/\/oi-paris.com\/wordpress\/wp-json\/wp\/v2\/media\/13133"}],"wp:attachment":[{"href":"https:\/\/oi-paris.com\/wordpress\/wp-json\/wp\/v2\/media?parent=13130"}],"wp:term":[{"taxonomy":"category","embeddable":true,"href":"https:\/\/oi-paris.com\/wordpress\/wp-json\/wp\/v2\/categories?post=13130"},{"taxonomy":"post_tag","embeddable":true,"href":"https:\/\/oi-paris.com\/wordpress\/wp-json\/wp\/v2\/tags?post=13130"}],"curies":[{"name":"wp","href":"https:\/\/api.w.org\/{rel}","templated":true}]}}