{"id":13611,"date":"2021-11-30T20:54:45","date_gmt":"2021-11-30T19:54:45","guid":{"rendered":"https:\/\/oi-paris.com\/wordpress\/?p=13611"},"modified":"2021-12-03T11:32:54","modified_gmt":"2021-12-03T10:32:54","slug":"sortie-photos-le-samedi-11-decembre-2021-a-17h-paris-la-defense","status":"publish","type":"post","link":"https:\/\/oi-paris.com\/wordpress\/2021\/11\/30\/sortie-photos-le-samedi-11-decembre-2021-a-17h-paris-la-defense\/","title":{"rendered":"Sortie photos le samedi 11 d\u00e9cembre 2021 \u00e0 17h &#8211; Paris La D\u00e9fense"},"content":{"rendered":"\n<p>Le th\u00e8me de l&#8217;ann\u00e9e d&#8217;Objectif Images est \u201cla nuit\u201c. Nous allons profiter du march\u00e9 de No\u00ebl de la D\u00e9fense avec ses 7 900m2 et ses 150 exposants  pour photographier la nuit. Il y en aura pour tous les go\u00fbts avec l&#8217;architecture de la D\u00e9fense, la photos de rue autour du march\u00e9 et bien s\u00fbr, la nuit.<br>RV le samedi 11 d\u00e9cembre \u00e0 17h \u00e0 la sortie du m\u00e9tro sur le parvis de la D\u00e9fense.<\/p>\n\n\n\n<p>Pour l&#8217;acc\u00e8s au march\u00e9 Pass Sanitaire et masque obligatoire.<\/p>\n\n\n\n<p><a href=\"https:\/\/oi-paris.com\/wordpress\/events\/sortie-photo-marche-de-noel-paris-la-defense\/\">Inscription<\/a><\/p>\n\n\n\n<figure class=\"wp-block-image size-full\"><img loading=\"lazy\" decoding=\"async\" width=\"721\" height=\"1080\" src=\"https:\/\/oi-paris.com\/wordpress\/wp-content\/uploads\/2021\/12\/image.jpeg\" alt=\"\" class=\"wp-image-13617\"\/><\/figure>\n\n\n","protected":false},"excerpt":{"rendered":"<p>Le th\u00e8me de l&#8217;ann\u00e9e d&#8217;Objectif Images est \u201cla nuit\u201c. Nous allons profiter du march\u00e9 de No\u00ebl de la D\u00e9fense avec ses 7 900m2 et ses 150 exposants pour photographier la nuit. Il y en&#46;&#46;&#46;<\/p>\n","protected":false},"author":30,"featured_media":13616,"comment_status":"closed","ping_status":"closed","sticky":false,"template":"","format":"standard","meta":{"_acf_changed":false,"_oasis_is_in_workflow":0,"_oasis_original":0,"_uag_custom_page_level_css":"","footnotes":""},"categories":[10],"tags":[],"class_list":["post-13611","post","type-post","status-publish","format-standard","has-post-thumbnail","hentry","category-sortie-photo"],"acf":[],"uagb_featured_image_src":{"full":["https:\/\/oi-paris.com\/wordpress\/wp-content\/uploads\/2021\/11\/FDP_3184.jpg",721,1080,false],"thumbnail":["https:\/\/oi-paris.com\/wordpress\/wp-content\/uploads\/2021\/11\/FDP_3184.jpg",100,150,false],"medium":["https:\/\/oi-paris.com\/wordpress\/wp-content\/uploads\/2021\/11\/FDP_3184.jpg",200,300,false],"medium_large":["https:\/\/oi-paris.com\/wordpress\/wp-content\/uploads\/2021\/11\/FDP_3184.jpg",721,1080,false],"large":["https:\/\/oi-paris.com\/wordpress\/wp-content\/uploads\/2021\/11\/FDP_3184.jpg",684,1024,false],"1536x1536":["https:\/\/oi-paris.com\/wordpress\/wp-content\/uploads\/2021\/11\/FDP_3184.jpg",721,1080,false],"2048x2048":["https:\/\/oi-paris.com\/wordpress\/wp-content\/uploads\/2021\/11\/FDP_3184.jpg",721,1080,false],"thumb-small":["https:\/\/oi-paris.com\/wordpress\/wp-content\/uploads\/2021\/11\/FDP_3184.jpg",53,80,false],"thumb-standard":["https:\/\/oi-paris.com\/wordpress\/wp-content\/uploads\/2021\/11\/FDP_3184.jpg",214,320,false],"thumb-medium":["https:\/\/oi-paris.com\/wordpress\/wp-content\/uploads\/2021\/11\/FDP_3184.jpg",164,245,false],"thumb-large":["https:\/\/oi-paris.com\/wordpress\/wp-content\/uploads\/2021\/11\/FDP_3184.jpg",227,340,false],"thumb-xlarge":["https:\/\/oi-paris.com\/wordpress\/wp-content\/uploads\/2021\/11\/FDP_3184.jpg",300,450,false],"thumb-xxlarge":["https:\/\/oi-paris.com\/wordpress\/wp-content\/uploads\/2021\/11\/FDP_3184.jpg",334,500,false],"mailpoet_newsletter_max":["https:\/\/oi-paris.com\/wordpress\/wp-content\/uploads\/2021\/11\/FDP_3184.jpg",721,1080,false]},"uagb_author_info":{"display_name":"Florence de Pr\u00e9ville-Rivoire","author_link":"https:\/\/oi-paris.com\/wordpress\/author\/florence-p\/"},"uagb_comment_info":0,"uagb_excerpt":"Le th\u00e8me de l&#8217;ann\u00e9e d&#8217;Objectif Images est \u201cla nuit\u201c. Nous allons profiter du march\u00e9 de No\u00ebl de la D\u00e9fense avec ses 7 900m2 et ses 150 exposants pour photographier la nuit. Il y en&#46;&#46;&#46;","_links":{"self":[{"href":"https:\/\/oi-paris.com\/wordpress\/wp-json\/wp\/v2\/posts\/13611","targetHints":{"allow":["GET"]}}],"collection":[{"href":"https:\/\/oi-paris.com\/wordpress\/wp-json\/wp\/v2\/posts"}],"about":[{"href":"https:\/\/oi-paris.com\/wordpress\/wp-json\/wp\/v2\/types\/post"}],"author":[{"embeddable":true,"href":"https:\/\/oi-paris.com\/wordpress\/wp-json\/wp\/v2\/users\/30"}],"replies":[{"embeddable":true,"href":"https:\/\/oi-paris.com\/wordpress\/wp-json\/wp\/v2\/comments?post=13611"}],"version-history":[{"count":4,"href":"https:\/\/oi-paris.com\/wordpress\/wp-json\/wp\/v2\/posts\/13611\/revisions"}],"predecessor-version":[{"id":13634,"href":"https:\/\/oi-paris.com\/wordpress\/wp-json\/wp\/v2\/posts\/13611\/revisions\/13634"}],"wp:featuredmedia":[{"embeddable":true,"href":"https:\/\/oi-paris.com\/wordpress\/wp-json\/wp\/v2\/media\/13616"}],"wp:attachment":[{"href":"https:\/\/oi-paris.com\/wordpress\/wp-json\/wp\/v2\/media?parent=13611"}],"wp:term":[{"taxonomy":"category","embeddable":true,"href":"https:\/\/oi-paris.com\/wordpress\/wp-json\/wp\/v2\/categories?post=13611"},{"taxonomy":"post_tag","embeddable":true,"href":"https:\/\/oi-paris.com\/wordpress\/wp-json\/wp\/v2\/tags?post=13611"}],"curies":[{"name":"wp","href":"https:\/\/api.w.org\/{rel}","templated":true}]}}