{"id":13644,"date":"2021-12-09T14:24:00","date_gmt":"2021-12-09T13:24:00","guid":{"rendered":"https:\/\/oi-paris.com\/wordpress\/?p=13644"},"modified":"2021-12-11T12:22:24","modified_gmt":"2021-12-11T11:22:24","slug":"le-1er-mardi-du-mois-de-decembre-2","status":"publish","type":"post","link":"https:\/\/oi-paris.com\/wordpress\/2021\/12\/09\/le-1er-mardi-du-mois-de-decembre-2\/","title":{"rendered":"Le 1er mardi du mois de D\u00e9cembre"},"content":{"rendered":"\n<p>Nous \u00e9tions 35 adh\u00e9rents pour cette s\u00e9ance. Trois nouveaux nous ont rejoints. Bienvenue \u00e0 Adriana, Andr\u00e9a et Laura ! C&#8217;\u00e9tait un premier mardi festif autour du traditionnel Beaujolais nouveau de Jean-Paul.<\/p>\n<p>\u00a0<\/p>\n<p><strong>La Vie au Club\u00a0<\/strong><\/p>\n<ul>\n<li>Florence organise une sortie photo le 11 d\u00e9cembre \u00e0 17 h \u00e0 la D\u00e9fense autour du\u00a0 March\u00e9 de No\u00ebl et des tours. Vous pouvez vous inscrire sur le site.<\/li>\n<li>Le 15 d\u00e9cembre, c&#8217;est le Mardi technique. Une conf\u00e9rence sur le th\u00e8me &#8221; La Nuit en photographie&#8221; sera anim\u00e9e par Pierre Soyer.<\/li>\n<\/ul>\n<p style=\"text-align: center;\"><img loading=\"lazy\" decoding=\"async\" class=\"alignnone  wp-image-13664\" src=\"https:\/\/oi-paris.com\/wordpress\/wp-content\/uploads\/2021\/12\/He\u0301le\u0300ne-Lefelle.jpg\" alt=\"\" width=\"360\" height=\"239\" \/><\/p>\n<ul>\n<li>L&#8217; Atelier Culture de l&#8217;Image n&#8217;aura pas lieu le 21 d\u00e9cembre, (trop proche des f\u00eates).<\/li>\n<li>Le\u00a0 28 d\u00e9cembre se tiendra l&#8217;Atelier Cr\u00e9ation de l&#8217;Audiovisuel.<\/li>\n<li>Le jury d\u00e9signera le laur\u00e9at du prix Betoux le samedi 11 d\u00e9cembre au Club, rue Brillat Savarin.<\/li>\n<\/ul>\n<p>\u00a0<\/p>\n<p><strong>Les expos<\/strong><\/p>\n<ul>\n<li>&#8220;Le Monde&#8221; selon Steve McCurry au Mus\u00e9e Maillol jusqu&#8217;au 29 mai 2022.<\/li>\n<li>Antoine d&#8217;Agata \u00e0 la Galerie des Filles du Calvaire.<\/li>\n<li>Samuel Fosso \u00e0 La MEP jusqu&#8217;au 13 mars 2022.<\/li>\n<\/ul>\n<p style=\"text-align: center;\"><img loading=\"lazy\" decoding=\"async\" class=\"alignnone  wp-image-13666\" src=\"https:\/\/oi-paris.com\/wordpress\/wp-content\/uploads\/2021\/12\/Le-Chef-Samuel-Fosso-1-1-1024x996-1.jpg\" alt=\"\" width=\"264\" height=\"257\" \/><\/p>\n<ul>\n<li>Annie et Josef Albers, &#8220;L&#8217;art et la vie&#8221; au Mus\u00e9e d&#8217;Art Moderne de Paris jusqu&#8217;au 9 janvier 2022.<\/li>\n<li>William Klein, &#8220;Fashion+Klein&#8221; \u00e0 la Galerie Polka jusqu&#8217;au 15 janvier 2022.<\/li>\n<li>Les &#8220;Chefs-d&#8217;oeuvre photographiques du MOMA&#8221;, la collection de Thomas Walter au Mus\u00e9e du Jeu de Paume jusqu&#8217;au 13 f\u00e9vrier 2022.<\/li>\n<li>Jean-Fran\u00e7ois Spricigo, &#8220;Sarabande&#8221; \u00e0 la Camera Obscura jusqu&#8217;au 29 janvier 2022.<\/li>\n<\/ul>\n<p style=\"text-align: center;\"><img loading=\"lazy\" decoding=\"async\" class=\"alignnone  wp-image-13667\" src=\"https:\/\/oi-paris.com\/wordpress\/wp-content\/uploads\/2021\/12\/1564209154.jpg\" alt=\"\" width=\"462\" height=\"175\" \/><\/p>\n<ul>\n<li>Vivian Maier au Mus\u00e9e du Luxembourg jusqu&#8217;au 16 janvier 2022.<\/li>\n<\/ul>\n<p>\u00a0<\/p>\n<p><strong>On se\u00a0 fait une petite Toile<\/strong><\/p>\n<ul>\n<li>&#8220;Aline&#8221; de Val\u00e8rie Lemercier avec Val\u00e9rie Lemercier, Sylvain Marcel, Danielle Fichaud.<\/li>\n<li>&#8220;Supr\u00eames&#8221; d&#8217;Audrey Estrougo, film biographique sur le groupe de RAP NTM.<\/li>\n<li>&#8220;House of Gucci&#8221; de Ridley Scott avec Lady Gaga et Adam Driver.<\/li>\n<\/ul>\n<p>\u00a0<\/p>\n<p><strong>Carte Blanche \u00e0<\/strong><\/p>\n<p>Fabien Mirmizan. Il nous pr\u00e9sente un livre qui sans doute va l&#8217;inspirer dans sa photographie : &#8221; En l&#8217;Etat&#8221; de\u00a0 Franck G\u00e9rard. L&#8217;absurde et l&#8217;humour y sont tr\u00e8s pr\u00e9sents avec parfois une teinte de po\u00e9sie. Tr\u00e8s int\u00e9ressant et dr\u00f4le.<\/p>\n<p><img loading=\"lazy\" decoding=\"async\" class=\"wp-image-13659 aligncenter\" src=\"https:\/\/oi-paris.com\/wordpress\/wp-content\/uploads\/2021\/12\/00-COUV.jpg\" alt=\"\" width=\"239\" height=\"336\" \/><\/p>\n<p><strong>L&#8217;Auberge Espagnole<\/strong><\/p>\n<ul>\n<li>PMA : 4C<\/li>\n<li>Roger : 1NB, 3C<\/li>\n<li>Fabien : 4C<\/li>\n<li>Andr\u00e9 : 4C<\/li>\n<li>Philippe Bernet : 4NB<\/li>\n<li>Christelle : 4C<\/li>\n<li>1 Diaporama de Massimilo Falsetto<\/li>\n<li>Philippe de DG : 1C, 3NB<\/li>\n<li>Fatma : 3C<\/li>\n<li>Florence : 4C<\/li>\n<li>H\u00e9l\u00e8ne L. : 2 NB, 2C<\/li>\n<li>JPP : 4C<\/li>\n<li>Jean-Pierre C. :1NB, 3C<\/li>\n<li>Mchel Brisson : 2NB, 2C<\/li>\n<li>Michel : 4NB<\/li>\n<li>Miguel : 2NB, 2C<\/li>\n<li>Jean Claude : 3C, 1Diaporama<\/li>\n<li>Sebastien : 4C<\/li>\n<li>Sophie : 4C<\/li>\n<li>St\u00e9phane : 1 NB, 4C<\/li>\n<li>Taraneh : 3NB, 1C<\/li>\n<li>Yannick : 4C<\/li>\n<\/ul>\n<p>\u00a0<\/p>\n<p>C&#8217;est Miguel qui a \u00e9t\u00e9 \u00e9lu pour son portrait en noir et blanc r\u00e9alis\u00e9 dans un ch\u00e2teau abandonn\u00e9. Bravo !<\/p>\n<p>Tous se sont retrouv\u00e9s autour du Beaujolais nouveau &#8220;DEPARDON&#8221; apport\u00e9 par Jean-Paul. C&#8217;\u00e9tait la f\u00eate.<br \/>Nous nous retrouverons d\u00e9but 2022 autour d&#8217;une galette.<\/p>\n<p>De joyeuses f\u00eates \u00e0 vous tous !<\/p>\n<p>\u00a0<\/p>\n<p><br \/><br \/>\u00a0 \u00a0<\/p>\n\n\n","protected":false},"excerpt":{"rendered":"","protected":false},"author":16,"featured_media":13658,"comment_status":"closed","ping_status":"closed","sticky":false,"template":"","format":"standard","meta":{"_acf_changed":false,"_oasis_is_in_workflow":0,"_oasis_original":0,"_uag_custom_page_level_css":"","footnotes":""},"categories":[8],"tags":[],"class_list":["post-13644","post","type-post","status-publish","format-standard","has-post-thumbnail","hentry","category-mardi-doi"],"acf":[],"uagb_featured_image_src":{"full":["https:\/\/oi-paris.com\/wordpress\/wp-content\/uploads\/2021\/12\/Miguel-02-1.jpg",1920,1280,false],"thumbnail":["https:\/\/oi-paris.com\/wordpress\/wp-content\/uploads\/2021\/12\/Miguel-02-1.jpg",150,100,false],"medium":["https:\/\/oi-paris.com\/wordpress\/wp-content\/uploads\/2021\/12\/Miguel-02-1.jpg",300,200,false],"medium_large":["https:\/\/oi-paris.com\/wordpress\/wp-content\/uploads\/2021\/12\/Miguel-02-1.jpg",768,512,false],"large":["https:\/\/oi-paris.com\/wordpress\/wp-content\/uploads\/2021\/12\/Miguel-02-1.jpg",1024,683,false],"1536x1536":["https:\/\/oi-paris.com\/wordpress\/wp-content\/uploads\/2021\/12\/Miguel-02-1.jpg",1536,1024,false],"2048x2048":["https:\/\/oi-paris.com\/wordpress\/wp-content\/uploads\/2021\/12\/Miguel-02-1.jpg",1920,1280,false],"thumb-small":["https:\/\/oi-paris.com\/wordpress\/wp-content\/uploads\/2021\/12\/Miguel-02-1.jpg",80,53,false],"thumb-standard":["https:\/\/oi-paris.com\/wordpress\/wp-content\/uploads\/2021\/12\/Miguel-02-1.jpg",320,213,false],"thumb-medium":["https:\/\/oi-paris.com\/wordpress\/wp-content\/uploads\/2021\/12\/Miguel-02-1.jpg",368,245,false],"thumb-large":["https:\/\/oi-paris.com\/wordpress\/wp-content\/uploads\/2021\/12\/Miguel-02-1.jpg",510,340,false],"thumb-xlarge":["https:\/\/oi-paris.com\/wordpress\/wp-content\/uploads\/2021\/12\/Miguel-02-1.jpg",675,450,false],"thumb-xxlarge":["https:\/\/oi-paris.com\/wordpress\/wp-content\/uploads\/2021\/12\/Miguel-02-1.jpg",750,500,false],"mailpoet_newsletter_max":["https:\/\/oi-paris.com\/wordpress\/wp-content\/uploads\/2021\/12\/Miguel-02-1.jpg",1320,880,false]},"uagb_author_info":{"display_name":"Helene Lefelle","author_link":"https:\/\/oi-paris.com\/wordpress\/author\/helene\/"},"uagb_comment_info":0,"uagb_excerpt":null,"_links":{"self":[{"href":"https:\/\/oi-paris.com\/wordpress\/wp-json\/wp\/v2\/posts\/13644","targetHints":{"allow":["GET"]}}],"collection":[{"href":"https:\/\/oi-paris.com\/wordpress\/wp-json\/wp\/v2\/posts"}],"about":[{"href":"https:\/\/oi-paris.com\/wordpress\/wp-json\/wp\/v2\/types\/post"}],"author":[{"embeddable":true,"href":"https:\/\/oi-paris.com\/wordpress\/wp-json\/wp\/v2\/users\/16"}],"replies":[{"embeddable":true,"href":"https:\/\/oi-paris.com\/wordpress\/wp-json\/wp\/v2\/comments?post=13644"}],"version-history":[{"count":24,"href":"https:\/\/oi-paris.com\/wordpress\/wp-json\/wp\/v2\/posts\/13644\/revisions"}],"predecessor-version":[{"id":13679,"href":"https:\/\/oi-paris.com\/wordpress\/wp-json\/wp\/v2\/posts\/13644\/revisions\/13679"}],"wp:featuredmedia":[{"embeddable":true,"href":"https:\/\/oi-paris.com\/wordpress\/wp-json\/wp\/v2\/media\/13658"}],"wp:attachment":[{"href":"https:\/\/oi-paris.com\/wordpress\/wp-json\/wp\/v2\/media?parent=13644"}],"wp:term":[{"taxonomy":"category","embeddable":true,"href":"https:\/\/oi-paris.com\/wordpress\/wp-json\/wp\/v2\/categories?post=13644"},{"taxonomy":"post_tag","embeddable":true,"href":"https:\/\/oi-paris.com\/wordpress\/wp-json\/wp\/v2\/tags?post=13644"}],"curies":[{"name":"wp","href":"https:\/\/api.w.org\/{rel}","templated":true}]}}