{"id":13739,"date":"2022-01-06T16:37:11","date_gmt":"2022-01-06T15:37:11","guid":{"rendered":"https:\/\/oi-paris.com\/wordpress\/?p=13739"},"modified":"2022-01-12T19:14:43","modified_gmt":"2022-01-12T18:14:43","slug":"le-1er-mardi-du-mois-de-janvier-2","status":"publish","type":"post","link":"https:\/\/oi-paris.com\/wordpress\/2022\/01\/06\/le-1er-mardi-du-mois-de-janvier-2\/","title":{"rendered":"Le 1er Mardi du Mois de Janvier"},"content":{"rendered":"\n<p>Quelques nouvelles en ce d\u00e9but d&#8217;ann\u00e9e :<\/p>\n<p>Une bien triste nouvelle : B\u00e9n\u00e9dicte vient de perdre son p\u00e8re\u00a0 et nous lui transmettons nos condol\u00e9ances.<\/p>\n<p>Encore sous le signe du Covid Omicron, pas de cr\u00eapes, ni de galette au Club !\u00a0<\/p>\n<p style=\"text-align: left;\">Bienvenue \u00e0 Pascale, directrice des ressources humaines \u00e0 la Poste : elle d\u00e9cerne la M\u00e9daille du Travail \u00e0 Denis qui, d\u00e9s le d\u00e9but de sa carri\u00e8re s&#8217;est mis au service des associations de la Poste. F\u00e9licitations !<\/p>\n<p><img loading=\"lazy\" decoding=\"async\" class=\" wp-image-13753\" src=\"https:\/\/oi-paris.com\/wordpress\/wp-content\/uploads\/2022\/01\/IMG_20220104_193058.jpg\" alt=\"\" width=\"365\" height=\"274\" \/><\/p>\n<p><strong>La Vie Au Club<\/strong><\/p>\n<ul>\n<li>Florence organise une sortie photo le 29 janvier au Palais de Tokyo : c&#8217;est le 18\u00e8me anniversaire des spectacles de cracheurs de feu.<\/li>\n<\/ul>\n<p style=\"text-align: center;\"><img loading=\"lazy\" decoding=\"async\" class=\"alignnone  wp-image-13768\" src=\"https:\/\/oi-paris.com\/wordpress\/wp-content\/uploads\/2022\/01\/images.jpg\" alt=\"\" width=\"282\" height=\"424\" \/><\/p>\n<ul>\n<li>Miguel organise aussi une sortie Urbex le matin du 29 janvier pour s&#8217;initier au lightpainting.<\/li>\n<li>Christelle organise un montage vid\u00e9o pour ceux qui le veulent sur le &#8220;film \u00e9ph\u00e9m\u00e8re&#8221;.<\/li>\n<li>Le 4\u00e8me mardi, c&#8217;est celui de l&#8217;Audio Visuel.<\/li>\n<li>Une demande est faite pour un approfondissement\u00a0 des connaissances sur le logiciel PTE.<\/li>\n<li>Le prochain mardi technique aura pour sujets : &#8220;apprendre \u00e0 photographier en &#8220;Nuit Am\u00e9ricaine &#8220;et le Light Painting&#8221;.<\/li>\n<li>Marie-Claire demande \u00e0 alimenter sa biblioth\u00e8que qui en a bien besoin.<\/li>\n<\/ul>\n<p><strong>Les expos \u00e0 voir<\/strong><\/p>\n<ul>\n<li>Florence participe \u00e0 une exposition collective\u00a0 du 18 janvier au 5 f\u00e9vrier &#8221; Le R\u00e9el &amp; au-del\u00e0&#8221; \u00e0 la Galerie des Photographes, 29 rue Keller. Le vernissage aura lieu le 20 janvier \u00e0 partir de 18h.<\/li>\n<li>&#8220;Le Monde&#8221; de Steve McCurry au Mus\u00e9e Maillol jusqu&#8217;au 29 mai 2022.<\/li>\n<\/ul>\n<p style=\"text-align: center;\"><img loading=\"lazy\" decoding=\"async\" class=\"alignnone  wp-image-13769\" src=\"https:\/\/oi-paris.com\/wordpress\/wp-content\/uploads\/2022\/01\/images-1.jpg\" alt=\"\" width=\"458\" height=\"305\" \/><\/p>\n<ul>\n<li>&#8220;Enfin le Cin\u00e9ma ! Arts, images et spectacles en France (1833-1907) &#8221; au Mus\u00e9e d&#8217;Orsay jusqu&#8217;au 16 janvier.<\/li>\n<li>&#8221; Ilya R\u00e9pine, peindre l&#8217;\u00e2me russe &#8221; au Petit Palais jusqu&#8217;au 23 janvier.<\/li>\n<\/ul>\n<p><b>Les films \u00e0 voir<\/b><\/p>\n<p>Ce mois ci, Pierre-Marie nous propose 2 films :<\/p>\n<ul>\n<li>&#8220;Un H\u00e9ros&#8221; de Asghar Farhadi avec Amir Jadidi, Mohsen Tanabandeh et Sahar Goldust.<\/li>\n<li>&#8220;West Side Story&#8221; de Steven Spielberg avec Ansel Elgort, Rachel Zegler et Ariana DeBose.<\/li>\n<\/ul>\n<p><strong>Carte Blanche \u00e0<\/strong><\/p>\n<p>Miguel et son fr\u00e8re qui ont install\u00e9 un nichoir \u00e0 la fen\u00eatre de leur appartement et &#8230; les oiseaux viennent. Avec plusieurs cam\u00e9ras, ils ont film\u00e9 les all\u00e9es et venues de ces derniers avec beaucoup de d\u00e9licatesse et de po\u00e9sie : cela donne une belle vid\u00e9o &#8221; Des oiseaux \u00e0 la fen\u00eatre&#8221;. Bravo !<\/p>\n<p><strong>L&#8217;Auberge Espagnole<\/strong><\/p>\n<ul>\n<li>Yann : 4NB<\/li>\n<li>Andr\u00e9 : 4C<\/li>\n<li>Annie : 4C<\/li>\n<li>Philippe B. :\u00a0 4NB<\/li>\n<li>Jean-Pierre Cartier : 4C<\/li>\n<li>Philippe : 4NB<\/li>\n<li>J-PP : Un diaporama &#8220;l&#8217;Empire des Lumi\u00e8res&#8221;.<\/li>\n<li>St\u00e9phane Erviel : 4C\u00a0<\/li>\n<li>Fatma : 4C<\/li>\n<li>Florence : 4C\u00a0<\/li>\n<li>H\u00e9l\u00e8ne L. : 3C, 1NB\u00a0<\/li>\n<li>Jean-Claude : 4C\u00a0<\/li>\n<li>J-PP : 4C\u00a0\u00a0<\/li>\n<li>Laure : 4C<\/li>\n<li>Marie-Claire : 4C\u00a0<\/li>\n<li>Michel D. : 4C<\/li>\n<li>Jean-Pierre Cartier : 1 Diaporama, &#8220;les petits caveaux&#8221;.<\/li>\n<li>PMA : 4C<\/li>\n<li>Richard : 4C\u00a0<\/li>\n<li>Sandra : 3C<\/li>\n<li>St\u00e9phane Derny : 3C<\/li>\n<\/ul>\n<p>Avec sa photo \u00e9tonnante de structure en bambou, Richard a \u00e9t\u00e9 choisi comme adh\u00e9rent du mois. F\u00e9licitations.<\/p>\n<p>D\u00e9fiant tous les variants, nous nous donnons rendez-vous le mois prochain, le mardi 1er F\u00e9vrier.<\/p>\n<p>\u00a0<\/p>\n<p>\u00a0<\/p>\n","protected":false},"excerpt":{"rendered":"","protected":false},"author":16,"featured_media":13772,"comment_status":"closed","ping_status":"closed","sticky":false,"template":"","format":"standard","meta":{"_acf_changed":false,"_oasis_is_in_workflow":0,"_oasis_original":0,"_uag_custom_page_level_css":"","footnotes":""},"categories":[8],"tags":[],"class_list":["post-13739","post","type-post","status-publish","format-standard","has-post-thumbnail","hentry","category-mardi-doi"],"acf":[],"uagb_featured_image_src":{"full":["https:\/\/oi-paris.com\/wordpress\/wp-content\/uploads\/2022\/01\/richard0092-1.jpg",1920,1282,false],"thumbnail":["https:\/\/oi-paris.com\/wordpress\/wp-content\/uploads\/2022\/01\/richard0092-1.jpg",150,100,false],"medium":["https:\/\/oi-paris.com\/wordpress\/wp-content\/uploads\/2022\/01\/richard0092-1.jpg",300,200,false],"medium_large":["https:\/\/oi-paris.com\/wordpress\/wp-content\/uploads\/2022\/01\/richard0092-1.jpg",768,513,false],"large":["https:\/\/oi-paris.com\/wordpress\/wp-content\/uploads\/2022\/01\/richard0092-1.jpg",1024,684,false],"1536x1536":["https:\/\/oi-paris.com\/wordpress\/wp-content\/uploads\/2022\/01\/richard0092-1.jpg",1536,1026,false],"2048x2048":["https:\/\/oi-paris.com\/wordpress\/wp-content\/uploads\/2022\/01\/richard0092-1.jpg",1920,1282,false],"thumb-small":["https:\/\/oi-paris.com\/wordpress\/wp-content\/uploads\/2022\/01\/richard0092-1.jpg",80,53,false],"thumb-standard":["https:\/\/oi-paris.com\/wordpress\/wp-content\/uploads\/2022\/01\/richard0092-1.jpg",320,214,false],"thumb-medium":["https:\/\/oi-paris.com\/wordpress\/wp-content\/uploads\/2022\/01\/richard0092-1.jpg",367,245,false],"thumb-large":["https:\/\/oi-paris.com\/wordpress\/wp-content\/uploads\/2022\/01\/richard0092-1.jpg",509,340,false],"thumb-xlarge":["https:\/\/oi-paris.com\/wordpress\/wp-content\/uploads\/2022\/01\/richard0092-1.jpg",674,450,false],"thumb-xxlarge":["https:\/\/oi-paris.com\/wordpress\/wp-content\/uploads\/2022\/01\/richard0092-1.jpg",749,500,false],"mailpoet_newsletter_max":["https:\/\/oi-paris.com\/wordpress\/wp-content\/uploads\/2022\/01\/richard0092-1.jpg",1320,881,false]},"uagb_author_info":{"display_name":"Helene Lefelle","author_link":"https:\/\/oi-paris.com\/wordpress\/author\/helene\/"},"uagb_comment_info":0,"uagb_excerpt":null,"_links":{"self":[{"href":"https:\/\/oi-paris.com\/wordpress\/wp-json\/wp\/v2\/posts\/13739","targetHints":{"allow":["GET"]}}],"collection":[{"href":"https:\/\/oi-paris.com\/wordpress\/wp-json\/wp\/v2\/posts"}],"about":[{"href":"https:\/\/oi-paris.com\/wordpress\/wp-json\/wp\/v2\/types\/post"}],"author":[{"embeddable":true,"href":"https:\/\/oi-paris.com\/wordpress\/wp-json\/wp\/v2\/users\/16"}],"replies":[{"embeddable":true,"href":"https:\/\/oi-paris.com\/wordpress\/wp-json\/wp\/v2\/comments?post=13739"}],"version-history":[{"count":23,"href":"https:\/\/oi-paris.com\/wordpress\/wp-json\/wp\/v2\/posts\/13739\/revisions"}],"predecessor-version":[{"id":13774,"href":"https:\/\/oi-paris.com\/wordpress\/wp-json\/wp\/v2\/posts\/13739\/revisions\/13774"}],"wp:featuredmedia":[{"embeddable":true,"href":"https:\/\/oi-paris.com\/wordpress\/wp-json\/wp\/v2\/media\/13772"}],"wp:attachment":[{"href":"https:\/\/oi-paris.com\/wordpress\/wp-json\/wp\/v2\/media?parent=13739"}],"wp:term":[{"taxonomy":"category","embeddable":true,"href":"https:\/\/oi-paris.com\/wordpress\/wp-json\/wp\/v2\/categories?post=13739"},{"taxonomy":"post_tag","embeddable":true,"href":"https:\/\/oi-paris.com\/wordpress\/wp-json\/wp\/v2\/tags?post=13739"}],"curies":[{"name":"wp","href":"https:\/\/api.w.org\/{rel}","templated":true}]}}