{"id":13798,"date":"2022-02-07T13:57:00","date_gmt":"2022-02-07T12:57:00","guid":{"rendered":"https:\/\/oi-paris.com\/wordpress\/?p=13798"},"modified":"2025-03-07T13:01:49","modified_gmt":"2025-03-07T12:01:49","slug":"le-1er-mardi-du-mois-de-fevrier-2","status":"publish","type":"post","link":"https:\/\/oi-paris.com\/wordpress\/2022\/02\/07\/le-1er-mardi-du-mois-de-fevrier-2\/","title":{"rendered":"Le 1er Mardi du mois de F\u00e9vrier"},"content":{"rendered":"\n<p>Nous \u00e9tions 35 adh\u00e9rents. Bienvenue aux nouveaux, Michel et Branda.<\/p>\n\n\n\n<p>Beaucoup d&#8221;id\u00e9es fusent en ce d\u00e9but d&#8217;ann\u00e9e comme la reprise des expositions au Club, l&#8217;ouverture de la biblioth\u00e8que&#8230;.!<\/p>\n\n\n\n<p><strong>La Vie au Club<\/strong><\/p>\n\n\n\n<ul class=\"wp-block-list\">\n<li>Miguel propose une sortie Urbex le dimanche 13 Mars avec 2 sites \u00e0 visiter : une maison et un avion. Chic !<\/li>\n<\/ul>\n\n\n\n<figure class=\"wp-block-image\"><img loading=\"lazy\" decoding=\"async\" width=\"1920\" height=\"1080\" src=\"https:\/\/oi-paris.com\/wordpress\/wp-content\/uploads\/2022\/02\/Miguel-03-Avion.jpg\" alt=\"\" class=\"wp-image-13814\"\/><\/figure>\n\n\n\n<p class=\"has-text-align-center\"><\/p>\n\n\n\n<ul class=\"wp-block-list\">\n<li>Pour le 2\u00e8me mardi technique, une proposition : &#8220;Comment photographier en pause longue&#8221;.<\/li>\n\n\n\n<li>La biblioth\u00e8que sera ouverte de 19h \u00e0 19h30 les 2 premiers mardis du mois. Il y aura un cahier de propositions d&#8217;achats de livres.<\/li>\n\n\n\n<li>Une apr\u00e8s-midi sera propos\u00e9e pour une r\u00e9vision sur le logiciel PTE et Jean-Paul va soumettre quelques dates avec Doodle.<\/li>\n\n\n\n<li>Le 4\u00e8me mardi du mois, 12 montages audiovisuels seront pr\u00e9sent\u00e9s et nous aurons \u00e0 choisir 3 coups de coeur.<\/li>\n<\/ul>\n\n\n\n<p><strong>Les expos \u00e0 voir<\/strong><\/p>\n\n\n\n<ul class=\"wp-block-list\">\n<li>&#8220;Le\u00a0 monde de Steve McCurry&#8221; au Mus\u00e9e Maillol jusu&#8217;au 29 Mai.<\/li>\n\n\n\n<li>&#8220;Nick Brandt, &#8220;The Day may break&#8221; \u00e0 la Galerie Polka jusqu&#8217;au 12 Mars .<\/li>\n<\/ul>\n\n\n\n<figure class=\"wp-block-image\"><img loading=\"lazy\" decoding=\"async\" width=\"259\" height=\"194\" src=\"https:\/\/oi-paris.com\/wordpress\/wp-content\/uploads\/2022\/02\/download.jpg\" alt=\"\" class=\"wp-image-13816\"\/><\/figure>\n\n\n\n<p class=\"has-text-align-center\"><\/p>\n\n\n\n<ul class=\"wp-block-list\">\n<li>La collection\u00a0 Morozov. &#8220;Ic\u00f4nes de l&#8217;art moderne&#8221; \u00e0 la Fondation Vuitton jusqu&#8217;au 3 avril.<\/li>\n\n\n\n<li>Patrick Sackman &#8220;Voyages de M\u00e9moire&#8221; au Mus\u00e9e d&#8217;Art et d&#8217;Histoire du Juda\u00efsme&#8221; jusqu&#8217;au 6 mars.<\/li>\n<\/ul>\n\n\n\n<p><strong>Les Films<\/strong><\/p>\n\n\n\n<p>Pierre-Marie nous propose 4 films :<\/p>\n\n\n\n<ul class=\"wp-block-list\">\n<li>&#8220;Nightmare Alley&#8221; de Guillermo del Toro avec Bradley Cooper, Cate Blanchett et Tony Collette.<\/li>\n\n\n\n<li>&#8220;Licorice Pizza&#8221; de Paul Thomas Anderson avec Alana Haim, Cooper Hoffman et Bradley Cooper.<\/li>\n\n\n\n<li>&#8220;Ouistreham&#8221; d&#8217;Emmanuel Carr\u00e8re avec Juliette Binoche, H\u00e9l\u00e8ne Lambert et L\u00e9a Carne.<\/li>\n\n\n\n<li>&#8220;Don&#8217;t Look Up, D\u00e9ni cosmique&#8221; sur Netflix, d&#8217;Adam McKay avec Leonardo di Caprio, Jennifer Lawrence et Meryl Streep.<\/li>\n<\/ul>\n\n\n\n<p><strong>Carte Blanche<\/strong><\/p>\n\n\n\n<p>Richard nous pr\u00e9sente sa carte blanche &#8220;Ballade nocturne&#8221; \u00e0 Paris. C&#8217;est un diaporama tr\u00e8s vivant, passant des quartiers et des caf\u00e9s \u00e0 des sc\u00e8nes de rue et des portraits, du coucher de soleil \u00e0 l&#8217;aube et m\u00e9langeant la couleur et le noir et blanc. Une ballade effectivement tr\u00e8s musicale. Bravo !<\/p>\n\n\n\n<p><strong>L&#8217;Auberge Espagnole<\/strong><\/p>\n\n\n\n<ul class=\"wp-block-list\">\n<li>Laure : 1C, 3NB<\/li>\n\n\n\n<li>Jean-Pierre Cartier : 4C, 1 Diaporama<\/li>\n\n\n\n<li>Christelle : 4C<\/li>\n\n\n\n<li>Philippe : 4C<\/li>\n\n\n\n<li>Denis : 1 Diaporama<\/li>\n\n\n\n<li>St\u00e9phane Erviel 4C<\/li>\n\n\n\n<li>Fabien : 4C<\/li>\n\n\n\n<li>Florence : 4C<\/li>\n\n\n\n<li>H\u00e9l\u00e8ne : 4C<\/li>\n\n\n\n<li>Jean-Claude : 1NB, 3C<\/li>\n\n\n\n<li>Jean-Paul : 1NB, 3C,1 Diaporama<\/li>\n\n\n\n<li>Marie-Claire : 4C<\/li>\n\n\n\n<li>Michel D. : 4NB<\/li>\n\n\n\n<li>Miguel : 3C<\/li>\n\n\n\n<li>Fatma : 1 Vid\u00e9o<\/li>\n\n\n\n<li>PMA : 1c, 1 Diaporma<\/li>\n\n\n\n<li>Richard : 4C<\/li>\n\n\n\n<li>Roger : 4C<\/li>\n\n\n\n<li>S\u00e9bastien : 4C<\/li>\n\n\n\n<li>Yann : 5NB, 1C<\/li>\n<\/ul>\n\n\n\n<p>C&#8217;est S\u00e9bastien qui a \u00e9t\u00e9 choisi pour pr\u00e9senter sa Carte Blanche avec sa photo du cracheur de feu remarquablement prise. F\u00e9licitations !<\/p>\n","protected":false},"excerpt":{"rendered":"<p>Nous \u00e9tions 35 adh\u00e9rents. Bienvenue aux nouveaux, Michel et Branda. Beaucoup d&#8221;id\u00e9es fusent en ce d\u00e9but d&#8217;ann\u00e9e comme la reprise des expositions au Club, l&#8217;ouverture de la biblioth\u00e8que&#8230;.! La Vie au Club Les expos&#46;&#46;&#46;<\/p>\n","protected":false},"author":16,"featured_media":13813,"comment_status":"closed","ping_status":"closed","sticky":false,"template":"","format":"standard","meta":{"_acf_changed":false,"_oasis_is_in_workflow":0,"_oasis_original":0,"_uag_custom_page_level_css":"","footnotes":""},"categories":[8],"tags":[],"class_list":["post-13798","post","type-post","status-publish","format-standard","has-post-thumbnail","hentry","category-mardi-doi"],"acf":[],"uagb_featured_image_src":{"full":["https:\/\/oi-paris.com\/wordpress\/wp-content\/uploads\/2022\/02\/Se\u0301bastien-3.jpg",1280,1920,false],"thumbnail":["https:\/\/oi-paris.com\/wordpress\/wp-content\/uploads\/2022\/02\/Se\u0301bastien-3.jpg",100,150,false],"medium":["https:\/\/oi-paris.com\/wordpress\/wp-content\/uploads\/2022\/02\/Se\u0301bastien-3.jpg",200,300,false],"medium_large":["https:\/\/oi-paris.com\/wordpress\/wp-content\/uploads\/2022\/02\/Se\u0301bastien-3.jpg",768,1152,false],"large":["https:\/\/oi-paris.com\/wordpress\/wp-content\/uploads\/2022\/02\/Se\u0301bastien-3.jpg",683,1024,false],"1536x1536":["https:\/\/oi-paris.com\/wordpress\/wp-content\/uploads\/2022\/02\/Se\u0301bastien-3.jpg",1024,1536,false],"2048x2048":["https:\/\/oi-paris.com\/wordpress\/wp-content\/uploads\/2022\/02\/Se\u0301bastien-3.jpg",1280,1920,false],"thumb-small":["https:\/\/oi-paris.com\/wordpress\/wp-content\/uploads\/2022\/02\/Se\u0301bastien-3.jpg",53,80,false],"thumb-standard":["https:\/\/oi-paris.com\/wordpress\/wp-content\/uploads\/2022\/02\/Se\u0301bastien-3.jpg",213,320,false],"thumb-medium":["https:\/\/oi-paris.com\/wordpress\/wp-content\/uploads\/2022\/02\/Se\u0301bastien-3.jpg",163,245,false],"thumb-large":["https:\/\/oi-paris.com\/wordpress\/wp-content\/uploads\/2022\/02\/Se\u0301bastien-3.jpg",227,340,false],"thumb-xlarge":["https:\/\/oi-paris.com\/wordpress\/wp-content\/uploads\/2022\/02\/Se\u0301bastien-3.jpg",300,450,false],"thumb-xxlarge":["https:\/\/oi-paris.com\/wordpress\/wp-content\/uploads\/2022\/02\/Se\u0301bastien-3.jpg",333,500,false],"mailpoet_newsletter_max":["https:\/\/oi-paris.com\/wordpress\/wp-content\/uploads\/2022\/02\/Se\u0301bastien-3.jpg",1280,1920,false]},"uagb_author_info":{"display_name":"Helene Lefelle","author_link":"https:\/\/oi-paris.com\/wordpress\/author\/helene\/"},"uagb_comment_info":0,"uagb_excerpt":"Nous \u00e9tions 35 adh\u00e9rents. Bienvenue aux nouveaux, Michel et Branda. Beaucoup d&#8221;id\u00e9es fusent en ce d\u00e9but d&#8217;ann\u00e9e comme la reprise des expositions au Club, l&#8217;ouverture de la biblioth\u00e8que&#8230;.! La Vie au Club Les expos&#46;&#46;&#46;","_links":{"self":[{"href":"https:\/\/oi-paris.com\/wordpress\/wp-json\/wp\/v2\/posts\/13798","targetHints":{"allow":["GET"]}}],"collection":[{"href":"https:\/\/oi-paris.com\/wordpress\/wp-json\/wp\/v2\/posts"}],"about":[{"href":"https:\/\/oi-paris.com\/wordpress\/wp-json\/wp\/v2\/types\/post"}],"author":[{"embeddable":true,"href":"https:\/\/oi-paris.com\/wordpress\/wp-json\/wp\/v2\/users\/16"}],"replies":[{"embeddable":true,"href":"https:\/\/oi-paris.com\/wordpress\/wp-json\/wp\/v2\/comments?post=13798"}],"version-history":[{"count":33,"href":"https:\/\/oi-paris.com\/wordpress\/wp-json\/wp\/v2\/posts\/13798\/revisions"}],"predecessor-version":[{"id":17959,"href":"https:\/\/oi-paris.com\/wordpress\/wp-json\/wp\/v2\/posts\/13798\/revisions\/17959"}],"wp:featuredmedia":[{"embeddable":true,"href":"https:\/\/oi-paris.com\/wordpress\/wp-json\/wp\/v2\/media\/13813"}],"wp:attachment":[{"href":"https:\/\/oi-paris.com\/wordpress\/wp-json\/wp\/v2\/media?parent=13798"}],"wp:term":[{"taxonomy":"category","embeddable":true,"href":"https:\/\/oi-paris.com\/wordpress\/wp-json\/wp\/v2\/categories?post=13798"},{"taxonomy":"post_tag","embeddable":true,"href":"https:\/\/oi-paris.com\/wordpress\/wp-json\/wp\/v2\/tags?post=13798"}],"curies":[{"name":"wp","href":"https:\/\/api.w.org\/{rel}","templated":true}]}}