{"id":13902,"date":"2022-03-02T11:09:34","date_gmt":"2022-03-02T10:09:34","guid":{"rendered":"https:\/\/oi-paris.com\/wordpress\/?p=13902"},"modified":"2022-03-02T11:53:02","modified_gmt":"2022-03-02T10:53:02","slug":"sortie-photos-du-samedi-5-mars-2022","status":"publish","type":"post","link":"https:\/\/oi-paris.com\/wordpress\/2022\/03\/02\/sortie-photos-du-samedi-5-mars-2022\/","title":{"rendered":"Sortie photos du samedi 5 mars 2022"},"content":{"rendered":"\n<p>Une sortie photos sur un terrain ferm\u00e9 : la dalle des Olympiades&#8230; <br>Nous vous donnons RV \u00e0 18h15 (coucher du soleil \u00e0 18h39) au niveau du 105 rue de Tolbiac &#8211; 75013 Paris en haut des escalators. <br>Vous d\u00e9couvrirez un territoire de 12 000 habitants compl\u00e8tement pi\u00e9tonnier. Architecture, photos de rue, photos de nuit, chacun y trouvera son plaisir.<br><br>Bus : 62 &#8211; 64 &#8211; 83 Arr\u00eat : Tolbiac Baudricourt<br>M\u00e9tro : Olympiades (ligne 14) ou Tolbiac (ligne 7)<br><br><a href=\"https:\/\/oi-paris.com\/wordpress\/events\/sortie-photos-du-samedi-5-mars-2022\/\" data-type=\"URL\" data-id=\"https:\/\/oi-paris.com\/wordpress\/events\/sortie-photos-du-samedi-5-mars-2022\/\">Inscription sur le site <\/a><\/p>\n\n\n\n<figure class=\"wp-block-image size-full is-resized is-style-default\"><img loading=\"lazy\" decoding=\"async\" src=\"https:\/\/oi-paris.com\/wordpress\/wp-content\/uploads\/2022\/03\/florence-3.jpg\" alt=\"\" class=\"wp-image-13908\" width=\"608\" height=\"810\"\/><\/figure>\n","protected":false},"excerpt":{"rendered":"<p>Une sortie photos sur un terrain ferm\u00e9 : la dalle des Olympiades&#8230; Nous vous donnons RV \u00e0 18h15 (coucher du soleil \u00e0 18h39) au niveau du 105 rue de Tolbiac &#8211; 75013 Paris en&#46;&#46;&#46;<\/p>\n","protected":false},"author":30,"featured_media":13908,"comment_status":"closed","ping_status":"closed","sticky":false,"template":"","format":"standard","meta":{"_acf_changed":false,"_oasis_is_in_workflow":0,"_oasis_original":0,"_uag_custom_page_level_css":"","footnotes":""},"categories":[8],"tags":[],"class_list":["post-13902","post","type-post","status-publish","format-standard","has-post-thumbnail","hentry","category-mardi-doi"],"acf":[],"uagb_featured_image_src":{"full":["https:\/\/oi-paris.com\/wordpress\/wp-content\/uploads\/2022\/03\/florence-3.jpg",810,1080,false],"thumbnail":["https:\/\/oi-paris.com\/wordpress\/wp-content\/uploads\/2022\/03\/florence-3.jpg",113,150,false],"medium":["https:\/\/oi-paris.com\/wordpress\/wp-content\/uploads\/2022\/03\/florence-3.jpg",225,300,false],"medium_large":["https:\/\/oi-paris.com\/wordpress\/wp-content\/uploads\/2022\/03\/florence-3.jpg",768,1024,false],"large":["https:\/\/oi-paris.com\/wordpress\/wp-content\/uploads\/2022\/03\/florence-3.jpg",768,1024,false],"1536x1536":["https:\/\/oi-paris.com\/wordpress\/wp-content\/uploads\/2022\/03\/florence-3.jpg",810,1080,false],"2048x2048":["https:\/\/oi-paris.com\/wordpress\/wp-content\/uploads\/2022\/03\/florence-3.jpg",810,1080,false],"thumb-small":["https:\/\/oi-paris.com\/wordpress\/wp-content\/uploads\/2022\/03\/florence-3.jpg",60,80,false],"thumb-standard":["https:\/\/oi-paris.com\/wordpress\/wp-content\/uploads\/2022\/03\/florence-3.jpg",240,320,false],"thumb-medium":["https:\/\/oi-paris.com\/wordpress\/wp-content\/uploads\/2022\/03\/florence-3.jpg",184,245,false],"thumb-large":["https:\/\/oi-paris.com\/wordpress\/wp-content\/uploads\/2022\/03\/florence-3.jpg",255,340,false],"thumb-xlarge":["https:\/\/oi-paris.com\/wordpress\/wp-content\/uploads\/2022\/03\/florence-3.jpg",338,450,false],"thumb-xxlarge":["https:\/\/oi-paris.com\/wordpress\/wp-content\/uploads\/2022\/03\/florence-3.jpg",375,500,false],"mailpoet_newsletter_max":["https:\/\/oi-paris.com\/wordpress\/wp-content\/uploads\/2022\/03\/florence-3.jpg",810,1080,false]},"uagb_author_info":{"display_name":"Florence de Pr\u00e9ville-Rivoire","author_link":"https:\/\/oi-paris.com\/wordpress\/author\/florence-p\/"},"uagb_comment_info":0,"uagb_excerpt":"Une sortie photos sur un terrain ferm\u00e9 : la dalle des Olympiades&#8230; Nous vous donnons RV \u00e0 18h15 (coucher du soleil \u00e0 18h39) au niveau du 105 rue de Tolbiac &#8211; 75013 Paris en&#46;&#46;&#46;","_links":{"self":[{"href":"https:\/\/oi-paris.com\/wordpress\/wp-json\/wp\/v2\/posts\/13902","targetHints":{"allow":["GET"]}}],"collection":[{"href":"https:\/\/oi-paris.com\/wordpress\/wp-json\/wp\/v2\/posts"}],"about":[{"href":"https:\/\/oi-paris.com\/wordpress\/wp-json\/wp\/v2\/types\/post"}],"author":[{"embeddable":true,"href":"https:\/\/oi-paris.com\/wordpress\/wp-json\/wp\/v2\/users\/30"}],"replies":[{"embeddable":true,"href":"https:\/\/oi-paris.com\/wordpress\/wp-json\/wp\/v2\/comments?post=13902"}],"version-history":[{"count":3,"href":"https:\/\/oi-paris.com\/wordpress\/wp-json\/wp\/v2\/posts\/13902\/revisions"}],"predecessor-version":[{"id":13913,"href":"https:\/\/oi-paris.com\/wordpress\/wp-json\/wp\/v2\/posts\/13902\/revisions\/13913"}],"wp:featuredmedia":[{"embeddable":true,"href":"https:\/\/oi-paris.com\/wordpress\/wp-json\/wp\/v2\/media\/13908"}],"wp:attachment":[{"href":"https:\/\/oi-paris.com\/wordpress\/wp-json\/wp\/v2\/media?parent=13902"}],"wp:term":[{"taxonomy":"category","embeddable":true,"href":"https:\/\/oi-paris.com\/wordpress\/wp-json\/wp\/v2\/categories?post=13902"},{"taxonomy":"post_tag","embeddable":true,"href":"https:\/\/oi-paris.com\/wordpress\/wp-json\/wp\/v2\/tags?post=13902"}],"curies":[{"name":"wp","href":"https:\/\/api.w.org\/{rel}","templated":true}]}}