{"id":13928,"date":"2022-03-04T12:04:39","date_gmt":"2022-03-04T11:04:39","guid":{"rendered":"https:\/\/oi-paris.com\/wordpress\/?p=13928"},"modified":"2022-03-07T10:21:23","modified_gmt":"2022-03-07T09:21:23","slug":"le-1er-mardi-du-mois-de-mars-2","status":"publish","type":"post","link":"https:\/\/oi-paris.com\/wordpress\/2022\/03\/04\/le-1er-mardi-du-mois-de-mars-2\/","title":{"rendered":"Le 1er Mardi du mois de Mars"},"content":{"rendered":"\n<p><span style=\"color: #000000;\">Nous \u00e9tions une trentaine de participants tous sid\u00e9r\u00e9s et horrifi\u00e9s par cette actualit\u00e9 : la guerre en Ukraine d\u00e9clar\u00e9e par Poutine.<\/span><\/p>\n<p><span style=\"color: #000000;\">Nous accueillons\u00a0 R\u00e9mi et Claude, 2 nouveaux adh\u00e9rents : bienvenue.<\/span><\/p>\n<p><span style=\"color: #000000;\"><strong>La Vie au Club<\/strong><\/span><\/p>\n<ul>\n<li><span style=\"color: #000000;\">L&#8217;AG du bureau se tiendra le 28 mars \u00e0 19h30 en visio et pr\u00e9sentiel.<\/span><\/li>\n<li><span style=\"color: #000000;\">B\u00e9n\u00e9dicte donnera le dernier cours sur la photographie russe le 15 mars.<\/span><\/li>\n<li><span style=\"color: #000000;\">Vous pouvez voter pour le meilleur film des clubs OI dans le cadre du Troph\u00e9e Jean Masson en<a href=\"https:\/\/drive.google.com\/drive\/folders\/1o8IvxRhO42r_dE_wHaIN2YLtXBRp6YKZ?usp=sharing\"> cliquant sur ce lien<\/a> :\u00a0<\/span><\/li>\n<\/ul>\n<p style=\"text-align: center;\"><img loading=\"lazy\" decoding=\"async\" class=\"alignnone  wp-image-13959\" src=\"https:\/\/oi-paris.com\/wordpress\/wp-content\/uploads\/2022\/03\/Trophee-J-Masson-scaled-1.jpg\" alt=\"\" width=\"274\" height=\"270\" \/><\/p>\n<ul>\n<li>Le Club Musical recherche des photographes.<\/li>\n<li>L&#8217;Atelier Vid\u00e9o se tient le 3\u00e8me mercredi de chaque mois.<\/li>\n<li>Le 10 mars, Michel pr\u00e9sentera son film sur les Andes Boliviennes \u00e0 l&#8217;Ep\u00e9e de Bois \u00e0 20h .<\/li>\n<li>Le 13 mars, Miguel organisera une sortie URBEX.<\/li>\n<li>Le 22 mars, 4\u00e8me mardi, c&#8217;est l&#8217;atelier de Cr\u00e9ation Audiovisuelle.<\/li>\n<li>Pour le SNA, le d\u00e9p\u00f4t des photos se fera entre le 1er avril et le 1er mai. Il se tiendra \u00e0 Lyon.<\/li>\n<li>Vous pouvez envoyer vos photos \u00e0 Pierre Soyer sur le th\u00e8me de &#8220;la Nuit&#8221;pour le Printemps d&#8217;OI.<\/li>\n<li>Les Rencontres Audiovisuelles se tiendront \u00e0 Tulle le 11 Novembre.<\/li>\n<\/ul>\n<p><strong>Les Expos \u00e0 voir<\/strong><\/p>\n<ul>\n<li>Bogdan Konopka, &#8220;Notes de Lumi\u00e8re&#8221; \u00e0 La Galerie Les Douches jusqu&#8217;au 30 avril.<\/li>\n<\/ul>\n<p style=\"text-align: center;\"><img loading=\"lazy\" decoding=\"async\" class=\"alignnone  wp-image-13961\" src=\"https:\/\/oi-paris.com\/wordpress\/wp-content\/uploads\/2022\/03\/download-1.jpg\" alt=\"\" width=\"360\" height=\"224\" \/><\/p>\n<ul>\n<li>A la Fondation Cartier, l&#8217;exposition de Graciela Iturbide, &#8220;Heliotropo 37&#8221; jusqu&#8217;au 29 mai.<\/li>\n<li>Samuel Fosso \u00e0 la MEP jusqu&#8217;au 13 avril.<\/li>\n<li>Mathieu Pernot, &#8220;les Ruines de sa Demeure&#8221; \u00e0 la Fondation Cartier-Bresson jusqu&#8217;au 19 juin.<\/li>\n<li>Une exposition collective &#8220;Nuages&#8221; \u00e0 la Camera Obscura jusqu&#8217;au 2 avril .<\/li>\n<\/ul>\n<p>\u00a0<\/p>\n<p><strong>Les Films<\/strong><\/p>\n<ul>\n<li>Une s\u00e9rie Ukrainienne : &#8220;Serviteur du peuple&#8221; avec l&#8217;actuel Pr\u00e9sident de l&#8217;Ukraine Volodymyr Zelensky sur Arte TV.<\/li>\n<\/ul>\n<p style=\"text-align: center;\"><img loading=\"lazy\" decoding=\"async\" class=\"alignnone  wp-image-13962\" src=\"https:\/\/oi-paris.com\/wordpress\/wp-content\/uploads\/2022\/03\/download-2.jpg\" alt=\"\" width=\"203\" height=\"305\" \/><\/p>\n<ul>\n<li>&#8220;Les Promesses&#8221; de Thomas Kruithof avec Isabelle Hupert et Reda Kateb.<\/li>\n<li>&#8220;Un autre monde&#8221; de St\u00e9phane Briz\u00e9 avec Vincent Lindon, Sandrine Kiberlain et Anthony Bajon.<\/li>\n<li>&#8220;Compagnons&#8221; de Fran\u00e7ois Favrat avec Agn\u00e8s Jaoui, Pio Marma\u00ef et Najaa.<\/li>\n<\/ul>\n<p><strong>Carte Blanche<\/strong><\/p>\n<p>S\u00e9bastien nous pr\u00e9sente un pannel de photos de nuit extr\u00eamement vari\u00e9es : photos de rue, d&#8217;architecture, d&#8217;astronomie, de d\u00e9corations de No\u00eal,&#8230; F\u00e9licitations.<\/p>\n<p><strong>L&#8217;Auberge Espagnole<\/strong><\/p>\n<ul>\n<li>Andr\u00e9 : 1NB, 3C<\/li>\n<li>Jean-Pierre Cartier : 4C<\/li>\n<li>Christelle : 1C, 1 Diaporama<\/li>\n<li>Jean-Claude : 5C<\/li>\n<li>Denis : 4C<\/li>\n<li>Philippe de Geere : 1C, 1 Diaporama<\/li>\n<li>Stephane Erviel : 4C<\/li>\n<li>Matthieu Gautier : 4C<\/li>\n<li>Corentin Le Gall : 1 Diaporama<\/li>\n<li>Hel\u00e8ne : 4C<\/li>\n<li>Jacques Amiel: 4C<\/li>\n<li>JPP : 4C<\/li>\n<li>Laure : 1C, 3C<\/li>\n<li>Michel Peyrat : 1Diaporama<\/li>\n<li>Michel D. \/ 4C<\/li>\n<li>Miguel : 4C<\/li>\n<li>Philippe B : 4NB<\/li>\n<li>PMA : 4C<\/li>\n<li>Sandra : 4C<\/li>\n<li>S\u00e9bastien: 4C<\/li>\n<li>St\u00e9phane : 4C<\/li>\n<\/ul>\n<p>St\u00e9phane Erviel a \u00e9t\u00e9 choisie pour sa photo abstraite de nuit, pleine de myst\u00e8re, vue de chez elle. C&#8217;est elle qui nous pr\u00e9sentera sa carte blanche. F\u00e9licitations !<\/p>\n<p>A tr\u00e8s bient\u00f4t, au mois prochain !<\/p>\n<p>\u00a0<\/p>\n","protected":false},"excerpt":{"rendered":"","protected":false},"author":16,"featured_media":13957,"comment_status":"closed","ping_status":"closed","sticky":false,"template":"","format":"standard","meta":{"_acf_changed":false,"_oasis_is_in_workflow":0,"_oasis_original":0,"_uag_custom_page_level_css":"","footnotes":""},"categories":[8],"tags":[],"class_list":["post-13928","post","type-post","status-publish","format-standard","has-post-thumbnail","hentry","category-mardi-doi"],"acf":[],"uagb_featured_image_src":{"full":["https:\/\/oi-paris.com\/wordpress\/wp-content\/uploads\/2022\/03\/Erviel-Stephane-2.jpg",1920,1280,false],"thumbnail":["https:\/\/oi-paris.com\/wordpress\/wp-content\/uploads\/2022\/03\/Erviel-Stephane-2.jpg",150,100,false],"medium":["https:\/\/oi-paris.com\/wordpress\/wp-content\/uploads\/2022\/03\/Erviel-Stephane-2.jpg",300,200,false],"medium_large":["https:\/\/oi-paris.com\/wordpress\/wp-content\/uploads\/2022\/03\/Erviel-Stephane-2.jpg",768,512,false],"large":["https:\/\/oi-paris.com\/wordpress\/wp-content\/uploads\/2022\/03\/Erviel-Stephane-2.jpg",1024,683,false],"1536x1536":["https:\/\/oi-paris.com\/wordpress\/wp-content\/uploads\/2022\/03\/Erviel-Stephane-2.jpg",1536,1024,false],"2048x2048":["https:\/\/oi-paris.com\/wordpress\/wp-content\/uploads\/2022\/03\/Erviel-Stephane-2.jpg",1920,1280,false],"thumb-small":["https:\/\/oi-paris.com\/wordpress\/wp-content\/uploads\/2022\/03\/Erviel-Stephane-2.jpg",80,53,false],"thumb-standard":["https:\/\/oi-paris.com\/wordpress\/wp-content\/uploads\/2022\/03\/Erviel-Stephane-2.jpg",320,213,false],"thumb-medium":["https:\/\/oi-paris.com\/wordpress\/wp-content\/uploads\/2022\/03\/Erviel-Stephane-2.jpg",368,245,false],"thumb-large":["https:\/\/oi-paris.com\/wordpress\/wp-content\/uploads\/2022\/03\/Erviel-Stephane-2.jpg",510,340,false],"thumb-xlarge":["https:\/\/oi-paris.com\/wordpress\/wp-content\/uploads\/2022\/03\/Erviel-Stephane-2.jpg",675,450,false],"thumb-xxlarge":["https:\/\/oi-paris.com\/wordpress\/wp-content\/uploads\/2022\/03\/Erviel-Stephane-2.jpg",750,500,false],"mailpoet_newsletter_max":["https:\/\/oi-paris.com\/wordpress\/wp-content\/uploads\/2022\/03\/Erviel-Stephane-2.jpg",1320,880,false]},"uagb_author_info":{"display_name":"Helene Lefelle","author_link":"https:\/\/oi-paris.com\/wordpress\/author\/helene\/"},"uagb_comment_info":0,"uagb_excerpt":null,"_links":{"self":[{"href":"https:\/\/oi-paris.com\/wordpress\/wp-json\/wp\/v2\/posts\/13928","targetHints":{"allow":["GET"]}}],"collection":[{"href":"https:\/\/oi-paris.com\/wordpress\/wp-json\/wp\/v2\/posts"}],"about":[{"href":"https:\/\/oi-paris.com\/wordpress\/wp-json\/wp\/v2\/types\/post"}],"author":[{"embeddable":true,"href":"https:\/\/oi-paris.com\/wordpress\/wp-json\/wp\/v2\/users\/16"}],"replies":[{"embeddable":true,"href":"https:\/\/oi-paris.com\/wordpress\/wp-json\/wp\/v2\/comments?post=13928"}],"version-history":[{"count":31,"href":"https:\/\/oi-paris.com\/wordpress\/wp-json\/wp\/v2\/posts\/13928\/revisions"}],"predecessor-version":[{"id":13983,"href":"https:\/\/oi-paris.com\/wordpress\/wp-json\/wp\/v2\/posts\/13928\/revisions\/13983"}],"wp:featuredmedia":[{"embeddable":true,"href":"https:\/\/oi-paris.com\/wordpress\/wp-json\/wp\/v2\/media\/13957"}],"wp:attachment":[{"href":"https:\/\/oi-paris.com\/wordpress\/wp-json\/wp\/v2\/media?parent=13928"}],"wp:term":[{"taxonomy":"category","embeddable":true,"href":"https:\/\/oi-paris.com\/wordpress\/wp-json\/wp\/v2\/categories?post=13928"},{"taxonomy":"post_tag","embeddable":true,"href":"https:\/\/oi-paris.com\/wordpress\/wp-json\/wp\/v2\/tags?post=13928"}],"curies":[{"name":"wp","href":"https:\/\/api.w.org\/{rel}","templated":true}]}}