{"id":14048,"date":"2022-04-08T10:09:19","date_gmt":"2022-04-08T08:09:19","guid":{"rendered":"https:\/\/oi-paris.com\/wordpress\/?p=14048"},"modified":"2022-04-10T17:10:08","modified_gmt":"2022-04-10T15:10:08","slug":"le-1er-mardi-du-mois-davril-2","status":"publish","type":"post","link":"https:\/\/oi-paris.com\/wordpress\/2022\/04\/08\/le-1er-mardi-du-mois-davril-2\/","title":{"rendered":"Le 1er Mardi du mois d&#8217;Avril"},"content":{"rendered":"\n<p>En ce mois d&#8217;avril glacial, nous \u00e9tions 35\u00a0 adh\u00e9rents dans une ambiance bien chaleureuse avec une invit\u00e9e de choix : Dana Cojbuc, photographe roumaine.\u00a0<\/p>\n<p>\u00a0<\/p>\n<p><strong>La vie au club<\/strong><\/p>\n<ul>\n<li>Vous pouvez poster vos photos sur le site d&#8217;OI National pour le concours de la s\u00e9rie d&#8217;auteur jusqu&#8217;au 31 mai. Elles devront \u00eatre imprim\u00e9es avant l&#8217;\u00e9t\u00e9. Les photos s\u00e9lectionn\u00e9es seront expos\u00e9es \u00e0 Lyon.<\/li>\n<li>L&#8217;atelier vid\u00e9o se tiendra mercredi 13 avril. On y projettera le film laur\u00e9at du prix Jean Masson et on y \u00e9voquera les diff\u00e9rents projets autour des th\u00e8mes de &#8220;la Nuit&#8221; et de &#8220;Mon Quartier&#8221;.<\/li>\n<li>Dans l&#8217;atelier Culture de l&#8217;image, B\u00e9n\u00e9dicte passe\u00a0 de la Russie au Continent Africain, un cycle qui devrait durer environ 3 ans.<\/li>\n<li>Le 4\u00e8me mardi : l&#8217;Audiovisuel.<\/li>\n<li>F\u00e9licitations \u00e0 notre nouvelle Pr\u00e9sidente, Florence !<\/li>\n<li>Christelle nous pr\u00e9sente la revue Images sur la Nuit avec des photos d&#8217;Alain Cornu, Rebecca Topakian, Nicolas Rivals&#8230; et de la laur\u00e9ate du Prix Betoux, Evelyne Adnet.\u00a0<\/li>\n<\/ul>\n<p style=\"text-align: center;\"><img loading=\"lazy\" decoding=\"async\" class=\"alignnone  wp-image-14067\" src=\"https:\/\/oi-paris.com\/wordpress\/wp-content\/uploads\/2022\/04\/Couverture-IMAGES-72.jpg\" alt=\"\" width=\"248\" height=\"352\" \/><\/p>\n<ul>\n<li>Un petit groupe du Club sera pr\u00e9sent \u00e0 Arles du 6 au 10 juillet 2022. Si vous le voulez, vous pourrez les rejoindre pour visiter les expositions. Le programme figure sur le site suivant : https:\/\/www.rencontres-arles.com\/fr:expositions\/<\/li>\n<\/ul>\n<p>\u00a0<\/p>\n<p><strong>Les Expos \u00e0 voir<\/strong><\/p>\n<ul>\n<li>&#8220;Les id\u00e9es viennent la nuit&#8221; d&#8217;Erik Johansson jusqu&#8217;au 24 avril \u00e0 l&#8217;Institut Su\u00e9dois.<\/li>\n<\/ul>\n<p style=\"text-align: center;\"><img loading=\"lazy\" decoding=\"async\" class=\"alignnone  wp-image-14069\" src=\"https:\/\/oi-paris.com\/wordpress\/wp-content\/uploads\/2022\/04\/download.jpg\" alt=\"\" width=\"420\" height=\"279\" \/><\/p>\n<ul>\n<li>&#8220;Circulation(s)&#8221; Festival de la Jeune Photo Europ\u00e9enne au 104 jusqu&#8217;au29 mai.<\/li>\n<li>La Gare du Luxembourg sur le RER B expose les photographies de l&#8217;Agence Magnum.<\/li>\n<li>Les Fl\u00e2neuses&#8221; de Judith Joy Ross- photographies 1978-2015 au Bal jusqu&#8217;au 18 septembre.<\/li>\n<li>&#8220;Pionni\u00e8res&#8221; au Mus\u00e9e du Luxembourg jusqu&#8217;au 10 Juillet.<\/li>\n<li>&#8220;Expolaroid 2022&#8221; dans 35 galeries parisiennes.<\/li>\n<li>&#8220;Fant\u00f4mes&#8221; au Mus\u00e9e d&#8217;Orsay de Sophie Calle jusqu&#8217;au 12 juin.<\/li>\n<\/ul>\n<p>\u00a0<\/p>\n<p><strong>Cinema\u00a0<\/strong><\/p>\n<p>Pierre- Marie \u00e9voquera la guerre en Ukraine une fois par mois tant qu&#8217;elle durera. Voici les films qu&#8217;il nous pr\u00e9sente :<\/p>\n<ul>\n<li>Photos de &#8220;l&#8217;Holodomor&#8221; et le film &#8220;L&#8217;ombre de Staline&#8221; d&#8217;Agnieszka Holland avec James Norton et Vanessa Kirby.<\/li>\n<\/ul>\n<p style=\"text-align: center;\"><img loading=\"lazy\" decoding=\"async\" class=\"alignnone  wp-image-14070\" src=\"https:\/\/oi-paris.com\/wordpress\/wp-content\/uploads\/2022\/04\/B9723802088Z.1_20200622162258_000GJ7G743T0.3-0.jpg\" alt=\"\" width=\"438\" height=\"246\" \/><\/p>\n<ul>\n<li>&#8220;De nos fr\u00e8res bless\u00e9s&#8221; de H\u00e9lier Cisterne avec Vincent Lacoste et Vicky Krieps.<\/li>\n<li>&#8220;Goliath&#8221; de Frederic Tellier avec Gilles Lelouche, Pierre Niney et Emmanuelle Bercot.<\/li>\n<li>&#8220;A plein temps&#8221; d&#8217;Eric Gravel avec Laure Calamy.\u00a0<\/li>\n<\/ul>\n<p>\u00a0<\/p>\n<p><strong>Carte Blanche \u00e0<\/strong><\/p>\n<p>St\u00e9phane Erviel \u00e9tant absente, c&#8217;est notre invit\u00e9e Dana Cojbuc qui nous pr\u00e9sente ses photographies et ses \u0153uvres sur le temps qui passe : elle fait prendre aux personnes qu&#8217;elle photographie les m\u00eames poses que celles de leurs photos de famille des dizaines d&#8217;ann\u00e9es plus t\u00f4t. Elle nous montre \u00e9galement ses &#8220;Yggdrasils&#8221; ou &#8220;Arbres Mondes&#8221; selon la mythologie nordique, fusions de photos et de dessins. Travaux remarquables. Tr\u00e8s belle rencontre.<\/p>\n<p style=\"text-align: center;\"><img loading=\"lazy\" decoding=\"async\" class=\"alignnone  wp-image-14071\" src=\"https:\/\/oi-paris.com\/wordpress\/wp-content\/uploads\/2022\/04\/download-1.jpg\" alt=\"\" width=\"686\" height=\"255\" \/><\/p>\n<p>\u00a0<\/p>\n<p><strong>L&#8217;Auberge Espagnole<\/strong><\/p>\n<ul>\n<li>Andr\u00e9 : 4C<\/li>\n<li>Laura et Andr\u00e9a : 4C<\/li>\n<li>Annie : 4C<\/li>\n<li>Jean-Pierre : 5C<\/li>\n<li>Denis : 4C<\/li>\n<li>Philippe : 3C, 1Diaporama<\/li>\n<li>Yann : 4C<\/li>\n<li>Florence : 4C<\/li>\n<li>H\u00e9l\u00e8ne : 4C<\/li>\n<li>Jean-Claude : 4C<\/li>\n<li>Yannick : 4C<\/li>\n<li>Jean-Paul : 4C<\/li>\n<li>Laure : 1C, 3C<\/li>\n<li>R\u00e9mi : 4C<\/li>\n<li>Michel D. : 4C<\/li>\n<li>Philippe B. : 4C<\/li>\n<li>Pierre-Marie :\u00a0 4C<\/li>\n<li>S\u00e9bastien : 4C<\/li>\n<li>Sandra : 1NB, 1C<\/li>\n<li>St\u00e9phane : 2C<\/li>\n<li>Taraneh : 4C<\/li>\n<\/ul>\n<p>La photo de Pierre-Marie sur le militant d\u00e9chain\u00e9 sous le lion de Belfort a \u00e9t\u00e9 choisie. F\u00e9licitations. Il nous pr\u00e9sentera sa Carte Blanche en mai.<\/p>\n<p>A tr\u00e8s bient\u00f4t, au mois prochain.<\/p>\n<p>\u00a0<\/p>\n","protected":false},"excerpt":{"rendered":"","protected":false},"author":16,"featured_media":14068,"comment_status":"closed","ping_status":"closed","sticky":false,"template":"","format":"standard","meta":{"_acf_changed":false,"_oasis_is_in_workflow":0,"_oasis_original":0,"_uag_custom_page_level_css":"","footnotes":""},"categories":[8],"tags":[],"class_list":["post-14048","post","type-post","status-publish","format-standard","has-post-thumbnail","hentry","category-mardi-doi"],"acf":[],"uagb_featured_image_src":{"full":["https:\/\/oi-paris.com\/wordpress\/wp-content\/uploads\/2022\/04\/PMA-22-04-02.jpg",1728,1080,false],"thumbnail":["https:\/\/oi-paris.com\/wordpress\/wp-content\/uploads\/2022\/04\/PMA-22-04-02.jpg",150,94,false],"medium":["https:\/\/oi-paris.com\/wordpress\/wp-content\/uploads\/2022\/04\/PMA-22-04-02.jpg",300,188,false],"medium_large":["https:\/\/oi-paris.com\/wordpress\/wp-content\/uploads\/2022\/04\/PMA-22-04-02.jpg",768,480,false],"large":["https:\/\/oi-paris.com\/wordpress\/wp-content\/uploads\/2022\/04\/PMA-22-04-02.jpg",1024,640,false],"1536x1536":["https:\/\/oi-paris.com\/wordpress\/wp-content\/uploads\/2022\/04\/PMA-22-04-02.jpg",1536,960,false],"2048x2048":["https:\/\/oi-paris.com\/wordpress\/wp-content\/uploads\/2022\/04\/PMA-22-04-02.jpg",1728,1080,false],"thumb-small":["https:\/\/oi-paris.com\/wordpress\/wp-content\/uploads\/2022\/04\/PMA-22-04-02.jpg",80,50,false],"thumb-standard":["https:\/\/oi-paris.com\/wordpress\/wp-content\/uploads\/2022\/04\/PMA-22-04-02.jpg",320,200,false],"thumb-medium":["https:\/\/oi-paris.com\/wordpress\/wp-content\/uploads\/2022\/04\/PMA-22-04-02.jpg",392,245,false],"thumb-large":["https:\/\/oi-paris.com\/wordpress\/wp-content\/uploads\/2022\/04\/PMA-22-04-02.jpg",544,340,false],"thumb-xlarge":["https:\/\/oi-paris.com\/wordpress\/wp-content\/uploads\/2022\/04\/PMA-22-04-02.jpg",720,450,false],"thumb-xxlarge":["https:\/\/oi-paris.com\/wordpress\/wp-content\/uploads\/2022\/04\/PMA-22-04-02.jpg",800,500,false],"mailpoet_newsletter_max":["https:\/\/oi-paris.com\/wordpress\/wp-content\/uploads\/2022\/04\/PMA-22-04-02.jpg",1320,825,false]},"uagb_author_info":{"display_name":"Helene Lefelle","author_link":"https:\/\/oi-paris.com\/wordpress\/author\/helene\/"},"uagb_comment_info":0,"uagb_excerpt":null,"_links":{"self":[{"href":"https:\/\/oi-paris.com\/wordpress\/wp-json\/wp\/v2\/posts\/14048","targetHints":{"allow":["GET"]}}],"collection":[{"href":"https:\/\/oi-paris.com\/wordpress\/wp-json\/wp\/v2\/posts"}],"about":[{"href":"https:\/\/oi-paris.com\/wordpress\/wp-json\/wp\/v2\/types\/post"}],"author":[{"embeddable":true,"href":"https:\/\/oi-paris.com\/wordpress\/wp-json\/wp\/v2\/users\/16"}],"replies":[{"embeddable":true,"href":"https:\/\/oi-paris.com\/wordpress\/wp-json\/wp\/v2\/comments?post=14048"}],"version-history":[{"count":25,"href":"https:\/\/oi-paris.com\/wordpress\/wp-json\/wp\/v2\/posts\/14048\/revisions"}],"predecessor-version":[{"id":14082,"href":"https:\/\/oi-paris.com\/wordpress\/wp-json\/wp\/v2\/posts\/14048\/revisions\/14082"}],"wp:featuredmedia":[{"embeddable":true,"href":"https:\/\/oi-paris.com\/wordpress\/wp-json\/wp\/v2\/media\/14068"}],"wp:attachment":[{"href":"https:\/\/oi-paris.com\/wordpress\/wp-json\/wp\/v2\/media?parent=14048"}],"wp:term":[{"taxonomy":"category","embeddable":true,"href":"https:\/\/oi-paris.com\/wordpress\/wp-json\/wp\/v2\/categories?post=14048"},{"taxonomy":"post_tag","embeddable":true,"href":"https:\/\/oi-paris.com\/wordpress\/wp-json\/wp\/v2\/tags?post=14048"}],"curies":[{"name":"wp","href":"https:\/\/api.w.org\/{rel}","templated":true}]}}