{"id":14189,"date":"2022-05-09T11:12:03","date_gmt":"2022-05-09T09:12:03","guid":{"rendered":"https:\/\/oi-paris.com\/wordpress\/?p=14189"},"modified":"2022-05-18T21:17:53","modified_gmt":"2022-05-18T19:17:53","slug":"le-1er-mardi-du-mois-de-mai-2","status":"publish","type":"post","link":"https:\/\/oi-paris.com\/wordpress\/2022\/05\/09\/le-1er-mardi-du-mois-de-mai-2\/","title":{"rendered":"Le 1er Mardi du mois de Mai"},"content":{"rendered":"\n<p>Nous \u00e9tions une quinzaine d&#8217;adh\u00e9rents et malgr\u00e9 des soucis de visualisation, une excellente ambiance.<\/p>\n<p><strong>La Vie au Club<\/strong><\/p>\n<ul>\n<li>Des photos ont \u00e9t\u00e9 retenues pour l&#8217;exposition sur le th\u00e8me de la nuit. 18 participants seront expos\u00e9s.<br>Vous devez r\u00e9server la station d&#8217;impression et faire les Marie-Louise. Une valise en carton o\u00f9 vous pourrez mettre vos tirages sera \u00e0 disposition..<\/li>\n<li>L&#8217;accrochage se fera le samedi 14 mai.<\/li>\n<li>Le 12 Juin, Denis organise la sortie Truffaut-Doinel. D\u00e9part Gare St Lazare jusqu&#8217;\u00e0 l&#8217;arriv\u00e9e \u00e0 Montmartre. Il y a a17 lieux \u00e0 parcourir avec photos de films et quelques consignes.<\/li>\n<\/ul>\n<p>&nbsp;<\/p>\n<div id=\"attachment_14203\" style=\"width: 469px\" class=\"wp-caption aligncenter\"><img loading=\"lazy\" decoding=\"async\" aria-describedby=\"caption-attachment-14203\" class=\" wp-image-14203\" src=\"https:\/\/oi-paris.com\/wordpress\/wp-content\/uploads\/2022\/05\/baisers_voles_1968_10_0_0.jpg\" alt=\"\" width=\"459\" height=\"282\"><p id=\"caption-attachment-14203\" class=\"wp-caption-text\">Prod DB \u00a9 Films du Carrosse \/DR<br>BAISERS VOLES de Francois Truffaut 1968 FRA<\/p><\/div>\n<ul>\n<li>Jean-Claude va exposer \u00e0 Beaugency au mois de novembre.<\/li>\n<li>Malheureusement pour nous, Yannick part \u00e0 Bordeaux au mois de Juillet.<\/li>\n<li>Vous pouvez envoyer vos photos pour le SNA jusqu&#8217;au 31 mai.<\/li>\n<\/ul>\n<p><strong>Les Expos \u00e0 voir<\/strong><\/p>\n<ul>\n<li>Au Mus\u00e9e du Quai Branly : &#8220;Sur la Route des Chefferies du Cameroun&#8221; jusqu&#8217;au 17 juillet.&nbsp;<\/li>\n<li>Toujours au Mus\u00e9e du Quai Branly &#8221; Le Fil de la M\u00e9moire et autres photographies&#8221; de Dinh Q. L\u00ea jusqu&#8217;au 20 novembre.<\/li>\n<\/ul>\n<p style=\"text-align: center;\"><img loading=\"lazy\" decoding=\"async\" class=\"wp-image-14204 aligncenter\" src=\"https:\/\/oi-paris.com\/wordpress\/wp-content\/uploads\/2022\/05\/5-Dinh-Q-Le.jpg\" alt=\"\" width=\"478\" height=\"243\"><\/p>\n<ul>\n<li>A la MEP , &#8220;Love Songs photographies de l&#8217;intime&#8221; jusqu&#8217;au 21 ao\u00fbt.<\/li>\n<li>&#8220;Les Fant\u00f4mes d&#8217;Orsay&#8221; de Sophie Calle et son invit\u00e9 Jean-Paul Demoule au Mus\u00e9e d&#8217;Orsay jusqu&#8217;au 12 juin.<\/li>\n<li>&#8220;Aqua Mater&#8221; de Sebastien Salgado sur le parvis de la D\u00e9fense jusqu&#8217;au 22 septembre.<\/li>\n<li>&#8221; Femmes Photographes de Guerre&#8221;&nbsp; au Mus\u00e9e de la Lib\u00e9ration de Paris jusqu&#8217;au 31 d\u00e9cembre.<\/li>\n<\/ul>\n<p><strong>Le&nbsp; Cin\u00e9ma<\/strong><\/p>\n<p>Pierre-Marie nous parle de 3 films :<\/p>\n<ul>\n<li>Donetsk, la bataille de l&#8217;Ukraine du journaliste britannique Anthony Butts.<\/li>\n<li>&#8221; Le Monde d&#8217;hier&#8221; de Diast\u00e8me avec L\u00e9a Ducker, Denis Podalydes<\/li>\n<li>&#8220;En Corps&#8221; de C\u00e9dric Klapisch avec Marion Barbeau et Holesh Shechter.<\/li>\n<\/ul>\n<p style=\"text-align: center;\"><img loading=\"lazy\" decoding=\"async\" class=\"alignnone  wp-image-14205\" src=\"https:\/\/oi-paris.com\/wordpress\/wp-content\/uploads\/2022\/05\/download-1.jpg\" alt=\"\" width=\"250\" height=\"338\"><\/p>\n<p><strong>La Carte Blanche<\/strong><\/p>\n<p>Pierre-Marie nous parle des Blacks Panthers avec des portraits \u00e9tonnants du Photographe reporter&nbsp; Stephen Shames. il documente leur quotidien. Ce photographe nous montre aussi la violence des quartiers d\u00e9favoris\u00e9s de New-York et travaille encore actuellement pour des ONG. Bravo !<\/p>\n<p><strong>L&#8217;Auberge Espagnole<\/strong><\/p>\n<ul>\n<li>Jean-Pierre Cartier : 4C<\/li>\n<li>Denis Dugas : 4C<\/li>\n<li>Fabien Mirzayan : 4C<\/li>\n<li>Florence : 4C<\/li>\n<li>Laure : 4C<\/li>\n<li>R\u00e9mi : 4C<\/li>\n<li>Philippe Bernet : 4C&nbsp;<\/li>\n<li>PMA : 2C<\/li>\n<li>Jean-Claude : 4C<\/li>\n<li>Richard : 4C<\/li>\n<\/ul>\n<p>Yannick a \u00e9t\u00e9 choisi pour pr\u00e9senter la carte Blanche. F\u00e9licitations !!!!<\/p>\n<p>Tu vas tous nous manquer&#8230;<\/p>\n<p>Tous les adh\u00e9rents se sont retrouv\u00e9s au caf\u00e9 pour boire un dernier verre. Au mois prochain.<\/p>\n","protected":false},"excerpt":{"rendered":"","protected":false},"author":16,"featured_media":14200,"comment_status":"closed","ping_status":"closed","sticky":false,"template":"","format":"standard","meta":{"_acf_changed":false,"_oasis_is_in_workflow":0,"_oasis_original":0,"_uag_custom_page_level_css":"","footnotes":""},"categories":[8],"tags":[],"class_list":["post-14189","post","type-post","status-publish","format-standard","has-post-thumbnail","hentry","category-mardi-doi"],"acf":[],"uagb_featured_image_src":{"full":["https:\/\/oi-paris.com\/wordpress\/wp-content\/uploads\/2022\/05\/Jobard2.jpg",1620,1080,false],"thumbnail":["https:\/\/oi-paris.com\/wordpress\/wp-content\/uploads\/2022\/05\/Jobard2.jpg",150,100,false],"medium":["https:\/\/oi-paris.com\/wordpress\/wp-content\/uploads\/2022\/05\/Jobard2.jpg",300,200,false],"medium_large":["https:\/\/oi-paris.com\/wordpress\/wp-content\/uploads\/2022\/05\/Jobard2.jpg",768,512,false],"large":["https:\/\/oi-paris.com\/wordpress\/wp-content\/uploads\/2022\/05\/Jobard2.jpg",1024,683,false],"1536x1536":["https:\/\/oi-paris.com\/wordpress\/wp-content\/uploads\/2022\/05\/Jobard2.jpg",1536,1024,false],"2048x2048":["https:\/\/oi-paris.com\/wordpress\/wp-content\/uploads\/2022\/05\/Jobard2.jpg",1620,1080,false],"thumb-small":["https:\/\/oi-paris.com\/wordpress\/wp-content\/uploads\/2022\/05\/Jobard2.jpg",80,53,false],"thumb-standard":["https:\/\/oi-paris.com\/wordpress\/wp-content\/uploads\/2022\/05\/Jobard2.jpg",320,213,false],"thumb-medium":["https:\/\/oi-paris.com\/wordpress\/wp-content\/uploads\/2022\/05\/Jobard2.jpg",368,245,false],"thumb-large":["https:\/\/oi-paris.com\/wordpress\/wp-content\/uploads\/2022\/05\/Jobard2.jpg",510,340,false],"thumb-xlarge":["https:\/\/oi-paris.com\/wordpress\/wp-content\/uploads\/2022\/05\/Jobard2.jpg",675,450,false],"thumb-xxlarge":["https:\/\/oi-paris.com\/wordpress\/wp-content\/uploads\/2022\/05\/Jobard2.jpg",750,500,false],"mailpoet_newsletter_max":["https:\/\/oi-paris.com\/wordpress\/wp-content\/uploads\/2022\/05\/Jobard2.jpg",1320,880,false]},"uagb_author_info":{"display_name":"Helene Lefelle","author_link":"https:\/\/oi-paris.com\/wordpress\/author\/helene\/"},"uagb_comment_info":0,"uagb_excerpt":null,"_links":{"self":[{"href":"https:\/\/oi-paris.com\/wordpress\/wp-json\/wp\/v2\/posts\/14189","targetHints":{"allow":["GET"]}}],"collection":[{"href":"https:\/\/oi-paris.com\/wordpress\/wp-json\/wp\/v2\/posts"}],"about":[{"href":"https:\/\/oi-paris.com\/wordpress\/wp-json\/wp\/v2\/types\/post"}],"author":[{"embeddable":true,"href":"https:\/\/oi-paris.com\/wordpress\/wp-json\/wp\/v2\/users\/16"}],"replies":[{"embeddable":true,"href":"https:\/\/oi-paris.com\/wordpress\/wp-json\/wp\/v2\/comments?post=14189"}],"version-history":[{"count":20,"href":"https:\/\/oi-paris.com\/wordpress\/wp-json\/wp\/v2\/posts\/14189\/revisions"}],"predecessor-version":[{"id":14251,"href":"https:\/\/oi-paris.com\/wordpress\/wp-json\/wp\/v2\/posts\/14189\/revisions\/14251"}],"wp:featuredmedia":[{"embeddable":true,"href":"https:\/\/oi-paris.com\/wordpress\/wp-json\/wp\/v2\/media\/14200"}],"wp:attachment":[{"href":"https:\/\/oi-paris.com\/wordpress\/wp-json\/wp\/v2\/media?parent=14189"}],"wp:term":[{"taxonomy":"category","embeddable":true,"href":"https:\/\/oi-paris.com\/wordpress\/wp-json\/wp\/v2\/categories?post=14189"},{"taxonomy":"post_tag","embeddable":true,"href":"https:\/\/oi-paris.com\/wordpress\/wp-json\/wp\/v2\/tags?post=14189"}],"curies":[{"name":"wp","href":"https:\/\/api.w.org\/{rel}","templated":true}]}}