{"id":14276,"date":"2022-06-16T12:41:00","date_gmt":"2022-06-16T10:41:00","guid":{"rendered":"https:\/\/oi-paris.com\/wordpress\/?p=14276"},"modified":"2022-06-20T10:24:39","modified_gmt":"2022-06-20T08:24:39","slug":"exposition-hommage-au-photographe-geo-morange","status":"publish","type":"post","link":"https:\/\/oi-paris.com\/wordpress\/2022\/06\/16\/exposition-hommage-au-photographe-geo-morange\/","title":{"rendered":"Exposition \u00ab\u00a0Hommage au photographe Geo Morange\u00a0\u00bb"},"content":{"rendered":"\n<p><strong>\u00ab\u00a0Un regard passionn\u00e9 sur l\u2019Alg\u00e9rie\u00a0\u00bb<\/strong><\/p>\n<ul>\n<li>Qui ? Geo Morange, photographe qui animait le club des 30&#215;40 avec Jean-Claude Gautrand entre autre.<\/li>\n<li>O\u00f9 ? Centre Culturel Alg\u00e9rien 171, rue de la Croix Nivert 75015 Paris.<\/li>\n<li>Quand ? Du vendredi 10 juin 2022 au samedi 09 juillet 2022<\/li>\n<li>Ouvert de 9h00 \u00e0 17h00 tout les jours sauf le dimanche. Ent\u00e9e gratuite.<\/li>\n<li>Quoi ? 34 photographies sur la r\u00e9gion d&#8217;Alger, la Kabylie, et le sud alg\u00e9rien. Un travail documentaire et artistique.<\/li>\n<\/ul>\n<p>Geo s\u2019installe \u00e0 Alger en 1952, \u00ab pour commencer une nouvelle vie \u00bb dit-il.<br \/>Il y reste vingt ans et voyage ou se prom\u00e8ne, appareil photo \u00e0 la main. Il a gard\u00e9 dans la m\u00e9moire de son regard photographique des visages d\u2019Alger ou de Gharda\u00efa, des silhouettes arpentant les rues de la Casbah, des groupes de vieux hommes fumant au seuil des portes, les corps fr\u00eales des jeunes filles portant les cruches d\u2019eau, des sc\u00e8nes de march\u00e9 dans la ville sacr\u00e9e du M\u2019zab, les saveurs des villages kabyles et les yeux profonds de leurs habitants.<\/p>\n<p class=\"Standard\" align=\"center\"><b><span style=\"font-size: 16.0pt;\">\u00a0 \u00a0 \u00a0 \u00a0 \u00a0 \u00a0 \u00a0 \u00a0 \u00a0Biographie<\/span><\/b><\/p>\n<p class=\"Standard\"><span style=\"font-size: 16.0pt;\">1945\u00a0: Sort dipl\u00f4m\u00e9 de L\u2019\u00c9cole Normale de Clermont-Ferrand.<\/span><\/p>\n<p class=\"Standard\"><span style=\"font-size: 16.0pt;\">1945\u00a0-1952\u00a0: Exerce comme enseignant en Auvergne.<\/span><\/p>\n<p class=\"Standard\"><span style=\"font-size: 16.0pt;\">1952\u00a0: D\u00e9part en Alg\u00e9rie.<\/span><\/p>\n<p class=\"Standard\"><span style=\"font-size: 16.0pt;\">1952-1972\u00a0: Enseigne le fran\u00e7ais \u00e0 Alger.<\/span><\/p>\n<p class=\"Standard\"><span style=\"font-size: 16.0pt;\">A partir de 1954, Geo Morange commence \u00e0 photographier et parcourt l\u2019Alg\u00e9rie avec son appareil. Il fait partie du Club photographique du Centre culturel \u00e0 Alger.<\/span><\/p>\n<p class=\"Standard\"><span style=\"font-size: 16.0pt;\">1972- 1980\u00a0: De retour \u00e0 Paris, Geo enseigne le fran\u00e7ais dans la r\u00e9gion parisienne.<\/span><\/p>\n<p class=\"Standard\"><span style=\"font-size: 16.0pt;\">Il s\u2019installe \u00e0 Paris jusqu\u2019\u00e0 sa mort et se consacre en tr\u00e8s grande partie \u00e0 l\u2019art photographique.<\/span><\/p>\n<p class=\"Standard\"><span style=\"font-size: 16.0pt;\">D\u00e8s 1972, il adh\u00e8re au c\u00e9l\u00e8bre club photographique des \u00ab\u00a030&#215;40\u00a0\u00bb, dont il anime les s\u00e9ances par la suite. Il y re\u00e7oit des photographes de grande renomm\u00e9e.<\/span><\/p>\n<p class=\"Standard\"><span style=\"font-size: 16.0pt;\">Il installe son laboratoire dans lequel il d\u00e9veloppe et tire ses propres photos. Les longs s\u00e9jours en Auvergne, les voyages \u00e0 New York et en Europe nourrissent une pratique photographique intense.<\/span><\/p>\n<p class=\"Standard\"><span style=\"font-size: 16.0pt;\">2014 : Geo d\u00e9c\u00e8de \u00e0 Paris, suite \u00e0 un accident vasculaire cardiaque<\/span><\/p>\n<p class=\"Standard\" style=\"text-align: center;\"><b><span style=\"font-size: 16.0pt;\">EXPOSITIONS principales\u00a0:<\/span><\/b><\/p>\n<p class=\"Standard\"><span style=\"font-size: 16.0pt;\">1983\u00a0: ODEON PHOTO, \u00ab\u00a0Photographies 1979-1982\u00a0\u00bb<\/span><\/p>\n<p class=\"Standard\"><span style=\"font-size: 16.0pt;\">1984\u00a0: Mus\u00e9e ancien de Grignan, Centre vivant d\u2019art contemporain<\/span><\/p>\n<p class=\"Standard\"><span style=\"font-size: 16.0pt;\">1992\u00a0, 1994, 1999\u00a0: Rochefort Montagne\u00a0<\/span><\/p>\n<p class=\"Standard\"><span style=\"font-size: 16.0pt;\">1996\u00a0: Arles, C.I.C.L.<\/span><\/p>\n<p class=\"Standard\"><span style=\"font-size: 16.0pt;\">1999\u00a0: Goutti\u00e8res, Auvergne<\/span><\/p>\n<p class=\"Standard\"><span style=\"font-size: 16.0pt;\">2000\u00a0: Saint-Pardoux-et-Vielvic, en Dordogne<\/span><\/p>\n<p class=\"Standard\"><span style=\"font-size: 16.0pt;\">2009, 2012\u00a0: Sanit Pierre Roche, Puy-de-D\u00f4me<\/span><\/p>\n<p class=\"Standard\"><span style=\"font-size: 16.0pt;\">2015\u00a0: Saint Pierre Roche (exposition posthume)<\/span><\/p>\n","protected":false},"excerpt":{"rendered":"","protected":false},"author":18,"featured_media":14281,"comment_status":"closed","ping_status":"closed","sticky":false,"template":"","format":"standard","meta":{"_acf_changed":false,"_oasis_is_in_workflow":0,"_oasis_original":0,"_uag_custom_page_level_css":"","footnotes":""},"categories":[22,5],"tags":[],"class_list":["post-14276","post","type-post","status-publish","format-standard","has-post-thumbnail","hentry","category-et-si-on-allait-voir","category-exposition"],"acf":[],"uagb_featured_image_src":{"full":["https:\/\/oi-paris.com\/wordpress\/wp-content\/uploads\/2022\/06\/thumbnail_IMG-7647.jpg",904,1280,false],"thumbnail":["https:\/\/oi-paris.com\/wordpress\/wp-content\/uploads\/2022\/06\/thumbnail_IMG-7647.jpg",106,150,false],"medium":["https:\/\/oi-paris.com\/wordpress\/wp-content\/uploads\/2022\/06\/thumbnail_IMG-7647.jpg",212,300,false],"medium_large":["https:\/\/oi-paris.com\/wordpress\/wp-content\/uploads\/2022\/06\/thumbnail_IMG-7647.jpg",768,1087,false],"large":["https:\/\/oi-paris.com\/wordpress\/wp-content\/uploads\/2022\/06\/thumbnail_IMG-7647.jpg",723,1024,false],"1536x1536":["https:\/\/oi-paris.com\/wordpress\/wp-content\/uploads\/2022\/06\/thumbnail_IMG-7647.jpg",904,1280,false],"2048x2048":["https:\/\/oi-paris.com\/wordpress\/wp-content\/uploads\/2022\/06\/thumbnail_IMG-7647.jpg",904,1280,false],"thumb-small":["https:\/\/oi-paris.com\/wordpress\/wp-content\/uploads\/2022\/06\/thumbnail_IMG-7647.jpg",57,80,false],"thumb-standard":["https:\/\/oi-paris.com\/wordpress\/wp-content\/uploads\/2022\/06\/thumbnail_IMG-7647.jpg",226,320,false],"thumb-medium":["https:\/\/oi-paris.com\/wordpress\/wp-content\/uploads\/2022\/06\/thumbnail_IMG-7647.jpg",173,245,false],"thumb-large":["https:\/\/oi-paris.com\/wordpress\/wp-content\/uploads\/2022\/06\/thumbnail_IMG-7647.jpg",240,340,false],"thumb-xlarge":["https:\/\/oi-paris.com\/wordpress\/wp-content\/uploads\/2022\/06\/thumbnail_IMG-7647.jpg",318,450,false],"thumb-xxlarge":["https:\/\/oi-paris.com\/wordpress\/wp-content\/uploads\/2022\/06\/thumbnail_IMG-7647.jpg",353,500,false],"mailpoet_newsletter_max":["https:\/\/oi-paris.com\/wordpress\/wp-content\/uploads\/2022\/06\/thumbnail_IMG-7647.jpg",904,1280,false]},"uagb_author_info":{"display_name":"Christelle","author_link":"https:\/\/oi-paris.com\/wordpress\/author\/christele-b\/"},"uagb_comment_info":0,"uagb_excerpt":null,"_links":{"self":[{"href":"https:\/\/oi-paris.com\/wordpress\/wp-json\/wp\/v2\/posts\/14276","targetHints":{"allow":["GET"]}}],"collection":[{"href":"https:\/\/oi-paris.com\/wordpress\/wp-json\/wp\/v2\/posts"}],"about":[{"href":"https:\/\/oi-paris.com\/wordpress\/wp-json\/wp\/v2\/types\/post"}],"author":[{"embeddable":true,"href":"https:\/\/oi-paris.com\/wordpress\/wp-json\/wp\/v2\/users\/18"}],"replies":[{"embeddable":true,"href":"https:\/\/oi-paris.com\/wordpress\/wp-json\/wp\/v2\/comments?post=14276"}],"version-history":[{"count":6,"href":"https:\/\/oi-paris.com\/wordpress\/wp-json\/wp\/v2\/posts\/14276\/revisions"}],"predecessor-version":[{"id":14289,"href":"https:\/\/oi-paris.com\/wordpress\/wp-json\/wp\/v2\/posts\/14276\/revisions\/14289"}],"wp:featuredmedia":[{"embeddable":true,"href":"https:\/\/oi-paris.com\/wordpress\/wp-json\/wp\/v2\/media\/14281"}],"wp:attachment":[{"href":"https:\/\/oi-paris.com\/wordpress\/wp-json\/wp\/v2\/media?parent=14276"}],"wp:term":[{"taxonomy":"category","embeddable":true,"href":"https:\/\/oi-paris.com\/wordpress\/wp-json\/wp\/v2\/categories?post=14276"},{"taxonomy":"post_tag","embeddable":true,"href":"https:\/\/oi-paris.com\/wordpress\/wp-json\/wp\/v2\/tags?post=14276"}],"curies":[{"name":"wp","href":"https:\/\/api.w.org\/{rel}","templated":true}]}}