{"id":15384,"date":"2023-09-14T01:09:22","date_gmt":"2023-09-13T23:09:22","guid":{"rendered":"https:\/\/oi-paris.com\/wordpress\/?p=15384"},"modified":"2023-09-14T01:09:24","modified_gmt":"2023-09-13T23:09:24","slug":"sortie-photo-a-la-cite-glaciere","status":"publish","type":"post","link":"https:\/\/oi-paris.com\/wordpress\/2023\/09\/14\/sortie-photo-a-la-cite-glaciere\/","title":{"rendered":"Sortie photo \u00e0 la cit\u00e9 Glaci\u00e8re"},"content":{"rendered":"\n<p>Rendez-vous le dimanche 17 septembre \u00e0 partir de 14h30  devant le  Centre Paris Anim&#8217; Victoire Tinayre (Paris 13\u00e8me).<\/p>\n\n\n\n<p>Vous r\u00e9aliserez un <strong>reportage photo qui aura pour th\u00e8me &#8220;l&#8217;ensemble et le d\u00e9tail&#8221;<\/strong> en vous appuyant sur l&#8217;architecture ext\u00e9rieure (immeubles d\u2019habitation, commerces, jardins\u2026) de l\u2019ensemble de la Cit\u00e9 Glaci\u00e8re.<strong> Le Centre Paris Anim&#8217; Victoire Tinayre \u00e9tant ferm\u00e9 le dimanche il ne sera pas possible de faire des photos des activit\u00e9s (<\/strong>Si vous le souhaitez, vous pourrez continuer le reportage sur le centre et son quartier \u00e0 l&#8217;occasion de la F\u00eate du quartier Glaci\u00e8re qui aura lieu le samedi 23 septembre de 14h \u00e0 21h).<\/p>\n\n\n\n<p>L\u2019ensemble Glaci\u00e8re-Daviel de l\u2019\u00eelot Bi\u00e8vre, est un exemple embl\u00e9matique de la production de logement social des ann\u00e9es 60. La restructuration du site qui s\u2019est inscrit dans le Plan Climat de la ville de Paris, offre une nouvelle \u00e9criture architecturale des fa\u00e7ades en redonnant force et identit\u00e9 \u00e0 cette unit\u00e9 d\u2019habitation tout en respectant l\u2019esprit initial. Au total, le programme compte 819 logements, des commerces, un th\u00e9\u00e2tre et un centre d\u2019animations, reli\u00e9s dans une composition g\u00e9om\u00e9trique autour de deux axes majeurs convergeant vers les lieux de rencontre.<\/p>\n\n\n\n<p>Pour s&#8217;inscrire c&#8217;est <strong><a href=\"https:\/\/oi-paris.com\/wordpress\/events\/sortie-oi-a-lilot-glaciere-2\/\">ICI <\/a><\/strong><\/p>\n","protected":false},"excerpt":{"rendered":"<p>Rendez-vous le dimanche 17 septembre \u00e0 partir de 14h30 devant le Centre Paris Anim&#8217; Victoire Tinayre (Paris 13\u00e8me). Vous r\u00e9aliserez un reportage photo qui aura pour th\u00e8me &#8220;l&#8217;ensemble et le d\u00e9tail&#8221; en vous appuyant&#46;&#46;&#46;<\/p>\n","protected":false},"author":31,"featured_media":15508,"comment_status":"closed","ping_status":"closed","sticky":false,"template":"","format":"standard","meta":{"_acf_changed":false,"_oasis_is_in_workflow":0,"_oasis_original":0,"_uag_custom_page_level_css":"","footnotes":""},"categories":[115,10],"tags":[],"class_list":["post-15384","post","type-post","status-publish","format-standard","has-post-thumbnail","hentry","category-info-oi","category-sortie-photo"],"acf":[],"uagb_featured_image_src":{"full":["https:\/\/oi-paris.com\/wordpress\/wp-content\/uploads\/2023\/05\/Cite-Glaciere.jpg",1400,935,false],"thumbnail":["https:\/\/oi-paris.com\/wordpress\/wp-content\/uploads\/2023\/05\/Cite-Glaciere.jpg",150,100,false],"medium":["https:\/\/oi-paris.com\/wordpress\/wp-content\/uploads\/2023\/05\/Cite-Glaciere.jpg",300,200,false],"medium_large":["https:\/\/oi-paris.com\/wordpress\/wp-content\/uploads\/2023\/05\/Cite-Glaciere.jpg",768,513,false],"large":["https:\/\/oi-paris.com\/wordpress\/wp-content\/uploads\/2023\/05\/Cite-Glaciere.jpg",1024,684,false],"1536x1536":["https:\/\/oi-paris.com\/wordpress\/wp-content\/uploads\/2023\/05\/Cite-Glaciere.jpg",1400,935,false],"2048x2048":["https:\/\/oi-paris.com\/wordpress\/wp-content\/uploads\/2023\/05\/Cite-Glaciere.jpg",1400,935,false],"thumb-small":["https:\/\/oi-paris.com\/wordpress\/wp-content\/uploads\/2023\/05\/Cite-Glaciere.jpg",80,53,false],"thumb-standard":["https:\/\/oi-paris.com\/wordpress\/wp-content\/uploads\/2023\/05\/Cite-Glaciere.jpg",320,214,false],"thumb-medium":["https:\/\/oi-paris.com\/wordpress\/wp-content\/uploads\/2023\/05\/Cite-Glaciere.jpg",367,245,false],"thumb-large":["https:\/\/oi-paris.com\/wordpress\/wp-content\/uploads\/2023\/05\/Cite-Glaciere.jpg",509,340,false],"thumb-xlarge":["https:\/\/oi-paris.com\/wordpress\/wp-content\/uploads\/2023\/05\/Cite-Glaciere.jpg",674,450,false],"thumb-xxlarge":["https:\/\/oi-paris.com\/wordpress\/wp-content\/uploads\/2023\/05\/Cite-Glaciere.jpg",749,500,false],"mailpoet_newsletter_max":["https:\/\/oi-paris.com\/wordpress\/wp-content\/uploads\/2023\/05\/Cite-Glaciere.jpg",1320,882,false]},"uagb_author_info":{"display_name":"SOPHIE HERAIL","author_link":"https:\/\/oi-paris.com\/wordpress\/author\/herailsophie\/"},"uagb_comment_info":0,"uagb_excerpt":"Rendez-vous le dimanche 17 septembre \u00e0 partir de 14h30 devant le Centre Paris Anim&#8217; Victoire Tinayre (Paris 13\u00e8me). Vous r\u00e9aliserez un reportage photo qui aura pour th\u00e8me &#8220;l&#8217;ensemble et le d\u00e9tail&#8221; en vous appuyant&#46;&#46;&#46;","_links":{"self":[{"href":"https:\/\/oi-paris.com\/wordpress\/wp-json\/wp\/v2\/posts\/15384","targetHints":{"allow":["GET"]}}],"collection":[{"href":"https:\/\/oi-paris.com\/wordpress\/wp-json\/wp\/v2\/posts"}],"about":[{"href":"https:\/\/oi-paris.com\/wordpress\/wp-json\/wp\/v2\/types\/post"}],"author":[{"embeddable":true,"href":"https:\/\/oi-paris.com\/wordpress\/wp-json\/wp\/v2\/users\/31"}],"replies":[{"embeddable":true,"href":"https:\/\/oi-paris.com\/wordpress\/wp-json\/wp\/v2\/comments?post=15384"}],"version-history":[{"count":7,"href":"https:\/\/oi-paris.com\/wordpress\/wp-json\/wp\/v2\/posts\/15384\/revisions"}],"predecessor-version":[{"id":15852,"href":"https:\/\/oi-paris.com\/wordpress\/wp-json\/wp\/v2\/posts\/15384\/revisions\/15852"}],"wp:featuredmedia":[{"embeddable":true,"href":"https:\/\/oi-paris.com\/wordpress\/wp-json\/wp\/v2\/media\/15508"}],"wp:attachment":[{"href":"https:\/\/oi-paris.com\/wordpress\/wp-json\/wp\/v2\/media?parent=15384"}],"wp:term":[{"taxonomy":"category","embeddable":true,"href":"https:\/\/oi-paris.com\/wordpress\/wp-json\/wp\/v2\/categories?post=15384"},{"taxonomy":"post_tag","embeddable":true,"href":"https:\/\/oi-paris.com\/wordpress\/wp-json\/wp\/v2\/tags?post=15384"}],"curies":[{"name":"wp","href":"https:\/\/api.w.org\/{rel}","templated":true}]}}