{"id":15450,"date":"2023-05-04T10:40:00","date_gmt":"2023-05-04T08:40:00","guid":{"rendered":"https:\/\/oi-paris.com\/wordpress\/?p=15450"},"modified":"2023-05-07T11:23:15","modified_gmt":"2023-05-07T09:23:15","slug":"le-1er-mardi-du-mois-de-mai-3","status":"publish","type":"post","link":"https:\/\/oi-paris.com\/wordpress\/2023\/05\/04\/le-1er-mardi-du-mois-de-mai-3\/","title":{"rendered":"Le 1er Mardi du mois de mai"},"content":{"rendered":"\n\n\n<p>Pour ce mois de mai, nous \u00e9tions une vingtaine de participants. Bienvenue \u00e0 Jeannine et Yannick, nos deux nouveaux adh\u00e9rents.<\/p>\n<p><strong>La Vie au Club<\/strong><\/p>\n<ul>\n<li>Il y a une cinquantaine de clubs d&#8217;Objectif Image dans toute le France. Des rencontres photos, vid\u00e9o, diaporamas &#8230; se tiennent dans ces diff\u00e9rents lieux. Vous pouvez aussi participer \u00e0 des concours (le SNA, le SNI, le prix Betoux). Des stages photos sont aussi organis\u00e9s par OI National. Tous les adh\u00e9rents peuvent y participer en s&#8217;inscrivant sur le site OI National.<\/li>\n<li>Actuellement, vous pouvez envoyer vos s\u00e9ries pour le SNA jusqu&#8217;au 31 mai. L&#8217;exposition des photos et la remise des prix se d\u00e9rouleront au club d&#8217;Orl\u00e9ans.<\/li>\n<li>Jean-Christophe B\u00e9chet s&#8217;est lanc\u00e9 dans un nouveau projet de livre : &#8220;Sauvage Mat\u00e9rialit\u00e9&#8221;. Vous pouvez aller sur cette adresse pour en voir la r\u00e9alisation https:\/\/fr.ulule.com\/sauvage-materialite\/.<\/li>\n<li>Vernissage de l&#8217;expo &#8220;Regards du Monde&#8221; le jeudi 11 mai \u00e0 18h au Centre Victoire Tynaire, 24 rue Daviel 75013 Paris. Il ya une dizaine de participants d&#8217;OI Paris.<\/li>\n<li>R\u00e9union le vendredi 12 mai \u00e0 19h en vue d&#8217;une exposition sur les sorties photos \u00e0 la Poterne qui aura lieu en juin : les participants\u00a0 aux sorties photos depuis octobre 2022 peuvent y pr\u00e9senter 5 photos. 35 photos seront retenues.<\/li>\n<li>Le dernier n\u00b0 de la revue Images est sorti et son th\u00e8me est bien \u00e9videmment &#8220;La M\u00e9tamorphose&#8221;.<\/li>\n<\/ul>\n<p style=\"text-align: center;\"><img loading=\"lazy\" decoding=\"async\" class=\"alignnone  wp-image-15479\" src=\"https:\/\/oi-paris.com\/wordpress\/wp-content\/uploads\/2023\/05\/ImageN\u00b073-398x597-1.jpg\" alt=\"\" width=\"232\" height=\"348\" \/><\/p>\n<ul>\n<li>La Soci\u00e9t\u00e9 Artistique demande \u00e0 l&#8217;\u00e9quipe de vid\u00e9astes de leur r\u00e9aliser une vid\u00e9o sur leurs activit\u00e9s le 1er week-end de juillet.<\/li>\n<li>Une sortie photo est organis\u00e9e par Isabelle Joubert le 27 mai \u00e0 14h au M\u00e9tro Couronne au Parc de Belleville, le sujet \u00e9tant le portrait en milieu naturel.<\/li>\n<\/ul>\n<p><strong>Les Expos \u00e0 voir<\/strong><\/p>\n<ul>\n<li>Exposition Bernard Plossu : &#8220;Les ann\u00e9es am\u00e9ricaines&#8221; \u00e0 la Galerie du Jour Agnes B jusqu&#8217;au 28 mai.<\/li>\n<li>&#8220;Ouvrir l&#8217;Album du Monde&#8221;, photographies (1842-1911) au mus\u00e9e du Quai Branly jusqu&#8217;au 2 juillet.<\/li>\n<li>Ken Domon &#8211; Le ma\u00eetre du r\u00e9alisme japonais \u00e0 la Maison du Japon jusqu&#8217;au12 juillet 2023.<\/li>\n<li>Elliot Erwittt &#8211; R\u00e9trospective au mus\u00e9e Maillol jusqu&#8217;au 15 ao\u00fbt.<\/li>\n<\/ul>\n<p><strong>On se fait une toile<\/strong><\/p>\n<ul>\n<li>Toujours les derni\u00e8res nouvelles de l&#8217;Ukraine.<\/li>\n<li>&#8220;Donjons &amp; Dragons : l&#8217;honneur des voleurs&#8221; de Jonathan Goldstein avec Chris Pine et Michelle Rodriguez.<\/li>\n<li style=\"text-align: left;\">&#8220;Suzume&#8221;, dessin anim\u00e9 de Makoto Shinkai.<\/li>\n<\/ul>\n<p style=\"text-align: center;\"><img loading=\"lazy\" decoding=\"async\" class=\"alignnone  wp-image-15478\" src=\"https:\/\/oi-paris.com\/wordpress\/wp-content\/uploads\/2023\/05\/images.jpg\" alt=\"\" width=\"188\" height=\"255\" \/><\/p>\n<ul>\n<li>&#8220;La derni\u00e8re Reine&#8221; de Damien Ounouri Avec Adila Bendimerad et Mohamed Tahar Zaoui.<\/li>\n<\/ul>\n<p><strong>Carte Blanche \u00e0<\/strong><\/p>\n<p>Philippe Bernet.<\/p>\n<p>Il nous pr\u00e9sente : Ma petite histoire photographique.<\/p>\n<p>Tr\u00e8s int\u00e9ressante puisque il met en parall\u00e8le ses appareils de photo depuis ses d\u00e9buts et les photos qu&#8217;il a faites avec eux, du cyanotype au grand angle jusqu&#8217;au num\u00e9rique. Bravo !!!<\/p>\n<p><strong>L&#8217;Auberge Espagnole<\/strong><\/p>\n<ul>\n<li>St\u00e9phane E. : 4C<\/li>\n<li>Fabien : 4C<\/li>\n<li>Florence : 4C<\/li>\n<li>Gr\u00e9goire : 4C<\/li>\n<li>JP. Cartier : 4C<\/li>\n<li>Laure : 4C<\/li>\n<li>Denis : 1 Diaporama<\/li>\n<li>Nadine : 4C<\/li>\n<li>PMA : 4C<\/li>\n<li>S\u00e9bastien : 4C<\/li>\n<\/ul>\n<p>Et c&#8217;est Gr\u00e9goire qui a \u00e9t\u00e9 d\u00e9sign\u00e9 pour pr\u00e9senter sa Carte Blanche gr\u00e2ce \u00e0 cette photo NB en surimpression compl\u00e8tement surr\u00e9aliste. F\u00e9licitations !!!<\/p>\n","protected":false},"excerpt":{"rendered":"","protected":false},"author":16,"featured_media":15477,"comment_status":"closed","ping_status":"closed","sticky":false,"template":"","format":"standard","meta":{"_acf_changed":false,"_oasis_is_in_workflow":0,"_oasis_original":0,"_uag_custom_page_level_css":"","footnotes":""},"categories":[115],"tags":[],"class_list":["post-15450","post","type-post","status-publish","format-standard","has-post-thumbnail","hentry","category-info-oi"],"acf":[],"uagb_featured_image_src":{"full":["https:\/\/oi-paris.com\/wordpress\/wp-content\/uploads\/2023\/05\/Gregoire-3.jpg",1671,1043,false],"thumbnail":["https:\/\/oi-paris.com\/wordpress\/wp-content\/uploads\/2023\/05\/Gregoire-3.jpg",150,94,false],"medium":["https:\/\/oi-paris.com\/wordpress\/wp-content\/uploads\/2023\/05\/Gregoire-3.jpg",300,187,false],"medium_large":["https:\/\/oi-paris.com\/wordpress\/wp-content\/uploads\/2023\/05\/Gregoire-3.jpg",768,479,false],"large":["https:\/\/oi-paris.com\/wordpress\/wp-content\/uploads\/2023\/05\/Gregoire-3.jpg",1024,639,false],"1536x1536":["https:\/\/oi-paris.com\/wordpress\/wp-content\/uploads\/2023\/05\/Gregoire-3.jpg",1536,959,false],"2048x2048":["https:\/\/oi-paris.com\/wordpress\/wp-content\/uploads\/2023\/05\/Gregoire-3.jpg",1671,1043,false],"thumb-small":["https:\/\/oi-paris.com\/wordpress\/wp-content\/uploads\/2023\/05\/Gregoire-3.jpg",80,50,false],"thumb-standard":["https:\/\/oi-paris.com\/wordpress\/wp-content\/uploads\/2023\/05\/Gregoire-3.jpg",320,200,false],"thumb-medium":["https:\/\/oi-paris.com\/wordpress\/wp-content\/uploads\/2023\/05\/Gregoire-3.jpg",393,245,false],"thumb-large":["https:\/\/oi-paris.com\/wordpress\/wp-content\/uploads\/2023\/05\/Gregoire-3.jpg",545,340,false],"thumb-xlarge":["https:\/\/oi-paris.com\/wordpress\/wp-content\/uploads\/2023\/05\/Gregoire-3.jpg",721,450,false],"thumb-xxlarge":["https:\/\/oi-paris.com\/wordpress\/wp-content\/uploads\/2023\/05\/Gregoire-3.jpg",801,500,false],"mailpoet_newsletter_max":["https:\/\/oi-paris.com\/wordpress\/wp-content\/uploads\/2023\/05\/Gregoire-3.jpg",1320,824,false]},"uagb_author_info":{"display_name":"Helene Lefelle","author_link":"https:\/\/oi-paris.com\/wordpress\/author\/helene\/"},"uagb_comment_info":0,"uagb_excerpt":null,"_links":{"self":[{"href":"https:\/\/oi-paris.com\/wordpress\/wp-json\/wp\/v2\/posts\/15450","targetHints":{"allow":["GET"]}}],"collection":[{"href":"https:\/\/oi-paris.com\/wordpress\/wp-json\/wp\/v2\/posts"}],"about":[{"href":"https:\/\/oi-paris.com\/wordpress\/wp-json\/wp\/v2\/types\/post"}],"author":[{"embeddable":true,"href":"https:\/\/oi-paris.com\/wordpress\/wp-json\/wp\/v2\/users\/16"}],"replies":[{"embeddable":true,"href":"https:\/\/oi-paris.com\/wordpress\/wp-json\/wp\/v2\/comments?post=15450"}],"version-history":[{"count":33,"href":"https:\/\/oi-paris.com\/wordpress\/wp-json\/wp\/v2\/posts\/15450\/revisions"}],"predecessor-version":[{"id":15505,"href":"https:\/\/oi-paris.com\/wordpress\/wp-json\/wp\/v2\/posts\/15450\/revisions\/15505"}],"wp:featuredmedia":[{"embeddable":true,"href":"https:\/\/oi-paris.com\/wordpress\/wp-json\/wp\/v2\/media\/15477"}],"wp:attachment":[{"href":"https:\/\/oi-paris.com\/wordpress\/wp-json\/wp\/v2\/media?parent=15450"}],"wp:term":[{"taxonomy":"category","embeddable":true,"href":"https:\/\/oi-paris.com\/wordpress\/wp-json\/wp\/v2\/categories?post=15450"},{"taxonomy":"post_tag","embeddable":true,"href":"https:\/\/oi-paris.com\/wordpress\/wp-json\/wp\/v2\/tags?post=15450"}],"curies":[{"name":"wp","href":"https:\/\/api.w.org\/{rel}","templated":true}]}}