{"id":15544,"date":"2023-05-30T16:48:00","date_gmt":"2023-05-30T14:48:00","guid":{"rendered":"https:\/\/oi-paris.com\/wordpress\/?p=15544"},"modified":"2023-06-06T20:17:12","modified_gmt":"2023-06-06T18:17:12","slug":"sur-exposition-2","status":"publish","type":"post","link":"https:\/\/oi-paris.com\/wordpress\/2023\/05\/30\/sur-exposition-2\/","title":{"rendered":"Sur-Exposition. Autochromes et couleurs."},"content":{"rendered":"\n<p>Quelques expositions nous invitent \u00e0 la r\u00e9flexion sur la couleur et sur la pr\u00e9histoire de la photographie num\u00e9rique.<\/p>\n<p><strong>1,2,3 Couleur ! L\u2019autochrome expos\u00e9e <\/strong>(Jeu de Paume, Ch\u00e2teau de Tours jusqu\u2019au 28 mai)<\/p>\n<p style=\"text-align: justify;\">\u00ab\u00a01,2,3 Couleur\u00a0\u00bb est sans doute une allusion \u00e0 la trichromie, principe selon lequel toute couleur peut \u00eatre reproduite par la composition de trois couleurs primaires. Son application a abouti d\u00e8s le d\u00e9but des ann\u00e9es 1860 aux premi\u00e8res photographies en couleurs.<\/p>\n<p style=\"text-align: justify;\">Les primaires Rouge, Jaune et Bleu sont bien connues dans la tradition picturale percevant le jaune comme couleur centrale du spectre. Mises en pratique par Chevreul pour la Manufacture des Gobelins et employ\u00e9es pour l\u2019imprimerie en couleur de l\u2019\u00e9poque, ces primaires \u00e0 travers leurs binaires (Violet, Orang\u00e9, Vert) ont servi de base au proc\u00e9d\u00e9 Autochrome Lumi\u00e8re.<\/p>\n<p style=\"text-align: justify;\">Mais une approche physique promue par Maxwell, th\u00e9oricien des ondes \u00e9lectromagn\u00e9tiques (une des natures de la lumi\u00e8re) a abouti tr\u00e8s t\u00f4t \u00e0 l\u2019id\u00e9e d&#8217;une meilleure synth\u00e8se des couleurs \u00e0 partir des primaires Rouge, Vert et Bleu et permit de produire les premi\u00e8res photographies couleurs. La conf\u00e9rence CIE de 1931 tranchera en faveur de la d\u00e9composition RVB (et ses compl\u00e9mentaires CMJ) ouvrant la voie au d\u00e9veloppement industriel de l\u2019image couleur (t\u00e9l\u00e9vision, films couleurs \u00ab chromog\u00e8ne \u00bb, imprimerie), co\u00efncidant avec le d\u00e9clin de l\u2019autochrome.<\/p>\n<p style=\"text-align: justify;\">Mais l\u2019occasion unique de cette exposition \u00e9tait de voir quelques vraies autochromes (et non pas des reproductions) et ce qui frappe est la finesse des d\u00e9tails contrastant avec l\u2019image granuleuse que nous avons l\u2019habitude de voir.<\/p>\n<p style=\"text-align: justify;\">On rappellera que le principe des autochromes est le m\u00eame que celui de la photographie num\u00e9rique : une matrice microscopique de filtres color\u00e9s plac\u00e9e devant une surface sensible \u00e0 la lumi\u00e8re pour la prise de vue et la m\u00eame matrice r\u00e9tro\u00e9clair\u00e9e \u00e0 travers un positif pour la projection. A partir des donn\u00e9es de l\u2019\u00e9poque sur la taille des filtres (des grains de f\u00e9cule de pomme de terre), on pourrait estimer \u00e0 plus 1500 dpi la r\u00e9solution de l\u2019image soit, selon le format des plaques, des images de 40 \u00e0 150 Mpixel. M\u00eame principe, m\u00eame d\u00e9faut que la photographie num\u00e9rique\u00a0: le bruit de couleur. La faible sensibilit\u00e9 des \u00e9mulsions orthochromatiques ainsi que la r\u00e9partition non uniforme des couleurs des grains de f\u00e9cule sont probablement \u00e0 l\u2019origine de ce d\u00e9faut.<\/p>\n<p style=\"text-align: justify;\">Il n\u2019est donc pas \u00e9tonnant que l\u2019autochrome avec sa d\u00e9composition filtres Violet, Orang\u00e9, Vert (compl\u00e9mentaires des primaires du peintre) ait s\u00e9duit les photographes pictorialistes (Stieglitz, Steichen, \u2026). L\u2019attrait qu&#8217;il garde est sans doute li\u00e9 \u00e0 ses primaires d\u00e9cal\u00e9es et d\u00e9satur\u00e9es donnant ces teintes \u00ab picturales \u00bb et du charme au bruit color\u00e9.<\/p>\n<p style=\"text-align: justify;\">Exposition malheureusement termin\u00e9e (mais une abondante documentation est accessible via le dossier p\u00e9dagogique). On pourra se rattraper en allant aux Jardins Albert Kahn : pas d\u2019autochrome originale mais le mat\u00e9riel de prise de vue et de d\u00e9veloppement.<\/p>\n<p style=\"text-align: justify;\"><strong>L\u00e9on Monet <\/strong>(Mus\u00e9e du Luxembourg, jusqu\u2019au 16 juillet)<\/p>\n<p style=\"text-align: justify;\">De couleurs, il est \u00e9galement question avec L\u00e9on Monet, le fr\u00e8re de Claude, directeur de l\u2019usine fran\u00e7aise de Geigy produisant des colorants pour l\u2019industrie textile (Geigy fusionnera plus tard avec CIBA, l\u2019inventeur du Cibachrome).<\/p>\n<p style=\"text-align: justify;\">Il est dommage que la question du rapport des deux fr\u00e8res autour de la couleur n\u2019ait pas \u00e9t\u00e9 abord\u00e9e faute de documentation apparemment. Il faudra se r\u00e9f\u00e9rer \u00e0 l\u2019article <a href=\"https:\/\/colorants.hypotheses.org\/4581\" target=\"_blank\" rel=\"noopener\">&#8220;Les fr\u00e8res Monet et la couleur&#8221;<\/a> pour trouver quelques analyses et la r\u00e9f\u00e9rence aux primaires de Claude Monet : \u00ab Je me sers de blanc d\u2019argent, jaune cadmium, vermillon, garance fonc\u00e9e, bleu de cobalt, vert \u00e9meraude, et c\u2019est tout \u00bb.<\/p>\n","protected":false},"excerpt":{"rendered":"<p>Quelques expositions nous invitent \u00e0 la r\u00e9flexion sur la couleur&#8230; et sur la pr\u00e9histoire de la photographie num\u00e9rique.<\/p>\n","protected":false},"author":100,"featured_media":15546,"comment_status":"closed","ping_status":"closed","sticky":false,"template":"","format":"standard","meta":{"_acf_changed":false,"_oasis_is_in_workflow":0,"_oasis_original":0,"_uag_custom_page_level_css":"","footnotes":""},"categories":[22,5],"tags":[],"class_list":["post-15544","post","type-post","status-publish","format-standard","has-post-thumbnail","hentry","category-et-si-on-allait-voir","category-exposition"],"acf":[],"uagb_featured_image_src":{"full":["https:\/\/oi-paris.com\/wordpress\/wp-content\/uploads\/2023\/05\/Jean-Paris-Laboratoire-Portrait-avec-instruments-de-chimie-extrait.jpg",720,340,false],"thumbnail":["https:\/\/oi-paris.com\/wordpress\/wp-content\/uploads\/2023\/05\/Jean-Paris-Laboratoire-Portrait-avec-instruments-de-chimie-extrait.jpg",150,71,false],"medium":["https:\/\/oi-paris.com\/wordpress\/wp-content\/uploads\/2023\/05\/Jean-Paris-Laboratoire-Portrait-avec-instruments-de-chimie-extrait.jpg",300,142,false],"medium_large":["https:\/\/oi-paris.com\/wordpress\/wp-content\/uploads\/2023\/05\/Jean-Paris-Laboratoire-Portrait-avec-instruments-de-chimie-extrait.jpg",720,340,false],"large":["https:\/\/oi-paris.com\/wordpress\/wp-content\/uploads\/2023\/05\/Jean-Paris-Laboratoire-Portrait-avec-instruments-de-chimie-extrait.jpg",720,340,false],"1536x1536":["https:\/\/oi-paris.com\/wordpress\/wp-content\/uploads\/2023\/05\/Jean-Paris-Laboratoire-Portrait-avec-instruments-de-chimie-extrait.jpg",720,340,false],"2048x2048":["https:\/\/oi-paris.com\/wordpress\/wp-content\/uploads\/2023\/05\/Jean-Paris-Laboratoire-Portrait-avec-instruments-de-chimie-extrait.jpg",720,340,false],"thumb-small":["https:\/\/oi-paris.com\/wordpress\/wp-content\/uploads\/2023\/05\/Jean-Paris-Laboratoire-Portrait-avec-instruments-de-chimie-extrait.jpg",80,38,false],"thumb-standard":["https:\/\/oi-paris.com\/wordpress\/wp-content\/uploads\/2023\/05\/Jean-Paris-Laboratoire-Portrait-avec-instruments-de-chimie-extrait.jpg",320,151,false],"thumb-medium":["https:\/\/oi-paris.com\/wordpress\/wp-content\/uploads\/2023\/05\/Jean-Paris-Laboratoire-Portrait-avec-instruments-de-chimie-extrait.jpg",520,245,false],"thumb-large":["https:\/\/oi-paris.com\/wordpress\/wp-content\/uploads\/2023\/05\/Jean-Paris-Laboratoire-Portrait-avec-instruments-de-chimie-extrait.jpg",720,340,false],"thumb-xlarge":["https:\/\/oi-paris.com\/wordpress\/wp-content\/uploads\/2023\/05\/Jean-Paris-Laboratoire-Portrait-avec-instruments-de-chimie-extrait.jpg",720,340,false],"thumb-xxlarge":["https:\/\/oi-paris.com\/wordpress\/wp-content\/uploads\/2023\/05\/Jean-Paris-Laboratoire-Portrait-avec-instruments-de-chimie-extrait.jpg",720,340,false],"mailpoet_newsletter_max":["https:\/\/oi-paris.com\/wordpress\/wp-content\/uploads\/2023\/05\/Jean-Paris-Laboratoire-Portrait-avec-instruments-de-chimie-extrait.jpg",720,340,false]},"uagb_author_info":{"display_name":"Philippe Bernet","author_link":"https:\/\/oi-paris.com\/wordpress\/author\/bernetphilippe\/"},"uagb_comment_info":0,"uagb_excerpt":"Quelques expositions nous invitent \u00e0 la r\u00e9flexion sur la couleur... et sur la pr\u00e9histoire de la photographie num\u00e9rique.","_links":{"self":[{"href":"https:\/\/oi-paris.com\/wordpress\/wp-json\/wp\/v2\/posts\/15544","targetHints":{"allow":["GET"]}}],"collection":[{"href":"https:\/\/oi-paris.com\/wordpress\/wp-json\/wp\/v2\/posts"}],"about":[{"href":"https:\/\/oi-paris.com\/wordpress\/wp-json\/wp\/v2\/types\/post"}],"author":[{"embeddable":true,"href":"https:\/\/oi-paris.com\/wordpress\/wp-json\/wp\/v2\/users\/100"}],"replies":[{"embeddable":true,"href":"https:\/\/oi-paris.com\/wordpress\/wp-json\/wp\/v2\/comments?post=15544"}],"version-history":[{"count":11,"href":"https:\/\/oi-paris.com\/wordpress\/wp-json\/wp\/v2\/posts\/15544\/revisions"}],"predecessor-version":[{"id":15568,"href":"https:\/\/oi-paris.com\/wordpress\/wp-json\/wp\/v2\/posts\/15544\/revisions\/15568"}],"wp:featuredmedia":[{"embeddable":true,"href":"https:\/\/oi-paris.com\/wordpress\/wp-json\/wp\/v2\/media\/15546"}],"wp:attachment":[{"href":"https:\/\/oi-paris.com\/wordpress\/wp-json\/wp\/v2\/media?parent=15544"}],"wp:term":[{"taxonomy":"category","embeddable":true,"href":"https:\/\/oi-paris.com\/wordpress\/wp-json\/wp\/v2\/categories?post=15544"},{"taxonomy":"post_tag","embeddable":true,"href":"https:\/\/oi-paris.com\/wordpress\/wp-json\/wp\/v2\/tags?post=15544"}],"curies":[{"name":"wp","href":"https:\/\/api.w.org\/{rel}","templated":true}]}}