{"id":15581,"date":"2023-06-12T12:11:41","date_gmt":"2023-06-12T10:11:41","guid":{"rendered":"https:\/\/oi-paris.com\/wordpress\/?p=15581"},"modified":"2023-06-22T05:55:40","modified_gmt":"2023-06-22T03:55:40","slug":"le-1er-mardi-du-mois-de-juin-3","status":"publish","type":"post","link":"https:\/\/oi-paris.com\/wordpress\/2023\/06\/12\/le-1er-mardi-du-mois-de-juin-3\/","title":{"rendered":"Le 1er mardi du mois de Juin"},"content":{"rendered":"\n<div class=\"wp-block-columns is-layout-flex wp-container-core-columns-is-layout-9d6595d7 wp-block-columns-is-layout-flex\">\n<div class=\"wp-block-column is-layout-flow wp-block-column-is-layout-flow\" style=\"flex-basis:100%\">\n<p>C&#8217;est le dernier 1er mardi du mois de la saison. Nous \u00e9tions une trentaine d&#8217;adh\u00e9rents.<br \/>Une bonne ambiance et plein de projets en perspective.<br \/><br \/><\/p>\n<p><strong>La Vie au Club<\/strong><\/p>\n<ul>\n<li>Le vernissage de l&#8217;expo Photo sur les sorties est pr\u00e9vu le mardi 20 juin \u00e0 18 h et est ouvert \u00e0 tous.<\/li>\n<li>Pierre-Marie voudrait organiser des discussions autour de l&#8217;IA le 4\u00e8me mardi du mois.<\/li>\n<li>Emmanuel Vianey organise un stage studio le 8 juillet\u00a8<\/li>\n<\/ul>\n<p style=\"text-align: center\"><img loading=\"lazy\" decoding=\"async\" class=\"alignnone  wp-image-15600\" src=\"https:\/\/oi-paris.com\/wordpress\/wp-content\/uploads\/2023\/06\/@@-01-stage-8-JUILLET-2023-.jpg\" alt=\"\" width=\"439\" height=\"293\" \/><\/p>\n<ul>\n<li>&#8221; Le portrait en lumi\u00e8re naturelle&#8221;, stage organis\u00e9 par Isabelle Joubet le dimanche 18 juin au Buttes Chaumont. Il y a 6 places et vous pouvez vous inscrire sur le site, il y aura un petit tour vers le quartier de la Mouza\u00efa.<\/li>\n<li>Le Vendredi 21 juin, c&#8217;est l&#8217;atelier vid\u00e9o.<\/li>\n<li>Le Mardi technique vous pourrez apporter vos photos du SNA et sur le th\u00e8me de la m\u00e9tamorphose.<\/li>\n<li>Le 3\u00e8me mardi, le mardi Culture de l&#8217;image : B\u00e9n\u00e9dicte nous parlera du cin\u00e9ma africain.<\/li>\n<li>A la rentr\u00e9e, Jean-Pierre voudrait nous faire un retour sur son stage sur le livre avec Gildas Le Petit Castel.<\/li>\n<\/ul>\n<p>\u00a0<\/p>\n<p><strong>Les expos \u00e0 voir<\/strong><\/p>\n<ul>\n<li>&#8220;Manet \/ Degas&#8221; au Mus\u00e9e d&#8217;Orsay jusqu&#8217;au 23 juillet.<\/li>\n<li>&#8220;Song-lines, Chant des pistes du d\u00e9sert australien&#8221; jusqu&#8217;au 3 juillet.<\/li>\n<li>&#8220;Sarah Bernhardt. Et la femme cr\u00e9a la star.&#8221; au Petit Palais jusqu&#8217;au 27 ao\u00fbt.<\/li>\n<li>&#8220;Basquiat Soundtracks&#8221; \u00e0 la Philharmonie jusqu&#8217;au 30 juillet.<\/li>\n<li>&#8220;Rencontres photographiques&#8221; de l&#8217;Alaric le 30 juin.<\/li>\n<li>Hommage \u00e0 Andr\u00e9 SAS \u00e0 la Galerie des photographes jusqu&#8217;au 24 juin.<\/li>\n<\/ul>\n<p>\u00a0<\/p>\n<p><strong>On se fait une toile<\/strong><\/p>\n<ul>\n<li>Les Gardiens de la Galaxie de James Gunn avec Chris Patt et Zo\u00e9 Saldana<\/li>\n<li>Misanthrope de Damian Szifron avec Shailene Woodley et Ben Mendelsohn.<\/li>\n<li style=\"text-align: center\"><img loading=\"lazy\" decoding=\"async\" class=\"alignnone size-full wp-image-15598\" src=\"https:\/\/oi-paris.com\/wordpress\/wp-content\/uploads\/2023\/06\/download-2.jpg\" alt=\"\" width=\"300\" height=\"168\" \/><\/li>\n<li>L&#8217;Amour et les For\u00eats de Val\u00e9rie Donzelli avec Virginia Efirea et Melvil Poupaud.<\/li>\n<li>Jeanne Du Barry de Ma\u00efwenn avec Ma\u00efwenn et Johnny Depp.<\/li>\n<li>Les Trois Mousquetaires de Martin Bourboulon avec Fran\u00e7ois Civil et Vincent Cassel.<\/li>\n<\/ul>\n<p>\u00a0<\/p>\n<p><strong>Carte Blanche \u00e0<\/strong><\/p>\n<p>Gr\u00e9goire ne pouvant pas \u00eatre l\u00e0, St\u00e9phane va nous parler de Lewis Line (1874-1940), pionnier de la photo sociale Il travaille entre autres pour le National Child Labor Committee USK et photographie\u00a0 le travail des enfants.<\/p>\n<p>\u00a0<\/p>\n<p><strong>L&#8217;Auberge Espagnole<\/strong><\/p>\n<ul>\n<li>Andr\u00e9 : 4C<\/li>\n<li>Annie : 4C<\/li>\n<li>Micha\u00e9la : 4NB<\/li>\n<li>JP Cartier : 1 NB, 3C<\/li>\n<li>Denis : 4C<\/li>\n<li>Philippe De Geere : 4C<\/li>\n<li>H\u00e9l\u00e8ne L. : 4C<\/li>\n<li>Manuel : 4C<\/li>\n<li>Marie-Claire : 4C<\/li>\n<li>Michel : 3NB<\/li>\n<li>Fabien M. : 4C<\/li>\n<li>Nadine : 4C<\/li>\n<li>Pierre Marie : 1 Diaporama<\/li>\n<li>\u00a0Roger : 4C<\/li>\n<li>S\u00e9bastien : 4C<\/li>\n<li>St\u00e9phane D. : 4C<\/li>\n<li>Taraneh : 4C<\/li>\n<\/ul>\n<p>Michaela va nous pr\u00e9senter sa carte blanche \u00e0 la rentr\u00e9e. Il se d\u00e9gage de ses photos un sentiment d&#8217;\u00e9tranget\u00e9 que le Noir et blanc renforce. La photo du chjen et de sa maitresse est \u00e9tonnante. Bravo Michaela!<\/p>\n<p>Et au prochain mardi \u00e0 la rentr\u00e9e. Et bonnes vacances.<\/p>\n<p>\u00a0\u00a0<\/p>\n<p>\u00a0<\/p>\n<p>\u00a0<\/p>\n<p>\u00a0<\/p>\n<\/div>\n<\/div>\n\n\n\n\n\n<div class=\"wp-block-columns is-layout-flex wp-container-core-columns-is-layout-9d6595d7 wp-block-columns-is-layout-flex\"><\/div>\n","protected":false},"excerpt":{"rendered":"<p>C&#8217;est le dernier 1er mardi du mois de la saison. Nous \u00e9tions une trentaine d&#8217;adh\u00e9rents.Une bonne ambiance et plein de projets en perspective. La Vie au Club Le vernissage de l&#8217;expo Photo sur les&#46;&#46;&#46;<\/p>\n","protected":false},"author":16,"featured_media":15593,"comment_status":"closed","ping_status":"closed","sticky":false,"template":"","format":"standard","meta":{"_acf_changed":false,"_oasis_is_in_workflow":0,"_oasis_original":0,"_uag_custom_page_level_css":"","footnotes":""},"categories":[115],"tags":[],"class_list":["post-15581","post","type-post","status-publish","format-standard","has-post-thumbnail","hentry","category-info-oi"],"acf":[],"uagb_featured_image_src":{"full":["https:\/\/oi-paris.com\/wordpress\/wp-content\/uploads\/2023\/06\/Bernacki-Michaela-3.jpg",1080,1920,false],"thumbnail":["https:\/\/oi-paris.com\/wordpress\/wp-content\/uploads\/2023\/06\/Bernacki-Michaela-3.jpg",84,150,false],"medium":["https:\/\/oi-paris.com\/wordpress\/wp-content\/uploads\/2023\/06\/Bernacki-Michaela-3.jpg",169,300,false],"medium_large":["https:\/\/oi-paris.com\/wordpress\/wp-content\/uploads\/2023\/06\/Bernacki-Michaela-3.jpg",768,1365,false],"large":["https:\/\/oi-paris.com\/wordpress\/wp-content\/uploads\/2023\/06\/Bernacki-Michaela-3.jpg",576,1024,false],"1536x1536":["https:\/\/oi-paris.com\/wordpress\/wp-content\/uploads\/2023\/06\/Bernacki-Michaela-3.jpg",864,1536,false],"2048x2048":["https:\/\/oi-paris.com\/wordpress\/wp-content\/uploads\/2023\/06\/Bernacki-Michaela-3.jpg",1080,1920,false],"thumb-small":["https:\/\/oi-paris.com\/wordpress\/wp-content\/uploads\/2023\/06\/Bernacki-Michaela-3.jpg",45,80,false],"thumb-standard":["https:\/\/oi-paris.com\/wordpress\/wp-content\/uploads\/2023\/06\/Bernacki-Michaela-3.jpg",180,320,false],"thumb-medium":["https:\/\/oi-paris.com\/wordpress\/wp-content\/uploads\/2023\/06\/Bernacki-Michaela-3.jpg",138,245,false],"thumb-large":["https:\/\/oi-paris.com\/wordpress\/wp-content\/uploads\/2023\/06\/Bernacki-Michaela-3.jpg",191,340,false],"thumb-xlarge":["https:\/\/oi-paris.com\/wordpress\/wp-content\/uploads\/2023\/06\/Bernacki-Michaela-3.jpg",253,450,false],"thumb-xxlarge":["https:\/\/oi-paris.com\/wordpress\/wp-content\/uploads\/2023\/06\/Bernacki-Michaela-3.jpg",281,500,false],"mailpoet_newsletter_max":["https:\/\/oi-paris.com\/wordpress\/wp-content\/uploads\/2023\/06\/Bernacki-Michaela-3.jpg",1080,1920,false]},"uagb_author_info":{"display_name":"Helene Lefelle","author_link":"https:\/\/oi-paris.com\/wordpress\/author\/helene\/"},"uagb_comment_info":0,"uagb_excerpt":"C&#8217;est le dernier 1er mardi du mois de la saison. Nous \u00e9tions une trentaine d&#8217;adh\u00e9rents.Une bonne ambiance et plein de projets en perspective. La Vie au Club Le vernissage de l&#8217;expo Photo sur les&#46;&#46;&#46;","_links":{"self":[{"href":"https:\/\/oi-paris.com\/wordpress\/wp-json\/wp\/v2\/posts\/15581","targetHints":{"allow":["GET"]}}],"collection":[{"href":"https:\/\/oi-paris.com\/wordpress\/wp-json\/wp\/v2\/posts"}],"about":[{"href":"https:\/\/oi-paris.com\/wordpress\/wp-json\/wp\/v2\/types\/post"}],"author":[{"embeddable":true,"href":"https:\/\/oi-paris.com\/wordpress\/wp-json\/wp\/v2\/users\/16"}],"replies":[{"embeddable":true,"href":"https:\/\/oi-paris.com\/wordpress\/wp-json\/wp\/v2\/comments?post=15581"}],"version-history":[{"count":19,"href":"https:\/\/oi-paris.com\/wordpress\/wp-json\/wp\/v2\/posts\/15581\/revisions"}],"predecessor-version":[{"id":15606,"href":"https:\/\/oi-paris.com\/wordpress\/wp-json\/wp\/v2\/posts\/15581\/revisions\/15606"}],"wp:featuredmedia":[{"embeddable":true,"href":"https:\/\/oi-paris.com\/wordpress\/wp-json\/wp\/v2\/media\/15593"}],"wp:attachment":[{"href":"https:\/\/oi-paris.com\/wordpress\/wp-json\/wp\/v2\/media?parent=15581"}],"wp:term":[{"taxonomy":"category","embeddable":true,"href":"https:\/\/oi-paris.com\/wordpress\/wp-json\/wp\/v2\/categories?post=15581"},{"taxonomy":"post_tag","embeddable":true,"href":"https:\/\/oi-paris.com\/wordpress\/wp-json\/wp\/v2\/tags?post=15581"}],"curies":[{"name":"wp","href":"https:\/\/api.w.org\/{rel}","templated":true}]}}