{"id":15677,"date":"2023-11-27T18:06:10","date_gmt":"2023-11-27T17:06:10","guid":{"rendered":"https:\/\/oi-paris.com\/wordpress\/?p=15677"},"modified":"2023-11-27T18:07:00","modified_gmt":"2023-11-27T17:07:00","slug":"4eme-biennale-de-la-mairie-du-13-cest-parti","status":"publish","type":"post","link":"https:\/\/oi-paris.com\/wordpress\/2023\/11\/27\/4eme-biennale-de-la-mairie-du-13-cest-parti\/","title":{"rendered":"4\u00e8me Biennale de la Mairie du 13, c&#8217;est parti !"},"content":{"rendered":"\n<p>La BIENNALE DE LA PHOTOGRAPHIE du 13<sup>e <\/sup>revient en 2024 a ra lieu\u00a0 du <strong>25 mars au 13 avril 2024<\/strong>. sur le th\u00e8me\u00a0: \u00ab\u00a0ENFANCE, ADOLESCENCE, JEUNESSE\u00a0\u00bb<\/p>\n<p>Pour participer, il suffit de r\u00e9pondre \u00e0 l\u2019appel \u00e0 candidature. :<\/p>\n<p>Il y aura \u00e9galement un stand d\u2019exposition d\u00e9di\u00e9 \u00e0 Objectif Image,. Les modalit\u00e9s seront donn\u00e9es plus tard, pendant les mardis d\u2019OI.<\/p>\n<p><code><div class=\"_df_book df-container df-loading \" id=\"df_15681\"  data-title=\"reglement-biennale-2024\" _slug=\"reglement-biennale-2024\" wpoptions=\"true\" thumbtype=\"img\" ><\/div><script class=\"df-shortcode-script\" type=\"application\/javascript\">window.option_df_15681 = {\"outline\":[],\"forceFit\":\"true\",\"autoEnableOutline\":\"false\",\"autoEnableThumbnail\":\"false\",\"overwritePDFOutline\":\"false\",\"direction\":\"1\",\"pageMode\":\"0\",\"source\":\"https:\\\/\\\/oi-paris.com\\\/wordpress\\\/wp-content\\\/uploads\\\/2023\\\/08\\\/4e-Biennale-de-la-Photographie-du-13e-Reglement-du-concours.pdf\",\"wpOptions\":\"true\"}; if(window.DFLIP && window.DFLIP.parseBooks){window.DFLIP.parseBooks();}<\/script><\/code><\/p>\n<p>En r\u00e9sum\u00e9, <u>le concours<\/u> est d\u00e9sormais <u>ouvert<\/u> et ce, <u>jusqu\u2019au <strong>30 novembre 2023<\/strong><\/u>.<br \/>Vous pourrez trouver ci-joint le texte de l\u2019appel \u00e0 candidature et le r\u00e8glement du concours.<\/p>\n<p>\u00a0<a href=\"https:\/\/oi-paris.com\/wordpress\/wp-content\/uploads\/2023\/08\/4e-Biennale-de-la-photographie-Appel-a-candidature-avec-visuel-actualise-07-2023.docx\">Word Appel a candidature<\/a><\/p>\n<p>Le lien de la mairie :\u00a0<a href=\"https:\/\/mairie13.paris.fr\/pages\/appel-a-candidature-4e-biennale-de-la-photographie-du-13e-24317\">https:\/\/mairie13.paris.fr\/pages\/appel-a-candidature-4e-biennale-de-la-photographie-du-13e-24317<\/a><\/p>\n<p><img loading=\"lazy\" decoding=\"async\" class=\"alignnone size-full wp-image-15678\" src=\"https:\/\/oi-paris.com\/wordpress\/wp-content\/uploads\/2023\/08\/4e-Biennale-Vignette-appel-a-candidature-2023.png\" alt=\"\" width=\"2511\" height=\"1408\" srcset=\"https:\/\/oi-paris.com\/wordpress\/wp-content\/uploads\/2023\/08\/4e-Biennale-Vignette-appel-a-candidature-2023.png 2511w, https:\/\/oi-paris.com\/wordpress\/wp-content\/uploads\/2023\/08\/4e-Biennale-Vignette-appel-a-candidature-2023-300x168.png 300w, https:\/\/oi-paris.com\/wordpress\/wp-content\/uploads\/2023\/08\/4e-Biennale-Vignette-appel-a-candidature-2023-1024x574.png 1024w, https:\/\/oi-paris.com\/wordpress\/wp-content\/uploads\/2023\/08\/4e-Biennale-Vignette-appel-a-candidature-2023-768x431.png 768w, https:\/\/oi-paris.com\/wordpress\/wp-content\/uploads\/2023\/08\/4e-Biennale-Vignette-appel-a-candidature-2023-1536x861.png 1536w, https:\/\/oi-paris.com\/wordpress\/wp-content\/uploads\/2023\/08\/4e-Biennale-Vignette-appel-a-candidature-2023-2048x1148.png 2048w, https:\/\/oi-paris.com\/wordpress\/wp-content\/uploads\/2023\/08\/4e-Biennale-Vignette-appel-a-candidature-2023-1320x740.png 1320w\" sizes=\"auto, (max-width: 2511px) 100vw, 2511px\" \/><\/p>\n","protected":false},"excerpt":{"rendered":"","protected":false},"author":1,"featured_media":15678,"comment_status":"closed","ping_status":"closed","sticky":false,"template":"","format":"standard","meta":{"_acf_changed":false,"_oasis_is_in_workflow":0,"_oasis_original":0,"_uag_custom_page_level_css":"","footnotes":""},"categories":[4,9],"tags":[],"class_list":["post-15677","post","type-post","status-publish","format-standard","has-post-thumbnail","hentry","category-concours","category-photo"],"acf":[],"uagb_featured_image_src":{"full":["https:\/\/oi-paris.com\/wordpress\/wp-content\/uploads\/2023\/08\/4e-Biennale-Vignette-appel-a-candidature-2023.png",2511,1408,false],"thumbnail":["https:\/\/oi-paris.com\/wordpress\/wp-content\/uploads\/2023\/08\/4e-Biennale-Vignette-appel-a-candidature-2023-150x150.png",150,150,true],"medium":["https:\/\/oi-paris.com\/wordpress\/wp-content\/uploads\/2023\/08\/4e-Biennale-Vignette-appel-a-candidature-2023-300x168.png",300,168,true],"medium_large":["https:\/\/oi-paris.com\/wordpress\/wp-content\/uploads\/2023\/08\/4e-Biennale-Vignette-appel-a-candidature-2023-768x431.png",768,431,true],"large":["https:\/\/oi-paris.com\/wordpress\/wp-content\/uploads\/2023\/08\/4e-Biennale-Vignette-appel-a-candidature-2023-1024x574.png",1024,574,true],"1536x1536":["https:\/\/oi-paris.com\/wordpress\/wp-content\/uploads\/2023\/08\/4e-Biennale-Vignette-appel-a-candidature-2023-1536x861.png",1536,861,true],"2048x2048":["https:\/\/oi-paris.com\/wordpress\/wp-content\/uploads\/2023\/08\/4e-Biennale-Vignette-appel-a-candidature-2023-2048x1148.png",2048,1148,true],"thumb-small":["https:\/\/oi-paris.com\/wordpress\/wp-content\/uploads\/2023\/08\/4e-Biennale-Vignette-appel-a-candidature-2023-80x80.png",80,80,true],"thumb-standard":["https:\/\/oi-paris.com\/wordpress\/wp-content\/uploads\/2023\/08\/4e-Biennale-Vignette-appel-a-candidature-2023-320x320.png",320,320,true],"thumb-medium":["https:\/\/oi-paris.com\/wordpress\/wp-content\/uploads\/2023\/08\/4e-Biennale-Vignette-appel-a-candidature-2023-520x245.png",520,245,true],"thumb-large":["https:\/\/oi-paris.com\/wordpress\/wp-content\/uploads\/2023\/08\/4e-Biennale-Vignette-appel-a-candidature-2023-720x340.png",720,340,true],"thumb-xlarge":["https:\/\/oi-paris.com\/wordpress\/wp-content\/uploads\/2023\/08\/4e-Biennale-Vignette-appel-a-candidature-2023-980x450.png",980,450,true],"thumb-xxlarge":["https:\/\/oi-paris.com\/wordpress\/wp-content\/uploads\/2023\/08\/4e-Biennale-Vignette-appel-a-candidature-2023-1320x500.png",1320,500,true],"mailpoet_newsletter_max":["https:\/\/oi-paris.com\/wordpress\/wp-content\/uploads\/2023\/08\/4e-Biennale-Vignette-appel-a-candidature-2023-1320x740.png",1320,740,true]},"uagb_author_info":{"display_name":"stephane D","author_link":"https:\/\/oi-paris.com\/wordpress\/author\/stephane\/"},"uagb_comment_info":0,"uagb_excerpt":null,"_links":{"self":[{"href":"https:\/\/oi-paris.com\/wordpress\/wp-json\/wp\/v2\/posts\/15677","targetHints":{"allow":["GET"]}}],"collection":[{"href":"https:\/\/oi-paris.com\/wordpress\/wp-json\/wp\/v2\/posts"}],"about":[{"href":"https:\/\/oi-paris.com\/wordpress\/wp-json\/wp\/v2\/types\/post"}],"author":[{"embeddable":true,"href":"https:\/\/oi-paris.com\/wordpress\/wp-json\/wp\/v2\/users\/1"}],"replies":[{"embeddable":true,"href":"https:\/\/oi-paris.com\/wordpress\/wp-json\/wp\/v2\/comments?post=15677"}],"version-history":[{"count":4,"href":"https:\/\/oi-paris.com\/wordpress\/wp-json\/wp\/v2\/posts\/15677\/revisions"}],"predecessor-version":[{"id":16103,"href":"https:\/\/oi-paris.com\/wordpress\/wp-json\/wp\/v2\/posts\/15677\/revisions\/16103"}],"wp:featuredmedia":[{"embeddable":true,"href":"https:\/\/oi-paris.com\/wordpress\/wp-json\/wp\/v2\/media\/15678"}],"wp:attachment":[{"href":"https:\/\/oi-paris.com\/wordpress\/wp-json\/wp\/v2\/media?parent=15677"}],"wp:term":[{"taxonomy":"category","embeddable":true,"href":"https:\/\/oi-paris.com\/wordpress\/wp-json\/wp\/v2\/categories?post=15677"},{"taxonomy":"post_tag","embeddable":true,"href":"https:\/\/oi-paris.com\/wordpress\/wp-json\/wp\/v2\/tags?post=15677"}],"curies":[{"name":"wp","href":"https:\/\/api.w.org\/{rel}","templated":true}]}}