{"id":15953,"date":"2023-10-11T18:29:00","date_gmt":"2023-10-11T16:29:00","guid":{"rendered":"https:\/\/oi-paris.com\/wordpress\/?p=15953"},"modified":"2023-10-12T12:16:10","modified_gmt":"2023-10-12T10:16:10","slug":"le-mardi-pratique-doctobre","status":"publish","type":"post","link":"https:\/\/oi-paris.com\/wordpress\/2023\/10\/11\/le-mardi-pratique-doctobre\/","title":{"rendered":"Le Mardi Pratique d&#8217;octobre"},"content":{"rendered":"\n<p>Assistance nombreuse pour ce deuxi\u00e8me mardi pratique de la saison.<\/p>\n<p><strong>Actualit\u00e9s :<\/strong><\/p>\n<ul>\n<li>concours SNI, remise des photos le 15 novembre, renseignements sur le site OI national<\/li>\n<li>appel \u00e0 candidatures pour la biennale de la photographie, remise des photos le 30 novembre, renseignements dans les articles publi\u00e9s sur le site OI Paris<\/li>\n<li>rappel d&#8217;expositions \u00e0 voir :\n<ul>\n<li>&#8220;Corps \u00e0 corps&#8221; au centre Pompidou jusqu&#8217;au 25 mars 2024<\/li>\n<li>&#8220;Mario Giacomelli &amp; Franco Fontana. Conversazione&#8221; \u00e0 la galerie Polka jusqu&#8217;au 28 octobre\u00a0<\/li>\n<li>&#8220;Simon Roberts&#8221; \u00e0 la galerie Sit Down jusqu&#8217;au 21 octobre<\/li>\n<li>&#8220;Van Gogh \u00e0 Auvers-sur-Oise. Les derniers mois&#8221; au mus\u00e9e d&#8217;Orsay jusqu&#8217;au 4 f\u00e9vrier 2024<\/li>\n<\/ul>\n<\/li>\n<\/ul>\n<p><strong>Le 1\/4 d&#8217;heure :<\/strong><\/p>\n<ul>\n<li>Pr\u00e9sentation sur le th\u00e8me &#8220;Cadrage &amp; Focale&#8221; : <a href=\"https:\/\/oi-paris.com\/wordpress\/?page_id=15965\" target=\"_blank\" rel=\"noopener\">voir la pr\u00e9sentation<\/a><\/li>\n<\/ul>\n<p><strong>Sorties :<\/strong><\/p>\n<ul>\n<li>Sortie de septembre \u00e0 la cit\u00e9 glaci\u00e8re et projet &#8220;Centre Daviel&#8221; :\n<ul>\n<li>Annie nous a pr\u00e9sent\u00e9 ses photos de 3 s\u00e9ances sur le sujet<\/li>\n<li>Il est convenu de monter une r\u00e9union sp\u00e9cifique avec les participants au projet<\/li>\n<\/ul>\n<\/li>\n<li>Sortie d&#8217;octobre :\n<ul>\n<li>Aura lieu le <strong>dimanche 15 octobre apr\u00e8s-midi \u00e0 Cr\u00e9teil<\/strong>. Pour plus d&#8217;information s&#8217;inscrire sur le site OI Paris<\/li>\n<li>Le th\u00e8me sera &#8220;L&#8217;ensemble &amp; le d\u00e9tail&#8221;. Il est propos\u00e9 \u00e0 ceux qui veulent bien se pr\u00eater au jeu de travailler dans un esprit &#8220;focale fixe&#8221; pour chercher les focales qui correspondent le mieux \u00e0 leurs visions des sujets.<\/li>\n<\/ul>\n<\/li>\n<li>Futures sorties :\n<ul>\n<li>Pas de pr\u00e9cision pour le moment mais le souhait de certains de pratiquer la nuit est bien pris en compte.<\/li>\n<\/ul>\n<\/li>\n<\/ul>\n<p><strong>Travaux photos en cours :<\/strong><\/p>\n<ul>\n<li>Jusque tard dans la nuit, nous avons partager les photos candidates au SNI et \u00e0 la Biennale ainsi que celles apport\u00e9es par les nouveaux membres et par quelques anciens.<\/li>\n<\/ul>\n<p><strong>Mardi Pratique de novembre :<\/strong><\/p>\n<ul>\n<li>Lors du 1\/4h, on parlera de <strong>photographie sur mobile<\/strong>.<\/li>\n<\/ul>\n","protected":false},"excerpt":{"rendered":"","protected":false},"author":100,"featured_media":9965,"comment_status":"closed","ping_status":"closed","sticky":false,"template":"","format":"standard","meta":{"_acf_changed":false,"_oasis_is_in_workflow":0,"_oasis_original":0,"_uag_custom_page_level_css":"","footnotes":""},"categories":[115,8,9],"tags":[],"class_list":["post-15953","post","type-post","status-publish","format-standard","has-post-thumbnail","hentry","category-info-oi","category-mardi-doi","category-photo"],"acf":[],"uagb_featured_image_src":{"full":["https:\/\/oi-paris.com\/wordpress\/wp-content\/uploads\/2020\/01\/5-oct2019Etretat-scaled.jpg",2560,1440,false],"thumbnail":["https:\/\/oi-paris.com\/wordpress\/wp-content\/uploads\/2020\/01\/5-oct2019Etretat-150x150.jpg",150,150,true],"medium":["https:\/\/oi-paris.com\/wordpress\/wp-content\/uploads\/2020\/01\/5-oct2019Etretat-300x169.jpg",300,169,true],"medium_large":["https:\/\/oi-paris.com\/wordpress\/wp-content\/uploads\/2020\/01\/5-oct2019Etretat-768x432.jpg",768,432,true],"large":["https:\/\/oi-paris.com\/wordpress\/wp-content\/uploads\/2020\/01\/5-oct2019Etretat-1024x576.jpg",1024,576,true],"1536x1536":["https:\/\/oi-paris.com\/wordpress\/wp-content\/uploads\/2020\/01\/5-oct2019Etretat-1536x864.jpg",1536,864,true],"2048x2048":["https:\/\/oi-paris.com\/wordpress\/wp-content\/uploads\/2020\/01\/5-oct2019Etretat-2048x1152.jpg",2048,1152,true],"thumb-small":["https:\/\/oi-paris.com\/wordpress\/wp-content\/uploads\/2020\/01\/5-oct2019Etretat-160x160.jpg",80,80,true],"thumb-standard":["https:\/\/oi-paris.com\/wordpress\/wp-content\/uploads\/2020\/01\/5-oct2019Etretat-320x320.jpg",320,320,true],"thumb-medium":["https:\/\/oi-paris.com\/wordpress\/wp-content\/uploads\/2020\/01\/5-oct2019Etretat-520x245.jpg",520,245,true],"thumb-large":["https:\/\/oi-paris.com\/wordpress\/wp-content\/uploads\/2020\/01\/5-oct2019Etretat-720x340.jpg",720,340,true],"thumb-xlarge":["https:\/\/oi-paris.com\/wordpress\/wp-content\/uploads\/2020\/01\/5-oct2019Etretat-980x450.jpg",980,450,true],"thumb-xxlarge":["https:\/\/oi-paris.com\/wordpress\/wp-content\/uploads\/2020\/01\/5-oct2019Etretat-1320x500.jpg",1320,500,true],"mailpoet_newsletter_max":["https:\/\/oi-paris.com\/wordpress\/wp-content\/uploads\/2020\/01\/5-oct2019Etretat-1320x742.jpg",1320,742,true]},"uagb_author_info":{"display_name":"Philippe Bernet","author_link":"https:\/\/oi-paris.com\/wordpress\/author\/bernetphilippe\/"},"uagb_comment_info":0,"uagb_excerpt":null,"_links":{"self":[{"href":"https:\/\/oi-paris.com\/wordpress\/wp-json\/wp\/v2\/posts\/15953","targetHints":{"allow":["GET"]}}],"collection":[{"href":"https:\/\/oi-paris.com\/wordpress\/wp-json\/wp\/v2\/posts"}],"about":[{"href":"https:\/\/oi-paris.com\/wordpress\/wp-json\/wp\/v2\/types\/post"}],"author":[{"embeddable":true,"href":"https:\/\/oi-paris.com\/wordpress\/wp-json\/wp\/v2\/users\/100"}],"replies":[{"embeddable":true,"href":"https:\/\/oi-paris.com\/wordpress\/wp-json\/wp\/v2\/comments?post=15953"}],"version-history":[{"count":12,"href":"https:\/\/oi-paris.com\/wordpress\/wp-json\/wp\/v2\/posts\/15953\/revisions"}],"predecessor-version":[{"id":15978,"href":"https:\/\/oi-paris.com\/wordpress\/wp-json\/wp\/v2\/posts\/15953\/revisions\/15978"}],"wp:featuredmedia":[{"embeddable":true,"href":"https:\/\/oi-paris.com\/wordpress\/wp-json\/wp\/v2\/media\/9965"}],"wp:attachment":[{"href":"https:\/\/oi-paris.com\/wordpress\/wp-json\/wp\/v2\/media?parent=15953"}],"wp:term":[{"taxonomy":"category","embeddable":true,"href":"https:\/\/oi-paris.com\/wordpress\/wp-json\/wp\/v2\/categories?post=15953"},{"taxonomy":"post_tag","embeddable":true,"href":"https:\/\/oi-paris.com\/wordpress\/wp-json\/wp\/v2\/tags?post=15953"}],"curies":[{"name":"wp","href":"https:\/\/api.w.org\/{rel}","templated":true}]}}