{"id":1615,"date":"2010-11-17T13:48:06","date_gmt":"2010-11-17T11:48:06","guid":{"rendered":"http:\/\/oi-paris.com\/wordpress\/?p=1615"},"modified":"2015-08-14T12:46:10","modified_gmt":"2015-08-14T10:46:10","slug":"vous-aimez-les-appareils-photo-anciens","status":"publish","type":"post","link":"https:\/\/oi-paris.com\/wordpress\/2010\/11\/17\/vous-aimez-les-appareils-photo-anciens\/","title":{"rendered":"Vous aimez les appareils photo anciens ?"},"content":{"rendered":"<div class=\"chapo\">\n<p><a href=\"http:\/\/oi-paris.com\/wordpress\/wp-content\/uploads\/2015\/08\/Photo-carre.jpg\" data-rel=\"lightbox-image-0\" data-rl_title=\"\" data-rl_caption=\"\" title=\"\"><img loading=\"lazy\" decoding=\"async\" class=\"alignnone size-thumbnail wp-image-1415\" src=\"http:\/\/oi-paris.com\/wordpress\/wp-content\/uploads\/2015\/08\/Photo-carre-150x150.jpg\" alt=\"Photo-carre\" width=\"150\" height=\"150\" srcset=\"https:\/\/oi-paris.com\/wordpress\/wp-content\/uploads\/2015\/08\/Photo-carre-150x150.jpg 150w, https:\/\/oi-paris.com\/wordpress\/wp-content\/uploads\/2015\/08\/Photo-carre-300x300.jpg 300w, https:\/\/oi-paris.com\/wordpress\/wp-content\/uploads\/2015\/08\/Photo-carre-160x160.jpg 160w, https:\/\/oi-paris.com\/wordpress\/wp-content\/uploads\/2015\/08\/Photo-carre-320x320.jpg 320w, https:\/\/oi-paris.com\/wordpress\/wp-content\/uploads\/2015\/08\/Photo-carre.jpg 463w\" sizes=\"auto, (max-width: 150px) 100vw, 150px\" \/><\/a><\/p>\n<p><strong><span style=\"color: #000000;\">Un fantastique site internet pour tous ceux qui aiment les appareils photo et s\u2019int\u00e9ressent \u00e0 leur histoire.<\/span><\/strong><\/p>\n<\/div>\n<ul>\n<li>Vous vous int\u00e9ressez aux appareils photo et \u00e0 leur histoire\u00a0? Vous avez trouv\u00e9 sur une brocante l\u2019appareil qui vous faisait r\u00eaver \u00e0 14 ans, mais il vous manque la notice\u00a0?<\/li>\n<li>Vous voudriez bien faire r\u00e9parer le Leica de votre grand-p\u00e8re\u00a0?<\/li>\n<\/ul>\n<div class=\"texte\">\n<p><span style=\"color: #000000;\">Ne cherchez plus, allez sur le site internet suivant\u00a0:<\/span><\/p>\n<p><a href=\"http:\/\/www.collection-appareils.fr\/\" target=\"_blank\">http:\/\/www.collection-appareils.fr<\/a><\/p>\n<p><a href=\"http:\/\/oi-paris.com\/wordpress\/wp-content\/uploads\/2015\/08\/Rolleiflex_28F-66c6b.jpg\" data-rel=\"lightbox-image-1\" data-rl_title=\"\" data-rl_caption=\"\" title=\"\"><img loading=\"lazy\" decoding=\"async\" class=\"alignnone size-full wp-image-1617\" src=\"http:\/\/oi-paris.com\/wordpress\/wp-content\/uploads\/2015\/08\/Rolleiflex_28F-66c6b.jpg\" alt=\"Rolleiflex_28F-66c6b\" width=\"362\" height=\"510\" srcset=\"https:\/\/oi-paris.com\/wordpress\/wp-content\/uploads\/2015\/08\/Rolleiflex_28F-66c6b.jpg 362w, https:\/\/oi-paris.com\/wordpress\/wp-content\/uploads\/2015\/08\/Rolleiflex_28F-66c6b-213x300.jpg 213w\" sizes=\"auto, (max-width: 362px) 100vw, 362px\" \/><\/a><\/p>\n<p><span style=\"color: #000000;\">V\u00e9ritable mine d\u2019or <\/span><br \/>\n<span style=\"color: #000000;\"><img loading=\"lazy\" decoding=\"async\" src=\"http:\/\/oi-paris.com\/local\/cache-vignettes\/L10xH10\/puce-cebf5.gif\" alt=\"-\" width=\"10\" height=\"10\" \/>\u00a0Un descriptif d\u00e9taill\u00e9 de 6797 appareils (\u00e0 ce jour) <\/span><br \/>\n<span style=\"color: #000000;\"><img loading=\"lazy\" decoding=\"async\" src=\"http:\/\/oi-paris.com\/local\/cache-vignettes\/L10xH10\/puce-cebf5.gif\" alt=\"-\" width=\"10\" height=\"10\" \/>\u00a01312 notices \u00e0 t\u00e9l\u00e9charger <\/span><br \/>\n<span style=\"color: #000000;\"><img loading=\"lazy\" decoding=\"async\" src=\"http:\/\/oi-paris.com\/local\/cache-vignettes\/L10xH10\/puce-cebf5.gif\" alt=\"-\" width=\"10\" height=\"10\" \/>\u00a0La liste des r\u00e9parateurs<\/span><\/p>\n<p><span style=\"color: #000000;\">Et beaucoup d\u2019autres choses. Le cr\u00e9ateur de ce site est un collectionneur passionn\u00e9\u00a0: Sylvain Halgand. (aucun lien avec notre Jean \u00e0 nous)<\/span><\/p>\n<p><span style=\"color: #000000;\">Philippe (Quincailler brocanteur)<\/span><\/p>\n<\/div>\n","protected":false},"excerpt":{"rendered":"<p>Un fantastique site internet pour tous ceux qui aiment les appareils photo et s\u2019int\u00e9ressent \u00e0 leur histoire. Vous vous int\u00e9ressez aux appareils photo et \u00e0 leur histoire\u00a0? Vous avez trouv\u00e9 sur une brocante l\u2019appareil&#46;&#46;&#46;<\/p>\n","protected":false},"author":2,"featured_media":1617,"comment_status":"closed","ping_status":"closed","sticky":false,"template":"","format":"standard","meta":{"_acf_changed":false,"_oasis_is_in_workflow":0,"_oasis_original":0,"_uag_custom_page_level_css":"","footnotes":""},"categories":[9],"tags":[],"class_list":["post-1615","post","type-post","status-publish","format-standard","has-post-thumbnail","hentry","category-photo"],"acf":[],"uagb_featured_image_src":{"full":["https:\/\/oi-paris.com\/wordpress\/wp-content\/uploads\/2015\/08\/Rolleiflex_28F-66c6b.jpg",362,510,false],"thumbnail":["https:\/\/oi-paris.com\/wordpress\/wp-content\/uploads\/2015\/08\/Rolleiflex_28F-66c6b-150x150.jpg",150,150,true],"medium":["https:\/\/oi-paris.com\/wordpress\/wp-content\/uploads\/2015\/08\/Rolleiflex_28F-66c6b-213x300.jpg",213,300,true],"medium_large":["https:\/\/oi-paris.com\/wordpress\/wp-content\/uploads\/2015\/08\/Rolleiflex_28F-66c6b.jpg",362,510,false],"large":["https:\/\/oi-paris.com\/wordpress\/wp-content\/uploads\/2015\/08\/Rolleiflex_28F-66c6b.jpg",362,510,false],"1536x1536":["https:\/\/oi-paris.com\/wordpress\/wp-content\/uploads\/2015\/08\/Rolleiflex_28F-66c6b.jpg",362,510,false],"2048x2048":["https:\/\/oi-paris.com\/wordpress\/wp-content\/uploads\/2015\/08\/Rolleiflex_28F-66c6b.jpg",362,510,false],"thumb-small":["https:\/\/oi-paris.com\/wordpress\/wp-content\/uploads\/2015\/08\/Rolleiflex_28F-66c6b-160x160.jpg",80,80,true],"thumb-standard":["https:\/\/oi-paris.com\/wordpress\/wp-content\/uploads\/2015\/08\/Rolleiflex_28F-66c6b-320x320.jpg",320,320,true],"thumb-medium":["https:\/\/oi-paris.com\/wordpress\/wp-content\/uploads\/2015\/08\/Rolleiflex_28F-66c6b-520x245.jpg",520,245,true],"thumb-large":["https:\/\/oi-paris.com\/wordpress\/wp-content\/uploads\/2015\/08\/Rolleiflex_28F-66c6b-720x340.jpg",720,340,true],"thumb-xlarge":["https:\/\/oi-paris.com\/wordpress\/wp-content\/uploads\/2015\/08\/Rolleiflex_28F-66c6b.jpg",319,450,false],"thumb-xxlarge":["https:\/\/oi-paris.com\/wordpress\/wp-content\/uploads\/2015\/08\/Rolleiflex_28F-66c6b.jpg",355,500,false],"mailpoet_newsletter_max":["https:\/\/oi-paris.com\/wordpress\/wp-content\/uploads\/2015\/08\/Rolleiflex_28F-66c6b.jpg",362,510,false]},"uagb_author_info":{"display_name":"Rozenn D","author_link":"https:\/\/oi-paris.com\/wordpress\/author\/rozenn\/"},"uagb_comment_info":0,"uagb_excerpt":"Un fantastique site internet pour tous ceux qui aiment les appareils photo et s\u2019int\u00e9ressent \u00e0 leur histoire. Vous vous int\u00e9ressez aux appareils photo et \u00e0 leur histoire\u00a0? Vous avez trouv\u00e9 sur une brocante l\u2019appareil&#46;&#46;&#46;","_links":{"self":[{"href":"https:\/\/oi-paris.com\/wordpress\/wp-json\/wp\/v2\/posts\/1615","targetHints":{"allow":["GET"]}}],"collection":[{"href":"https:\/\/oi-paris.com\/wordpress\/wp-json\/wp\/v2\/posts"}],"about":[{"href":"https:\/\/oi-paris.com\/wordpress\/wp-json\/wp\/v2\/types\/post"}],"author":[{"embeddable":true,"href":"https:\/\/oi-paris.com\/wordpress\/wp-json\/wp\/v2\/users\/2"}],"replies":[{"embeddable":true,"href":"https:\/\/oi-paris.com\/wordpress\/wp-json\/wp\/v2\/comments?post=1615"}],"version-history":[{"count":4,"href":"https:\/\/oi-paris.com\/wordpress\/wp-json\/wp\/v2\/posts\/1615\/revisions"}],"predecessor-version":[{"id":1720,"href":"https:\/\/oi-paris.com\/wordpress\/wp-json\/wp\/v2\/posts\/1615\/revisions\/1720"}],"wp:featuredmedia":[{"embeddable":true,"href":"https:\/\/oi-paris.com\/wordpress\/wp-json\/wp\/v2\/media\/1617"}],"wp:attachment":[{"href":"https:\/\/oi-paris.com\/wordpress\/wp-json\/wp\/v2\/media?parent=1615"}],"wp:term":[{"taxonomy":"category","embeddable":true,"href":"https:\/\/oi-paris.com\/wordpress\/wp-json\/wp\/v2\/categories?post=1615"},{"taxonomy":"post_tag","embeddable":true,"href":"https:\/\/oi-paris.com\/wordpress\/wp-json\/wp\/v2\/tags?post=1615"}],"curies":[{"name":"wp","href":"https:\/\/api.w.org\/{rel}","templated":true}]}}