{"id":1639,"date":"2013-02-20T14:06:40","date_gmt":"2013-02-20T12:06:40","guid":{"rendered":"http:\/\/oi-paris.com\/wordpress\/?p=1639"},"modified":"2015-08-12T15:40:27","modified_gmt":"2015-08-12T13:40:27","slug":"aller-plus-loin-dans-votre-projet-photographique","status":"publish","type":"post","link":"https:\/\/oi-paris.com\/wordpress\/2013\/02\/20\/aller-plus-loin-dans-votre-projet-photographique\/","title":{"rendered":"Aller plus loin dans votre projet photographique"},"content":{"rendered":"<div class=\"chapo\">\n<p><a href=\"http:\/\/oi-paris.com\/wordpress\/wp-content\/uploads\/2015\/08\/Formation-carre.jpg\" data-rel=\"lightbox-image-0\" data-rl_title=\"\" data-rl_caption=\"\" title=\"\"><img loading=\"lazy\" decoding=\"async\" class=\"alignnone size-thumbnail wp-image-1413\" src=\"http:\/\/oi-paris.com\/wordpress\/wp-content\/uploads\/2015\/08\/Formation-carre-150x150.jpg\" alt=\"Formation-carre\" width=\"150\" height=\"150\" srcset=\"https:\/\/oi-paris.com\/wordpress\/wp-content\/uploads\/2015\/08\/Formation-carre-150x150.jpg 150w, https:\/\/oi-paris.com\/wordpress\/wp-content\/uploads\/2015\/08\/Formation-carre-300x300.jpg 300w, https:\/\/oi-paris.com\/wordpress\/wp-content\/uploads\/2015\/08\/Formation-carre-160x160.jpg 160w, https:\/\/oi-paris.com\/wordpress\/wp-content\/uploads\/2015\/08\/Formation-carre-320x320.jpg 320w, https:\/\/oi-paris.com\/wordpress\/wp-content\/uploads\/2015\/08\/Formation-carre.jpg 463w\" sizes=\"auto, (max-width: 150px) 100vw, 150px\" \/><\/a><\/p>\n<p><span style=\"color: #000000;\"><strong>Fran\u00e7ois Henry et Janine pr\u00e9sentent le stage anim\u00e9 par &#8220;Noir d\u2019Ivoire&#8221; auquel ils ont particip\u00e9.<\/strong><\/span><\/p>\n<\/div>\n<p><span style=\"color: #000000;\">Yann de F. nous a comment\u00e9 son savoir au travers de ses exp\u00e9riences professionnelles acquises au cours de missions, de diff\u00e9rents voyages, dont particuli\u00e8rement un voyage au N\u00e9pal, \u00e0 Katmandou.<\/span><\/p>\n<p><a href=\"http:\/\/oi-paris.com\/wordpress\/wp-content\/uploads\/2015\/08\/copie_de_2-le-cours-l1001155-rw-99b25.jpg\" data-rel=\"lightbox-image-1\" data-rl_title=\"\" data-rl_caption=\"\" title=\"\"><img loading=\"lazy\" decoding=\"async\" class=\"alignnone size-full wp-image-1643\" src=\"http:\/\/oi-paris.com\/wordpress\/wp-content\/uploads\/2015\/08\/copie_de_2-le-cours-l1001155-rw-99b25.jpg\" alt=\"copie_de_2-le-cours-l1001155-rw-99b25\" width=\"520\" height=\"780\" srcset=\"https:\/\/oi-paris.com\/wordpress\/wp-content\/uploads\/2015\/08\/copie_de_2-le-cours-l1001155-rw-99b25.jpg 520w, https:\/\/oi-paris.com\/wordpress\/wp-content\/uploads\/2015\/08\/copie_de_2-le-cours-l1001155-rw-99b25-200x300.jpg 200w\" sizes=\"auto, (max-width: 520px) 100vw, 520px\" \/><\/a><\/p>\n<div class=\"texte\">\n<p><span style=\"color: #000000;\">Convivialit\u00e9, simplicit\u00e9 et bonne humeur r\u00e9gnaient dans une organisation parfaite.<\/span><\/p>\n<p><span style=\"color: #000000;\">Nous avions chacun notre appareil photo et un petit ordinateur pour le traitement ult\u00e9rieur de nos images.<\/span><\/p>\n<p><span style=\"color: #000000;\">Yann, pour nous \u00e9viter de nous charger, nous a pr\u00eat\u00e9 des pieds photo. Le mat\u00e9riel accessoire n\u00e9cessaire au tirage de nos images num\u00e9riques \u00e9tait fourni par Noir d\u2019Ivoire.<\/span><\/p>\n<p><span style=\"color: #000000;\">L\u2019atelier qui nous \u00e9tait destin\u00e9 pour r\u00e9aliser nos mises en page occupait habituellement ce qui \u00e9tait un grand laboratoire de traitement argentique professionnel avec, entre autres, quatre agrandisseurs noir et blanc et couleur permettant de traiter tous les \u00ab\u00a0moyens\u00a0\u00bb et \u00ab\u00a0grands formats\u00a0\u00bb de n\u00e9gatifs. <\/span><br \/>\n<span style=\"color: #000000;\">Des tables de lecture et de fa\u00e7onnage \u00e9taient au milieu de la pi\u00e8ce, permettant de circuler autour. Des armoires de rangement \u00e9taient install\u00e9es m\u00e9thodiquement autour de la pi\u00e8ce.<\/span><\/p>\n<p><a href=\"http:\/\/oi-paris.com\/wordpress\/wp-content\/uploads\/2015\/08\/6-groupe-conclusion-noir_divoire_0096-rwjpg-42e23.jpg\" data-rel=\"lightbox-image-2\" data-rl_title=\"\" data-rl_caption=\"\" title=\"\"><img loading=\"lazy\" decoding=\"async\" class=\"alignnone size-full wp-image-1641\" src=\"http:\/\/oi-paris.com\/wordpress\/wp-content\/uploads\/2015\/08\/6-groupe-conclusion-noir_divoire_0096-rwjpg-42e23.jpg\" alt=\"6-groupe-conclusion-noir_divoire_0096-rwjpg-42e23\" width=\"520\" height=\"347\" srcset=\"https:\/\/oi-paris.com\/wordpress\/wp-content\/uploads\/2015\/08\/6-groupe-conclusion-noir_divoire_0096-rwjpg-42e23.jpg 520w, https:\/\/oi-paris.com\/wordpress\/wp-content\/uploads\/2015\/08\/6-groupe-conclusion-noir_divoire_0096-rwjpg-42e23-300x200.jpg 300w\" sizes=\"auto, (max-width: 520px) 100vw, 520px\" \/><\/a><\/p>\n<p><span style=\"color: #000000;\">Yann de Fareins nous a \u00ab\u00a0l\u00e2ch\u00e9s\u00a0\u00bb durant deux jours afin que nous puissions, \u00e0 pied, nous approprier notre propre exp\u00e9rience de ce qui nous \u00e9tait donn\u00e9 d\u2019observer dans la petite cit\u00e9 ducale d\u2019origine m\u00e9di\u00e9vale et dans ses environs proches. <\/span><\/p>\n<p><span style=\"color: #000000;\">En deux jours, certains d\u2019entre nous ont captur\u00e9 un nombre impressionnant de photos\u00a0! Chacun a soumis un premier choix limit\u00e9 \u00e0 une trentaine de vues, tir\u00e9es en \u00ab\u00a0planches de lecture\u00a0\u00bb puis, un second choix de seize \u00e0 vingt photos.<\/span><\/p>\n<p><span style=\"color: #000000;\">La \u00ab\u00a0r\u00e8gle du jeu\u00a0\u00bb voulait que nous r\u00e9alisions par nous-m\u00eames un ouvrage simple [et non pas simpliste] qui devait \u00ab\u00a0raconter une histoire\u00a0\u00bb.<\/span><\/p>\n<p><span style=\"color: #000000;\">La mise en valeur de nos prises de vues \u00e9tait conditionn\u00e9e par le choix du support qu\u2019il nous fallait choisir en fonction du sujet.<\/span><\/p>\n<p><span style=\"color: #000000;\">Nous devions organiser la mise en valeur de nos photos selon notre choix\u00a0: <\/span><br \/>\n<span style=\"color: #000000;\"><img loading=\"lazy\" decoding=\"async\" src=\"http:\/\/oi-paris.com\/local\/cache-vignettes\/L10xH10\/puce-cebf5.gif\" alt=\"-\" width=\"10\" height=\"10\" \/>\u00a0 d\u00e9pliant, assembl\u00e9 en accord\u00e9on, <\/span><br \/>\n<span style=\"color: #000000;\"><img loading=\"lazy\" decoding=\"async\" src=\"http:\/\/oi-paris.com\/local\/cache-vignettes\/L10xH10\/puce-cebf5.gif\" alt=\"-\" width=\"10\" height=\"10\" \/>\u00a0 coffret contenant nos images encadr\u00e9es avec marie-louise. <\/span><br \/>\n<span style=\"color: #000000;\"><img loading=\"lazy\" decoding=\"async\" src=\"http:\/\/oi-paris.com\/local\/cache-vignettes\/L10xH10\/puce-cebf5.gif\" alt=\"-\" width=\"10\" height=\"10\" \/>\u00a0 livret reli\u00e9.<\/span><\/p>\n<p><span style=\"color: #000000;\">Nous avions \u00e0 opter entre ces trois mod\u00e8les, selon le style que nous avions choisi et notre habilet\u00e9 pour le r\u00e9aliser.<\/span><\/p>\n<p><span style=\"color: #000000;\">Yann de Fareins \u00e9tait bien s\u00fbr pr\u00e9sent \u00e0 chaque \u00e9tape de ce fa\u00e7onnage pour nous conseiller \u00e0 tous niveaux.<\/span><\/p>\n<p><a href=\"http:\/\/oi-paris.com\/wordpress\/wp-content\/uploads\/2015\/08\/copie_de_5-etudes-l1001104-1w-e2426.jpg\" data-rel=\"lightbox-image-3\" data-rl_title=\"\" data-rl_caption=\"\" title=\"\"><img loading=\"lazy\" decoding=\"async\" class=\"alignnone size-full wp-image-1645\" src=\"http:\/\/oi-paris.com\/wordpress\/wp-content\/uploads\/2015\/08\/copie_de_5-etudes-l1001104-1w-e2426.jpg\" alt=\"copie_de_5-etudes-l1001104-1w-e2426\" width=\"520\" height=\"347\" srcset=\"https:\/\/oi-paris.com\/wordpress\/wp-content\/uploads\/2015\/08\/copie_de_5-etudes-l1001104-1w-e2426.jpg 520w, https:\/\/oi-paris.com\/wordpress\/wp-content\/uploads\/2015\/08\/copie_de_5-etudes-l1001104-1w-e2426-300x200.jpg 300w\" sizes=\"auto, (max-width: 520px) 100vw, 520px\" \/><\/a><\/p>\n<p><span style=\"color: #000000;\">Y. de Fareins \u00e0 jug\u00e9 bon de commencer \u00e0 faire un tour d\u2019horizon de nos connaissances afin de s\u2019assurer que nous avions les quelques bases utiles\u00a0: &#8211; en prise de vues. &#8211; en traitement informatique d\u2019images. <\/span><br \/>\n<span style=\"color: #000000;\">Ensuite, nous rentions dans le vif du sujet\u00a0: le th\u00e8me que nous choisissions \u00e9tait libre mais nous devions tenter de nous y tenir du mieux que nous pouvions. <\/span><br \/>\n<span style=\"color: #000000;\">Partir de l\u2019id\u00e9e que nous nous faisions de la ville d\u2019Uz\u00e8s, de ses habitants, de ses commer\u00e7ants, de ses touristes ou de son paysage environnant. Certains, plus t\u00e9m\u00e9raires, ont choisis un th\u00e8me abstrait ou un catalogage architectural des sp\u00e9cificit\u00e9s de la ville.<\/span><\/p>\n<p><span style=\"color: #000000;\">Les deux jours suivants, la prise de vues\u00a0:<\/span><br \/>\n<span style=\"color: #000000;\">Durant ces deux jours complets, \u00e0 chaque retour de la mi-journ\u00e9e, nous nous retrouvions autour de la table de travail pour faire part de nos questions, de nos difficult\u00e9s \u00e0 respecter notre programme. Nous recevions en retour les conseils n\u00e9cessaires pour nous recentrer sur notre sujet.<\/span><\/p>\n<p><span style=\"color: #000000;\">Il s\u2019agissait de r\u00e9aliser, au travers de l\u2019id\u00e9e que nous nous faisions de cette ville, des portraits de personnages qui nous inspiraient, de commer\u00e7ants locaux devant leur lieu de travail, \u00ab\u00a0gens d\u2019Uz\u00e8s\u00a0\u00bb, en regard du grand duch\u00e9 qui dominait la ville historique depuis pr\u00e8s de 800 ans sur lequel Monsieur le Duc, dernier descendant prestigieux devait, selon le th\u00e8me de l\u2019un de nous, sembler r\u00e9gner en grand Seigneur et Ma\u00eetre, comme hi\u00e9ratiquement fig\u00e9 dans son \u00e9ternit\u00e9\u2026<\/span><br \/>\n<span style=\"color: #000000;\">Allant par n\u00e9cessit\u00e9 avec tout notre attirail photographique, pas question de nous cacher de nos intentions aupr\u00e8s des riverains.<\/span><\/p>\n<p><a href=\"http:\/\/oi-paris.com\/wordpress\/wp-content\/uploads\/2015\/08\/copie_de_4-la-pose-1-noir_divoire_0316-rw-1a6a8.jpg\" data-rel=\"lightbox-image-4\" data-rl_title=\"\" data-rl_caption=\"\" title=\"\"><img loading=\"lazy\" decoding=\"async\" class=\"alignnone size-full wp-image-1644\" src=\"http:\/\/oi-paris.com\/wordpress\/wp-content\/uploads\/2015\/08\/copie_de_4-la-pose-1-noir_divoire_0316-rw-1a6a8.jpg\" alt=\"copie_de_4-la-pose-1-noir_divoire_0316-rw-1a6a8\" width=\"520\" height=\"347\" srcset=\"https:\/\/oi-paris.com\/wordpress\/wp-content\/uploads\/2015\/08\/copie_de_4-la-pose-1-noir_divoire_0316-rw-1a6a8.jpg 520w, https:\/\/oi-paris.com\/wordpress\/wp-content\/uploads\/2015\/08\/copie_de_4-la-pose-1-noir_divoire_0316-rw-1a6a8-300x200.jpg 300w\" sizes=\"auto, (max-width: 520px) 100vw, 520px\" \/><\/a><\/p>\n<p><span style=\"color: #000000;\">Nous devions aller au-devant de ces gens sans le moindre d\u00e9tour\u00a0: <\/span><br \/>\n<span style=\"color: #000000;\"><img loading=\"lazy\" decoding=\"async\" src=\"http:\/\/oi-paris.com\/local\/cache-vignettes\/L10xH10\/puce-cebf5.gif\" alt=\"-\" width=\"10\" height=\"10\" \/>\u00a0 entamer le dialogue et dire ce que nous faisions l\u00e0. <\/span><br \/>\n<span style=\"color: #000000;\"><img loading=\"lazy\" decoding=\"async\" src=\"http:\/\/oi-paris.com\/local\/cache-vignettes\/L10xH10\/puce-cebf5.gif\" alt=\"-\" width=\"10\" height=\"10\" \/>\u00a0 provoquer le contact avec la population.<\/span><\/p>\n<p><span style=\"color: #000000;\">De toute \u00e9vidence, ce fut la seule mani\u00e8re de nous faire admettre. Tous les moyens \u00e9taient bons. \u00c0 ceux qui tenaient \u00e0 recevoir des photos nous donnions notre adresse internet.<\/span><\/p>\n<p><span style=\"color: #000000;\">Certains venaient \u00e0 nous, spontan\u00e9ment\u00a0! Rares sont ceux qui se sont d\u00e9rob\u00e9s \u00e0 notre objectif photographique. Plus l\u2019appareil \u00e9tait visible, plus nous \u00e9tions tol\u00e9r\u00e9s voire accept\u00e9s. <\/span><\/p>\n<p><span style=\"color: #000000;\">De ce contraste entre les habitants d\u2019aujourd\u2019hui et ceux d\u2019hier est n\u00e9 un modeste petit livret que nous avons r\u00e9alis\u00e9 chacun \u00e0 notre fa\u00e7on. <\/span><\/p>\n<p><span style=\"color: #000000;\">Il ne nous a pas \u00e9t\u00e9 demand\u00e9 de faire le livre de notre vie, mais de parvenir gr\u00e2ce au travail propos\u00e9, \u00e0 r\u00e9aliser un Livre d\u2019Auteur.<\/span><\/p>\n<p><span style=\"color: #000000;\">Ce stage a \u00e9t\u00e9 tr\u00e8s enrichissant et positif dans tous les domaines, de la conception \u00e0 la r\u00e9alisation.<\/span><\/p>\n<p><span style=\"color: #000000;\">Nous remercions tr\u00e8s chaleureusement Objectif Image de vous avoir permis de participer \u00e0 ce stage.<\/span><\/p>\n<p><em><span style=\"color: #000000;\">Jeannine LA\u00cfK et Fran\u00e7ois Henry Nicoly<\/span><\/em><\/p>\n<p><a href=\"http:\/\/oi-paris.com\/wordpress\/wp-content\/uploads\/2015\/08\/7-noir-divoire_groupe-0085-rw-0ebe2.jpg\" data-rel=\"lightbox-image-5\" data-rl_title=\"\" data-rl_caption=\"\" title=\"\"><img loading=\"lazy\" decoding=\"async\" class=\"alignnone size-full wp-image-1642\" src=\"http:\/\/oi-paris.com\/wordpress\/wp-content\/uploads\/2015\/08\/7-noir-divoire_groupe-0085-rw-0ebe2.jpg\" alt=\"7-noir-divoire_groupe-0085-rw-0ebe2\" width=\"520\" height=\"347\" srcset=\"https:\/\/oi-paris.com\/wordpress\/wp-content\/uploads\/2015\/08\/7-noir-divoire_groupe-0085-rw-0ebe2.jpg 520w, https:\/\/oi-paris.com\/wordpress\/wp-content\/uploads\/2015\/08\/7-noir-divoire_groupe-0085-rw-0ebe2-300x200.jpg 300w\" sizes=\"auto, (max-width: 520px) 100vw, 520px\" \/><\/a><\/p>\n<\/div>\n","protected":false},"excerpt":{"rendered":"<p>Fran\u00e7ois Henry et Janine pr\u00e9sentent le stage anim\u00e9 par &#8220;Noir d\u2019Ivoire&#8221; auquel ils ont particip\u00e9. Yann de F. nous a comment\u00e9 son savoir au travers de ses exp\u00e9riences professionnelles acquises au cours de missions,&#46;&#46;&#46;<\/p>\n","protected":false},"author":2,"featured_media":1641,"comment_status":"closed","ping_status":"closed","sticky":false,"template":"","format":"standard","meta":{"_acf_changed":false,"_oasis_is_in_workflow":0,"_oasis_original":0,"_uag_custom_page_level_css":"","footnotes":""},"categories":[23,9],"tags":[],"class_list":["post-1639","post","type-post","status-publish","format-standard","has-post-thumbnail","hentry","category-compte-rendu-de-stage","category-photo"],"acf":[],"uagb_featured_image_src":{"full":["https:\/\/oi-paris.com\/wordpress\/wp-content\/uploads\/2015\/08\/6-groupe-conclusion-noir_divoire_0096-rwjpg-42e23.jpg",520,347,false],"thumbnail":["https:\/\/oi-paris.com\/wordpress\/wp-content\/uploads\/2015\/08\/6-groupe-conclusion-noir_divoire_0096-rwjpg-42e23-150x150.jpg",150,150,true],"medium":["https:\/\/oi-paris.com\/wordpress\/wp-content\/uploads\/2015\/08\/6-groupe-conclusion-noir_divoire_0096-rwjpg-42e23-300x200.jpg",300,200,true],"medium_large":["https:\/\/oi-paris.com\/wordpress\/wp-content\/uploads\/2015\/08\/6-groupe-conclusion-noir_divoire_0096-rwjpg-42e23.jpg",520,347,false],"large":["https:\/\/oi-paris.com\/wordpress\/wp-content\/uploads\/2015\/08\/6-groupe-conclusion-noir_divoire_0096-rwjpg-42e23.jpg",520,347,false],"1536x1536":["https:\/\/oi-paris.com\/wordpress\/wp-content\/uploads\/2015\/08\/6-groupe-conclusion-noir_divoire_0096-rwjpg-42e23.jpg",520,347,false],"2048x2048":["https:\/\/oi-paris.com\/wordpress\/wp-content\/uploads\/2015\/08\/6-groupe-conclusion-noir_divoire_0096-rwjpg-42e23.jpg",520,347,false],"thumb-small":["https:\/\/oi-paris.com\/wordpress\/wp-content\/uploads\/2015\/08\/6-groupe-conclusion-noir_divoire_0096-rwjpg-42e23-160x160.jpg",80,80,true],"thumb-standard":["https:\/\/oi-paris.com\/wordpress\/wp-content\/uploads\/2015\/08\/6-groupe-conclusion-noir_divoire_0096-rwjpg-42e23-320x320.jpg",320,320,true],"thumb-medium":["https:\/\/oi-paris.com\/wordpress\/wp-content\/uploads\/2015\/08\/6-groupe-conclusion-noir_divoire_0096-rwjpg-42e23-520x245.jpg",520,245,true],"thumb-large":["https:\/\/oi-paris.com\/wordpress\/wp-content\/uploads\/2015\/08\/6-groupe-conclusion-noir_divoire_0096-rwjpg-42e23-720x340.jpg",720,340,true],"thumb-xlarge":["https:\/\/oi-paris.com\/wordpress\/wp-content\/uploads\/2015\/08\/6-groupe-conclusion-noir_divoire_0096-rwjpg-42e23.jpg",520,347,false],"thumb-xxlarge":["https:\/\/oi-paris.com\/wordpress\/wp-content\/uploads\/2015\/08\/6-groupe-conclusion-noir_divoire_0096-rwjpg-42e23.jpg",520,347,false],"mailpoet_newsletter_max":["https:\/\/oi-paris.com\/wordpress\/wp-content\/uploads\/2015\/08\/6-groupe-conclusion-noir_divoire_0096-rwjpg-42e23.jpg",520,347,false]},"uagb_author_info":{"display_name":"Rozenn D","author_link":"https:\/\/oi-paris.com\/wordpress\/author\/rozenn\/"},"uagb_comment_info":0,"uagb_excerpt":"Fran\u00e7ois Henry et Janine pr\u00e9sentent le stage anim\u00e9 par &#8220;Noir d\u2019Ivoire&#8221; auquel ils ont particip\u00e9. Yann de F. nous a comment\u00e9 son savoir au travers de ses exp\u00e9riences professionnelles acquises au cours de missions,&#46;&#46;&#46;","_links":{"self":[{"href":"https:\/\/oi-paris.com\/wordpress\/wp-json\/wp\/v2\/posts\/1639","targetHints":{"allow":["GET"]}}],"collection":[{"href":"https:\/\/oi-paris.com\/wordpress\/wp-json\/wp\/v2\/posts"}],"about":[{"href":"https:\/\/oi-paris.com\/wordpress\/wp-json\/wp\/v2\/types\/post"}],"author":[{"embeddable":true,"href":"https:\/\/oi-paris.com\/wordpress\/wp-json\/wp\/v2\/users\/2"}],"replies":[{"embeddable":true,"href":"https:\/\/oi-paris.com\/wordpress\/wp-json\/wp\/v2\/comments?post=1639"}],"version-history":[{"count":5,"href":"https:\/\/oi-paris.com\/wordpress\/wp-json\/wp\/v2\/posts\/1639\/revisions"}],"predecessor-version":[{"id":1660,"href":"https:\/\/oi-paris.com\/wordpress\/wp-json\/wp\/v2\/posts\/1639\/revisions\/1660"}],"wp:featuredmedia":[{"embeddable":true,"href":"https:\/\/oi-paris.com\/wordpress\/wp-json\/wp\/v2\/media\/1641"}],"wp:attachment":[{"href":"https:\/\/oi-paris.com\/wordpress\/wp-json\/wp\/v2\/media?parent=1639"}],"wp:term":[{"taxonomy":"category","embeddable":true,"href":"https:\/\/oi-paris.com\/wordpress\/wp-json\/wp\/v2\/categories?post=1639"},{"taxonomy":"post_tag","embeddable":true,"href":"https:\/\/oi-paris.com\/wordpress\/wp-json\/wp\/v2\/tags?post=1639"}],"curies":[{"name":"wp","href":"https:\/\/api.w.org\/{rel}","templated":true}]}}