{"id":18526,"date":"2025-09-09T09:14:00","date_gmt":"2025-09-09T07:14:00","guid":{"rendered":"https:\/\/oi-paris.com\/wordpress\/?p=18526"},"modified":"2025-09-13T18:34:37","modified_gmt":"2025-09-13T16:34:37","slug":"sortie-oi-au-pays-du-manga","status":"publish","type":"post","link":"https:\/\/oi-paris.com\/wordpress\/2025\/09\/09\/sortie-oi-au-pays-du-manga\/","title":{"rendered":"Sortie OI au pays du manga"},"content":{"rendered":"\n<p>Dans le cadre du festival de manga Harajuku au parc de Bercy, nous vous invitons \u00e0 d\u00e9couvrir cet univers particulier qui rassemble tous les amateurs de manga japonais et en particulier le traditionnel d\u00e9fil\u00e9 de cosplay.<\/p>\n\n\n\n<p>Vous ne savez pas ce que veut dire le mot cosplay ? <\/p>\n\n\n\n<p>Si vous vous inscrivez <a href=\"https:\/\/oi-paris.com\/wordpress\/evenement-doi-paris\/\" data-type=\"link\" data-id=\"https:\/\/oi-paris.com\/wordpress\/evenement-doi-paris\/\">ICI<\/a> vous en saurez plus !<\/p>\n\n\n<div class=\"wp-block-image is-style-default\">\n<figure class=\"aligncenter size-large\"><img loading=\"lazy\" decoding=\"async\" width=\"734\" height=\"1024\" src=\"https:\/\/oi-paris.com\/wordpress\/wp-content\/uploads\/2025\/09\/harajuku___2025-734x1024.webp\" alt=\"\" class=\"wp-image-18527\" srcset=\"https:\/\/oi-paris.com\/wordpress\/wp-content\/uploads\/2025\/09\/harajuku___2025-734x1024.webp 734w, https:\/\/oi-paris.com\/wordpress\/wp-content\/uploads\/2025\/09\/harajuku___2025-215x300.webp 215w, https:\/\/oi-paris.com\/wordpress\/wp-content\/uploads\/2025\/09\/harajuku___2025-768x1071.webp 768w, https:\/\/oi-paris.com\/wordpress\/wp-content\/uploads\/2025\/09\/harajuku___2025.webp 800w\" sizes=\"auto, (max-width: 734px) 100vw, 734px\" \/><\/figure>\n<\/div>","protected":false},"excerpt":{"rendered":"<p>Dans le cadre du festival de manga Harajuku au parc de Bercy, nous vous invitons \u00e0 d\u00e9couvrir cet univers particulier qui rassemble tous les amateurs de manga japonais et en particulier le traditionnel d\u00e9fil\u00e9&#46;&#46;&#46;<\/p>\n","protected":false},"author":31,"featured_media":18536,"comment_status":"closed","ping_status":"closed","sticky":false,"template":"","format":"standard","meta":{"_acf_changed":false,"_oasis_is_in_workflow":0,"_oasis_original":0,"_uag_custom_page_level_css":"","footnotes":""},"categories":[115,10],"tags":[],"class_list":["post-18526","post","type-post","status-publish","format-standard","has-post-thumbnail","hentry","category-info-oi","category-sortie-photo"],"acf":[],"uagb_featured_image_src":{"full":["https:\/\/oi-paris.com\/wordpress\/wp-content\/uploads\/2025\/09\/festival-Hara-Juku.jpg",1173,1041,false],"thumbnail":["https:\/\/oi-paris.com\/wordpress\/wp-content\/uploads\/2025\/09\/festival-Hara-Juku-150x150.jpg",150,150,true],"medium":["https:\/\/oi-paris.com\/wordpress\/wp-content\/uploads\/2025\/09\/festival-Hara-Juku-300x266.jpg",300,266,true],"medium_large":["https:\/\/oi-paris.com\/wordpress\/wp-content\/uploads\/2025\/09\/festival-Hara-Juku-768x682.jpg",768,682,true],"large":["https:\/\/oi-paris.com\/wordpress\/wp-content\/uploads\/2025\/09\/festival-Hara-Juku-1024x909.jpg",1024,909,true],"1536x1536":["https:\/\/oi-paris.com\/wordpress\/wp-content\/uploads\/2025\/09\/festival-Hara-Juku.jpg",1173,1041,false],"2048x2048":["https:\/\/oi-paris.com\/wordpress\/wp-content\/uploads\/2025\/09\/festival-Hara-Juku.jpg",1173,1041,false],"thumb-small":["https:\/\/oi-paris.com\/wordpress\/wp-content\/uploads\/2025\/09\/festival-Hara-Juku-80x80.jpg",80,80,true],"thumb-standard":["https:\/\/oi-paris.com\/wordpress\/wp-content\/uploads\/2025\/09\/festival-Hara-Juku-320x320.jpg",320,320,true],"thumb-medium":["https:\/\/oi-paris.com\/wordpress\/wp-content\/uploads\/2025\/09\/festival-Hara-Juku-520x245.jpg",520,245,true],"thumb-large":["https:\/\/oi-paris.com\/wordpress\/wp-content\/uploads\/2025\/09\/festival-Hara-Juku-720x340.jpg",720,340,true],"thumb-xlarge":["https:\/\/oi-paris.com\/wordpress\/wp-content\/uploads\/2025\/09\/festival-Hara-Juku-980x450.jpg",980,450,true],"thumb-xxlarge":["https:\/\/oi-paris.com\/wordpress\/wp-content\/uploads\/2025\/09\/festival-Hara-Juku-1173x500.jpg",1173,500,true],"mailpoet_newsletter_max":["https:\/\/oi-paris.com\/wordpress\/wp-content\/uploads\/2025\/09\/festival-Hara-Juku.jpg",1173,1041,false]},"uagb_author_info":{"display_name":"SOPHIE HERAIL","author_link":"https:\/\/oi-paris.com\/wordpress\/author\/herailsophie\/"},"uagb_comment_info":0,"uagb_excerpt":"Dans le cadre du festival de manga Harajuku au parc de Bercy, nous vous invitons \u00e0 d\u00e9couvrir cet univers particulier qui rassemble tous les amateurs de manga japonais et en particulier le traditionnel d\u00e9fil\u00e9&#46;&#46;&#46;","_links":{"self":[{"href":"https:\/\/oi-paris.com\/wordpress\/wp-json\/wp\/v2\/posts\/18526","targetHints":{"allow":["GET"]}}],"collection":[{"href":"https:\/\/oi-paris.com\/wordpress\/wp-json\/wp\/v2\/posts"}],"about":[{"href":"https:\/\/oi-paris.com\/wordpress\/wp-json\/wp\/v2\/types\/post"}],"author":[{"embeddable":true,"href":"https:\/\/oi-paris.com\/wordpress\/wp-json\/wp\/v2\/users\/31"}],"replies":[{"embeddable":true,"href":"https:\/\/oi-paris.com\/wordpress\/wp-json\/wp\/v2\/comments?post=18526"}],"version-history":[{"count":5,"href":"https:\/\/oi-paris.com\/wordpress\/wp-json\/wp\/v2\/posts\/18526\/revisions"}],"predecessor-version":[{"id":18546,"href":"https:\/\/oi-paris.com\/wordpress\/wp-json\/wp\/v2\/posts\/18526\/revisions\/18546"}],"wp:featuredmedia":[{"embeddable":true,"href":"https:\/\/oi-paris.com\/wordpress\/wp-json\/wp\/v2\/media\/18536"}],"wp:attachment":[{"href":"https:\/\/oi-paris.com\/wordpress\/wp-json\/wp\/v2\/media?parent=18526"}],"wp:term":[{"taxonomy":"category","embeddable":true,"href":"https:\/\/oi-paris.com\/wordpress\/wp-json\/wp\/v2\/categories?post=18526"},{"taxonomy":"post_tag","embeddable":true,"href":"https:\/\/oi-paris.com\/wordpress\/wp-json\/wp\/v2\/tags?post=18526"}],"curies":[{"name":"wp","href":"https:\/\/api.w.org\/{rel}","templated":true}]}}