{"id":2571,"date":"2015-10-23T14:42:16","date_gmt":"2015-10-23T12:42:16","guid":{"rendered":"http:\/\/oi-paris.com\/wordpress\/?p=2571"},"modified":"2016-02-03T16:53:10","modified_gmt":"2016-02-03T14:53:10","slug":"universite-de-la-photo-dauteur-saison-3","status":"publish","type":"post","link":"https:\/\/oi-paris.com\/wordpress\/2015\/10\/23\/universite-de-la-photo-dauteur-saison-3\/","title":{"rendered":"Universit\u00e9 de la photo d&#8217;auteur saison 3"},"content":{"rendered":"<p><a href=\"http:\/\/oi-paris.com\/wordpress\/wp-content\/uploads\/2015\/08\/Reunion.jpg\" data-rel=\"lightbox-image-0\" data-rl_title=\"\" data-rl_caption=\"\" title=\"\"><img loading=\"lazy\" decoding=\"async\" class=\"alignnone wp-image-1740 size-thumbnail\" src=\"http:\/\/oi-paris.com\/wordpress\/wp-content\/uploads\/2015\/08\/Reunion-150x150.jpg\" alt=\"Reunion\" width=\"150\" height=\"150\" srcset=\"https:\/\/oi-paris.com\/wordpress\/wp-content\/uploads\/2015\/08\/Reunion-150x150.jpg 150w, https:\/\/oi-paris.com\/wordpress\/wp-content\/uploads\/2015\/08\/Reunion-160x160.jpg 160w, https:\/\/oi-paris.com\/wordpress\/wp-content\/uploads\/2015\/08\/Reunion-320x320.jpg 320w\" sizes=\"auto, (max-width: 150px) 100vw, 150px\" \/><\/a><\/p>\n<p><span style=\"color: #000000;\"><strong>De quoi s&#8217;agit-il ?<\/strong><\/span><\/p>\n<p><span style=\"color: #000000;\">L&#8217;universit\u00e9 de la photographie d&#8217;auteur ouvre ses portes pour la troisi\u00e8me ann\u00e9e. Le principe de cette &#8220;universit\u00e9&#8221; consiste \u00e0 permettre \u00e0 chaque participant de prendre conscience de sa personnalit\u00e9 en tant que photographe (on dit aussi d\u00e9couvrir son noyau dur, voire son ADN de photographe) puis de se lancer dans la r\u00e9alisation d&#8217;un projet sur l&#8217;ann\u00e9e. Ce projet pouvant \u00eatre un portfolio, un reportage, une exposition, un livre&#8230;<\/span><\/p>\n<p><span style=\"color: #000000;\">Pour ce travail chacun peut se faire accompagner d&#8217;un &#8220;parrain&#8221; ou d&#8217;une &#8220;marraine&#8221;, et profiter de la dynamique du groupe pour avancer. Chaque projet \u00e9tant pr\u00e9sent\u00e9,\u00a0discut\u00e9 et analys\u00e9 lors des r\u00e9unions. Bien entendu, le r\u00f4le du groupe est d&#8217;\u00e9mettre des avis, de donner des impressions, et non pas de refaire le projet \u00e0 la place de l&#8217;auteur ou de le diriger.<\/span><\/p>\n<p><span style=\"color: #000000;\">L&#8217;universit\u00e9 est ouverte aux adh\u00e9rents d\u00e9sireux de progresser dans la photographie dite d&#8217;auteur, aux conditions suivantes:<\/span><\/p>\n<ul>\n<li><span style=\"color: #000000;\">s&#8217;inscrire au d\u00e9but de la saison en participant aux premi\u00e8res r\u00e9unions. Compte tenu de la notion de projet, il n&#8217;est pas possible d&#8217;int\u00e9grer le groupe en cours d&#8217;ann\u00e9e,<\/span><\/li>\n<li><span style=\"color: #000000;\">se trouver un parrain (ou une marraine) par affinit\u00e9 photographique,<\/span><\/li>\n<li><span style=\"color: #000000;\">\u00eatre assidu aux r\u00e9unions,<\/span><\/li>\n<li><span style=\"color: #000000;\">avoir un projet en t\u00eate, ou au minimum une envie de projet.<\/span><\/li>\n<\/ul>\n<p><span style=\"color: #000000;\"><strong>C&#8217;est quand ?<\/strong><\/span><\/p>\n<p><span style=\"color: #000000;\">Chaque 4e mercredi du mois (sauf exceptions \u00a0les lundi 23 novembre et lundi 21 d\u00e9cembre)<\/span><\/p>\n<p><span style=\"color: #000000;\"><strong>C&#8217;est o\u00f9 ?<\/strong><\/span><\/p>\n<p><span style=\"color: #000000;\">8 rue Brillat Savarin, 75013 Paris (Salle RC1) (sauf mercredi 28 octobre en salle 16)<\/span><\/p>\n<p>&nbsp;<\/p>\n","protected":false},"excerpt":{"rendered":"<p>De quoi s&#8217;agit-il ? L&#8217;universit\u00e9 de la photographie d&#8217;auteur ouvre ses portes pour la troisi\u00e8me ann\u00e9e. Le principe de cette &#8220;universit\u00e9&#8221; consiste \u00e0 permettre \u00e0 chaque participant de prendre conscience de sa personnalit\u00e9 en&#46;&#46;&#46;<\/p>\n","protected":false},"author":4,"featured_media":2054,"comment_status":"closed","ping_status":"closed","sticky":false,"template":"","format":"standard","meta":{"_acf_changed":false,"_oasis_is_in_workflow":0,"_oasis_original":0,"_uag_custom_page_level_css":"","footnotes":""},"categories":[9],"tags":[],"class_list":["post-2571","post","type-post","status-publish","format-standard","has-post-thumbnail","hentry","category-photo"],"acf":[],"uagb_featured_image_src":{"full":["https:\/\/oi-paris.com\/wordpress\/wp-content\/uploads\/2015\/08\/4325434-la-rentree-scolaire-en-10-chiffres1.jpg",645,320,false],"thumbnail":["https:\/\/oi-paris.com\/wordpress\/wp-content\/uploads\/2015\/08\/4325434-la-rentree-scolaire-en-10-chiffres1-150x150.jpg",150,150,true],"medium":["https:\/\/oi-paris.com\/wordpress\/wp-content\/uploads\/2015\/08\/4325434-la-rentree-scolaire-en-10-chiffres1-300x149.jpg",300,149,true],"medium_large":["https:\/\/oi-paris.com\/wordpress\/wp-content\/uploads\/2015\/08\/4325434-la-rentree-scolaire-en-10-chiffres1.jpg",645,320,false],"large":["https:\/\/oi-paris.com\/wordpress\/wp-content\/uploads\/2015\/08\/4325434-la-rentree-scolaire-en-10-chiffres1.jpg",645,320,false],"1536x1536":["https:\/\/oi-paris.com\/wordpress\/wp-content\/uploads\/2015\/08\/4325434-la-rentree-scolaire-en-10-chiffres1.jpg",645,320,false],"2048x2048":["https:\/\/oi-paris.com\/wordpress\/wp-content\/uploads\/2015\/08\/4325434-la-rentree-scolaire-en-10-chiffres1.jpg",645,320,false],"thumb-small":["https:\/\/oi-paris.com\/wordpress\/wp-content\/uploads\/2015\/08\/4325434-la-rentree-scolaire-en-10-chiffres1-160x160.jpg",80,80,true],"thumb-standard":["https:\/\/oi-paris.com\/wordpress\/wp-content\/uploads\/2015\/08\/4325434-la-rentree-scolaire-en-10-chiffres1-320x320.jpg",320,320,true],"thumb-medium":["https:\/\/oi-paris.com\/wordpress\/wp-content\/uploads\/2015\/08\/4325434-la-rentree-scolaire-en-10-chiffres1-520x245.jpg",520,245,true],"thumb-large":["https:\/\/oi-paris.com\/wordpress\/wp-content\/uploads\/2015\/08\/4325434-la-rentree-scolaire-en-10-chiffres1-720x340.jpg",720,340,true],"thumb-xlarge":["https:\/\/oi-paris.com\/wordpress\/wp-content\/uploads\/2015\/08\/4325434-la-rentree-scolaire-en-10-chiffres1.jpg",645,320,false],"thumb-xxlarge":["https:\/\/oi-paris.com\/wordpress\/wp-content\/uploads\/2015\/08\/4325434-la-rentree-scolaire-en-10-chiffres1.jpg",645,320,false],"mailpoet_newsletter_max":["https:\/\/oi-paris.com\/wordpress\/wp-content\/uploads\/2015\/08\/4325434-la-rentree-scolaire-en-10-chiffres1.jpg",645,320,false]},"uagb_author_info":{"display_name":"Jean Paul Petit","author_link":"https:\/\/oi-paris.com\/wordpress\/author\/jean-paul\/"},"uagb_comment_info":0,"uagb_excerpt":"De quoi s&#8217;agit-il ? L&#8217;universit\u00e9 de la photographie d&#8217;auteur ouvre ses portes pour la troisi\u00e8me ann\u00e9e. Le principe de cette &#8220;universit\u00e9&#8221; consiste \u00e0 permettre \u00e0 chaque participant de prendre conscience de sa personnalit\u00e9 en&#46;&#46;&#46;","_links":{"self":[{"href":"https:\/\/oi-paris.com\/wordpress\/wp-json\/wp\/v2\/posts\/2571","targetHints":{"allow":["GET"]}}],"collection":[{"href":"https:\/\/oi-paris.com\/wordpress\/wp-json\/wp\/v2\/posts"}],"about":[{"href":"https:\/\/oi-paris.com\/wordpress\/wp-json\/wp\/v2\/types\/post"}],"author":[{"embeddable":true,"href":"https:\/\/oi-paris.com\/wordpress\/wp-json\/wp\/v2\/users\/4"}],"replies":[{"embeddable":true,"href":"https:\/\/oi-paris.com\/wordpress\/wp-json\/wp\/v2\/comments?post=2571"}],"version-history":[{"count":5,"href":"https:\/\/oi-paris.com\/wordpress\/wp-json\/wp\/v2\/posts\/2571\/revisions"}],"predecessor-version":[{"id":3376,"href":"https:\/\/oi-paris.com\/wordpress\/wp-json\/wp\/v2\/posts\/2571\/revisions\/3376"}],"wp:featuredmedia":[{"embeddable":true,"href":"https:\/\/oi-paris.com\/wordpress\/wp-json\/wp\/v2\/media\/2054"}],"wp:attachment":[{"href":"https:\/\/oi-paris.com\/wordpress\/wp-json\/wp\/v2\/media?parent=2571"}],"wp:term":[{"taxonomy":"category","embeddable":true,"href":"https:\/\/oi-paris.com\/wordpress\/wp-json\/wp\/v2\/categories?post=2571"},{"taxonomy":"post_tag","embeddable":true,"href":"https:\/\/oi-paris.com\/wordpress\/wp-json\/wp\/v2\/tags?post=2571"}],"curies":[{"name":"wp","href":"https:\/\/api.w.org\/{rel}","templated":true}]}}