{"id":2592,"date":"2017-05-01T15:00:41","date_gmt":"2017-05-01T13:00:41","guid":{"rendered":"http:\/\/oi-paris.com\/wordpress\/?p=2592"},"modified":"2017-05-01T15:49:52","modified_gmt":"2017-05-01T13:49:52","slug":"mardi-doi-3-novembre-2015","status":"publish","type":"post","link":"https:\/\/oi-paris.com\/wordpress\/2017\/05\/01\/mardi-doi-3-novembre-2015\/","title":{"rendered":"Mardi d&#8217;OI"},"content":{"rendered":"<p><a href=\"http:\/\/oi-paris.com\/wordpress\/wp-content\/uploads\/2015\/08\/Reunion-carre.jpg\" data-rel=\"lightbox-image-0\" data-rl_title=\"\" data-rl_caption=\"\" title=\"\"><img loading=\"lazy\" decoding=\"async\" class=\"alignnone wp-image-1743 size-thumbnail\" src=\"http:\/\/oi-paris.com\/wordpress\/wp-content\/uploads\/2015\/08\/Reunion-carre-150x150.jpg\" alt=\"Reunion-carre\" width=\"150\" height=\"150\" srcset=\"https:\/\/oi-paris.com\/wordpress\/wp-content\/uploads\/2015\/08\/Reunion-carre-150x150.jpg 150w, https:\/\/oi-paris.com\/wordpress\/wp-content\/uploads\/2015\/08\/Reunion-carre-300x300.jpg 300w, https:\/\/oi-paris.com\/wordpress\/wp-content\/uploads\/2015\/08\/Reunion-carre-160x160.jpg 160w, https:\/\/oi-paris.com\/wordpress\/wp-content\/uploads\/2015\/08\/Reunion-carre-320x320.jpg 320w, https:\/\/oi-paris.com\/wordpress\/wp-content\/uploads\/2015\/08\/Reunion-carre.jpg 463w\" sizes=\"auto, (max-width: 150px) 100vw, 150px\" \/><\/a><\/p>\n<p><span style=\"color: #000000;\">C&#8217;est demain. Enfin si vous ne lisez cet article que mardi, c&#8217;est aujourd&#8217;hui&#8230;<\/span><\/p>\n<p><!--more--><\/p>\n<p><span style=\"color: #000000;\"><strong>Au programme :<\/strong><\/span><\/p>\n<ul>\n<li><span style=\"color: #000000;\">Accueil des participants<\/span><\/li>\n<li><span style=\"color: #000000;\">Informations culturelles (expositions \u00e0 voir, sorties)<\/span><\/li>\n<li><span style=\"color: #000000;\">Informations sur la vie du club (activit\u00e9s \u00e0 venir, projets en cours)<\/span><\/li>\n<li><span style=\"color: #000000;\">Le photographe myst\u00e8re<br \/>\n<\/span><\/li>\n<li><span style=\"color: #000000;\">L&#8217;adh\u00e9rent du mois<br \/>\n<\/span><\/li>\n<li><span style=\"color: #000000;\">Pr\u00e9sentation de photos, diaporama ou film, propos\u00e9s par les participants(l&#8217;auberge espagnole)<br \/>\n<\/span><\/p>\n<ul>\n<li><span style=\"color: #000000;\">3 images maximum par personne <\/span><\/li>\n<\/ul>\n<\/li>\n<\/ul>\n<p style=\"padding-left: 30px;\"><span style=\"color: #000000;\">Un groupe de 3 participants (d\u00e9sign\u00e9s en d\u00e9but de s\u00e9ance) choisira la photo la plus int\u00e9ressante parmi celles propos\u00e9es par les adh\u00e9rents dans le cadre de &#8220;l&#8217;auberge espagnole&#8221;. L&#8217;auteur de cette image sera invit\u00e9 \u00e0 pr\u00e9parer pour le mois le mois suivant :<\/span><\/p>\n<ul>\n<li style=\"padding-left: 30px;\"><span style=\"color: #000000;\">un photographe myst\u00e8re de son choix,<\/span><\/li>\n<li style=\"padding-left: 30px;\"><span style=\"color: #000000;\">une dizaine de photos choisies parmi sa production personnelle. Pour effectuer sa s\u00e9lection, il pourra se faire aider par un coll\u00e8gue.<\/span><\/li>\n<\/ul>\n<p><span style=\"color: #000000;\"><strong>C&#8217;est quand ?<\/strong><\/span><\/p>\n<p><span style=\"color: #000000;\">Mardi 2 mai0101\u00a0\u00e0 partir de 19h<\/span><\/p>\n<p><span style=\"color: #000000;\"><strong>C&#8217;est o\u00f9 ?<\/strong><\/span><\/p>\n<p><span style=\"color: #000000;\">8 rue Brillat Savarin 75013 Paris (Salle RC1)<\/span><\/p>\n","protected":false},"excerpt":{"rendered":"<p>C&#8217;est demain. Enfin si vous ne lisez cet article que mardi, c&#8217;est aujourd&#8217;hui&#8230;<\/p>\n","protected":false},"author":4,"featured_media":2463,"comment_status":"closed","ping_status":"closed","sticky":false,"template":"","format":"standard","meta":{"_acf_changed":false,"_oasis_is_in_workflow":0,"_oasis_original":0,"_uag_custom_page_level_css":"","footnotes":""},"categories":[8],"tags":[],"class_list":["post-2592","post","type-post","status-publish","format-standard","has-post-thumbnail","hentry","category-mardi-doi"],"acf":[],"uagb_featured_image_src":{"full":["https:\/\/oi-paris.com\/wordpress\/wp-content\/uploads\/2015\/08\/MardidOI2015-01.jpg",1920,1080,false],"thumbnail":["https:\/\/oi-paris.com\/wordpress\/wp-content\/uploads\/2015\/08\/MardidOI2015-01-150x150.jpg",150,150,true],"medium":["https:\/\/oi-paris.com\/wordpress\/wp-content\/uploads\/2015\/08\/MardidOI2015-01-300x169.jpg",300,169,true],"medium_large":["https:\/\/oi-paris.com\/wordpress\/wp-content\/uploads\/2015\/08\/MardidOI2015-01.jpg",768,432,false],"large":["https:\/\/oi-paris.com\/wordpress\/wp-content\/uploads\/2015\/08\/MardidOI2015-01-1024x576.jpg",1024,576,true],"1536x1536":["https:\/\/oi-paris.com\/wordpress\/wp-content\/uploads\/2015\/08\/MardidOI2015-01.jpg",1536,864,false],"2048x2048":["https:\/\/oi-paris.com\/wordpress\/wp-content\/uploads\/2015\/08\/MardidOI2015-01.jpg",1920,1080,false],"thumb-small":["https:\/\/oi-paris.com\/wordpress\/wp-content\/uploads\/2015\/08\/MardidOI2015-01-160x160.jpg",80,80,true],"thumb-standard":["https:\/\/oi-paris.com\/wordpress\/wp-content\/uploads\/2015\/08\/MardidOI2015-01-320x320.jpg",320,320,true],"thumb-medium":["https:\/\/oi-paris.com\/wordpress\/wp-content\/uploads\/2015\/08\/MardidOI2015-01-520x245.jpg",520,245,true],"thumb-large":["https:\/\/oi-paris.com\/wordpress\/wp-content\/uploads\/2015\/08\/MardidOI2015-01-720x340.jpg",720,340,true],"thumb-xlarge":["https:\/\/oi-paris.com\/wordpress\/wp-content\/uploads\/2015\/08\/MardidOI2015-01.jpg",800,450,false],"thumb-xxlarge":["https:\/\/oi-paris.com\/wordpress\/wp-content\/uploads\/2015\/08\/MardidOI2015-01.jpg",889,500,false],"mailpoet_newsletter_max":["https:\/\/oi-paris.com\/wordpress\/wp-content\/uploads\/2015\/08\/MardidOI2015-01.jpg",1320,743,false]},"uagb_author_info":{"display_name":"Jean Paul Petit","author_link":"https:\/\/oi-paris.com\/wordpress\/author\/jean-paul\/"},"uagb_comment_info":0,"uagb_excerpt":"C&#8217;est demain. Enfin si vous ne lisez cet article que mardi, c&#8217;est aujourd&#8217;hui&#8230;","_links":{"self":[{"href":"https:\/\/oi-paris.com\/wordpress\/wp-json\/wp\/v2\/posts\/2592","targetHints":{"allow":["GET"]}}],"collection":[{"href":"https:\/\/oi-paris.com\/wordpress\/wp-json\/wp\/v2\/posts"}],"about":[{"href":"https:\/\/oi-paris.com\/wordpress\/wp-json\/wp\/v2\/types\/post"}],"author":[{"embeddable":true,"href":"https:\/\/oi-paris.com\/wordpress\/wp-json\/wp\/v2\/users\/4"}],"replies":[{"embeddable":true,"href":"https:\/\/oi-paris.com\/wordpress\/wp-json\/wp\/v2\/comments?post=2592"}],"version-history":[{"count":5,"href":"https:\/\/oi-paris.com\/wordpress\/wp-json\/wp\/v2\/posts\/2592\/revisions"}],"predecessor-version":[{"id":5748,"href":"https:\/\/oi-paris.com\/wordpress\/wp-json\/wp\/v2\/posts\/2592\/revisions\/5748"}],"wp:featuredmedia":[{"embeddable":true,"href":"https:\/\/oi-paris.com\/wordpress\/wp-json\/wp\/v2\/media\/2463"}],"wp:attachment":[{"href":"https:\/\/oi-paris.com\/wordpress\/wp-json\/wp\/v2\/media?parent=2592"}],"wp:term":[{"taxonomy":"category","embeddable":true,"href":"https:\/\/oi-paris.com\/wordpress\/wp-json\/wp\/v2\/categories?post=2592"},{"taxonomy":"post_tag","embeddable":true,"href":"https:\/\/oi-paris.com\/wordpress\/wp-json\/wp\/v2\/tags?post=2592"}],"curies":[{"name":"wp","href":"https:\/\/api.w.org\/{rel}","templated":true}]}}