{"id":2603,"date":"2015-11-08T12:18:11","date_gmt":"2015-11-08T10:18:11","guid":{"rendered":"http:\/\/oi-paris.com\/wordpress\/?p=2603"},"modified":"2015-11-09T15:20:37","modified_gmt":"2015-11-09T13:20:37","slug":"mardi-10-novembre-atelier-technique-photo-preparation-du-salon-individuel","status":"publish","type":"post","link":"https:\/\/oi-paris.com\/wordpress\/2015\/11\/08\/mardi-10-novembre-atelier-technique-photo-preparation-du-salon-individuel\/","title":{"rendered":"Mardi 10 novembre : Atelier technique photo. Pr\u00e9paration du salon individuel"},"content":{"rendered":"<p><span style=\"color: #000000;\"><a style=\"color: #000000;\" href=\"http:\/\/oi-paris.com\/wordpress\/wp-content\/uploads\/2015\/08\/Photo-carre.jpg\" data-rel=\"lightbox-image-0\" data-rl_title=\"\" data-rl_caption=\"\" title=\"\"><img loading=\"lazy\" decoding=\"async\" class=\"alignnone wp-image-1415 size-thumbnail\" src=\"http:\/\/oi-paris.com\/wordpress\/wp-content\/uploads\/2015\/08\/Photo-carre-150x150.jpg\" alt=\"Photo-carre\" width=\"150\" height=\"150\" srcset=\"https:\/\/oi-paris.com\/wordpress\/wp-content\/uploads\/2015\/08\/Photo-carre-150x150.jpg 150w, https:\/\/oi-paris.com\/wordpress\/wp-content\/uploads\/2015\/08\/Photo-carre-300x300.jpg 300w, https:\/\/oi-paris.com\/wordpress\/wp-content\/uploads\/2015\/08\/Photo-carre-160x160.jpg 160w, https:\/\/oi-paris.com\/wordpress\/wp-content\/uploads\/2015\/08\/Photo-carre-320x320.jpg 320w, https:\/\/oi-paris.com\/wordpress\/wp-content\/uploads\/2015\/08\/Photo-carre.jpg 463w\" sizes=\"auto, (max-width: 150px) 100vw, 150px\" \/><\/a><\/span><\/p>\n<p><span style=\"color: #000000;\">Programme de la soir\u00e9e :<\/span><\/p>\n<p><span style=\"color: #000000;\"><strong>Technique photo.<\/strong><br \/>\n<\/span><\/p>\n<p><span style=\"color: #000000;\">Si vous avez des questions sur l&#8217;utilisation de\u00a0 Photoshop ou de\u00a0 Lightroom, (ou autre) envoyez les \u00e0<\/span> <span style=\"color: #0000ff;\"><a style=\"color: #0000ff;\" href=\"mailto:pebeauchaud@free.fr\" target=\"_blank\">Pierre Emmanuel<\/a><\/span><span style=\"color: #000000;\">. Elles feront l&#8217;objet de recherche de solutions et de pr\u00e9sentations lors du prochain atelier photos.<\/span><\/p>\n<h3><span style=\"color: #000000;\"><strong>Pr\u00e9paration du salon individuel<\/strong><\/span><\/h3>\n<p><span style=\"color: #000000;\">L&#8217;organisation du salon individuel change l\u00e9g\u00e8rement cette ann\u00e9e. Le jugement se d\u00e9roule en deux temps :<\/span><\/p>\n<ul>\n<li><span style=\"color: #000000;\">Une pr\u00e9-s\u00e9lection des photos de tous les clubs en num\u00e9rique (fin janvier)<\/span><\/li>\n<li><span style=\"color: #000000;\">Une pr\u00e9sentation au jury des tirages (mi avril)<\/span><\/li>\n<\/ul>\n<p><span style=\"color: #000000;\">Chaque auteur peut pr\u00e9senter de 1 \u00e0 3 photos couleurs et de 1 \u00e0 3 photos monochromes. Il n&#8217;y a pas de th\u00e8mes ni sujet.<\/span><\/p>\n<p><span style=\"color: #000000;\">Lors de ce mardi, les participants peuvent pr\u00e9senter 6 photos couleurs et 6 photos monochromes. Il y aura une critique collectives des photos pr\u00e9sent\u00e9es.\u00a0<\/span><\/p>\n<p><span style=\"color: #000000;\">Les participants au salon individuel doivent donner leurs photos en jpg.<\/span><\/p>\n<p><span style=\"color: #000000;\"><br \/>\n<\/span><\/p>\n<h3><span style=\"color: #000000;\">C&#8217;est o\u00f9?<\/span><\/h3>\n<p><span style=\"color: #000000;\">Maison des associations 8 rue Brillat-Savarin 75013 Paris. (Salle RC1)<br \/>\n<\/span><\/p>\n<h3><span style=\"color: #000000;\">C&#8217;est quand?<\/span><\/h3>\n<p><span style=\"color: #000000;\">Mardi 10 Novembre \u00e0 partir de 19h00<\/span><\/p>\n<h3><span style=\"color: #000000;\">Contacts<\/span><\/h3>\n<p><span style=\"color: #000000;\"><span style=\"color: #0000ff;\"><a style=\"color: #0000ff;\" href=\"mailto:genevoisb94@gmail.com\">Bernard<\/a>\u00a0<\/span>\u00a0ou\u00a0<span style=\"color: #0000ff;\"><a style=\"color: #0000ff;\" href=\"mailto:amaury_marquez@yahoo.fr\">Amaury<\/a><\/span>\u00a0ou\u00a0<span style=\"color: #0000ff;\"><a style=\"color: #0000ff;\" href=\"mailto:pebeauchaud@free.fr\">Pierre-Emmanuel<\/a><\/span><\/span><\/p>\n","protected":false},"excerpt":{"rendered":"<p>Programme de la soir\u00e9e : Technique photo. Si vous avez des questions sur l&#8217;utilisation de\u00a0 Photoshop ou de\u00a0 Lightroom, (ou autre) envoyez les \u00e0 Pierre Emmanuel. Elles feront l&#8217;objet de recherche de solutions et&#46;&#46;&#46;<\/p>\n","protected":false},"author":1,"featured_media":2720,"comment_status":"closed","ping_status":"closed","sticky":false,"template":"","format":"standard","meta":{"_acf_changed":false,"_oasis_is_in_workflow":0,"_oasis_original":0,"_uag_custom_page_level_css":"","footnotes":""},"categories":[4,9],"tags":[],"class_list":["post-2603","post","type-post","status-publish","format-standard","has-post-thumbnail","hentry","category-concours","category-photo"],"acf":[],"uagb_featured_image_src":{"full":["https:\/\/oi-paris.com\/wordpress\/wp-content\/uploads\/2015\/08\/Salon-individuel-2015-Rozenn.jpg",1024,484,false],"thumbnail":["https:\/\/oi-paris.com\/wordpress\/wp-content\/uploads\/2015\/08\/Salon-individuel-2015-Rozenn-150x150.jpg",150,150,true],"medium":["https:\/\/oi-paris.com\/wordpress\/wp-content\/uploads\/2015\/08\/Salon-individuel-2015-Rozenn-300x142.jpg",300,142,true],"medium_large":["https:\/\/oi-paris.com\/wordpress\/wp-content\/uploads\/2015\/08\/Salon-individuel-2015-Rozenn.jpg",768,363,false],"large":["https:\/\/oi-paris.com\/wordpress\/wp-content\/uploads\/2015\/08\/Salon-individuel-2015-Rozenn-1024x484.jpg",1024,484,true],"1536x1536":["https:\/\/oi-paris.com\/wordpress\/wp-content\/uploads\/2015\/08\/Salon-individuel-2015-Rozenn.jpg",1024,484,false],"2048x2048":["https:\/\/oi-paris.com\/wordpress\/wp-content\/uploads\/2015\/08\/Salon-individuel-2015-Rozenn.jpg",1024,484,false],"thumb-small":["https:\/\/oi-paris.com\/wordpress\/wp-content\/uploads\/2015\/08\/Salon-individuel-2015-Rozenn-160x160.jpg",80,80,true],"thumb-standard":["https:\/\/oi-paris.com\/wordpress\/wp-content\/uploads\/2015\/08\/Salon-individuel-2015-Rozenn-320x320.jpg",320,320,true],"thumb-medium":["https:\/\/oi-paris.com\/wordpress\/wp-content\/uploads\/2015\/08\/Salon-individuel-2015-Rozenn-520x245.jpg",520,245,true],"thumb-large":["https:\/\/oi-paris.com\/wordpress\/wp-content\/uploads\/2015\/08\/Salon-individuel-2015-Rozenn-720x340.jpg",720,340,true],"thumb-xlarge":["https:\/\/oi-paris.com\/wordpress\/wp-content\/uploads\/2015\/08\/Salon-individuel-2015-Rozenn.jpg",952,450,false],"thumb-xxlarge":["https:\/\/oi-paris.com\/wordpress\/wp-content\/uploads\/2015\/08\/Salon-individuel-2015-Rozenn.jpg",1024,484,false],"mailpoet_newsletter_max":["https:\/\/oi-paris.com\/wordpress\/wp-content\/uploads\/2015\/08\/Salon-individuel-2015-Rozenn.jpg",1024,484,false]},"uagb_author_info":{"display_name":"stephane D","author_link":"https:\/\/oi-paris.com\/wordpress\/author\/stephane\/"},"uagb_comment_info":0,"uagb_excerpt":"Programme de la soir\u00e9e : Technique photo. Si vous avez des questions sur l&#8217;utilisation de\u00a0 Photoshop ou de\u00a0 Lightroom, (ou autre) envoyez les \u00e0 Pierre Emmanuel. Elles feront l&#8217;objet de recherche de solutions et&#46;&#46;&#46;","_links":{"self":[{"href":"https:\/\/oi-paris.com\/wordpress\/wp-json\/wp\/v2\/posts\/2603","targetHints":{"allow":["GET"]}}],"collection":[{"href":"https:\/\/oi-paris.com\/wordpress\/wp-json\/wp\/v2\/posts"}],"about":[{"href":"https:\/\/oi-paris.com\/wordpress\/wp-json\/wp\/v2\/types\/post"}],"author":[{"embeddable":true,"href":"https:\/\/oi-paris.com\/wordpress\/wp-json\/wp\/v2\/users\/1"}],"replies":[{"embeddable":true,"href":"https:\/\/oi-paris.com\/wordpress\/wp-json\/wp\/v2\/comments?post=2603"}],"version-history":[{"count":5,"href":"https:\/\/oi-paris.com\/wordpress\/wp-json\/wp\/v2\/posts\/2603\/revisions"}],"predecessor-version":[{"id":2739,"href":"https:\/\/oi-paris.com\/wordpress\/wp-json\/wp\/v2\/posts\/2603\/revisions\/2739"}],"wp:featuredmedia":[{"embeddable":true,"href":"https:\/\/oi-paris.com\/wordpress\/wp-json\/wp\/v2\/media\/2720"}],"wp:attachment":[{"href":"https:\/\/oi-paris.com\/wordpress\/wp-json\/wp\/v2\/media?parent=2603"}],"wp:term":[{"taxonomy":"category","embeddable":true,"href":"https:\/\/oi-paris.com\/wordpress\/wp-json\/wp\/v2\/categories?post=2603"},{"taxonomy":"post_tag","embeddable":true,"href":"https:\/\/oi-paris.com\/wordpress\/wp-json\/wp\/v2\/tags?post=2603"}],"curies":[{"name":"wp","href":"https:\/\/api.w.org\/{rel}","templated":true}]}}