{"id":2694,"date":"2015-11-05T10:59:40","date_gmt":"2015-11-05T08:59:40","guid":{"rendered":"http:\/\/oi-paris.com\/wordpress\/?p=2694"},"modified":"2015-11-05T15:35:47","modified_gmt":"2015-11-05T13:35:47","slug":"la-calendrier-des-concours-de-la-fpf","status":"publish","type":"post","link":"https:\/\/oi-paris.com\/wordpress\/2015\/11\/05\/la-calendrier-des-concours-de-la-fpf\/","title":{"rendered":"Le calendrier des concours de la FPF"},"content":{"rendered":"<p><a href=\"http:\/\/oi-paris.com\/wordpress\/wp-content\/uploads\/2015\/04\/Concours_photo11.jpg\" data-rel=\"lightbox-image-0\" data-rl_title=\"\" data-rl_caption=\"\" title=\"\"><img loading=\"lazy\" decoding=\"async\" class=\"alignnone wp-image-1186 size-thumbnail\" src=\"http:\/\/oi-paris.com\/wordpress\/wp-content\/uploads\/2015\/04\/Concours_photo11-150x150.jpg\" alt=\"Concours_photo\" width=\"150\" height=\"150\" \/><\/a><\/p>\n<p><a href=\"http:\/\/fr.calameo.com\/read\/0038329328da6650003a3\" target=\"_blank\">En suivant ce lien<\/a><span style=\"color: #000000;\">, retrouvez toutes les informations relatives aux concours photos organis\u00e9s par la F\u00e9d\u00e9ration Photographique de France et l&#8217;union r\u00e9gionale 18.<\/span><\/p>\n<p>&nbsp;<\/p>\n<p>&nbsp;<\/p>\n","protected":false},"excerpt":{"rendered":"<p>En suivant ce lien, retrouvez toutes les informations relatives aux concours photos organis\u00e9s par la F\u00e9d\u00e9ration Photographique de France et l&#8217;union r\u00e9gionale 18. &nbsp; &nbsp;<\/p>\n","protected":false},"author":4,"featured_media":2700,"comment_status":"closed","ping_status":"closed","sticky":false,"template":"","format":"standard","meta":{"_acf_changed":false,"_oasis_is_in_workflow":0,"_oasis_original":0,"_uag_custom_page_level_css":"","footnotes":""},"categories":[4,9],"tags":[],"class_list":["post-2694","post","type-post","status-publish","format-standard","has-post-thumbnail","hentry","category-concours","category-photo"],"acf":[],"uagb_featured_image_src":{"full":["https:\/\/oi-paris.com\/wordpress\/wp-content\/uploads\/2015\/08\/LIvret-FPF.jpg",1137,710,false],"thumbnail":["https:\/\/oi-paris.com\/wordpress\/wp-content\/uploads\/2015\/08\/LIvret-FPF-150x150.jpg",150,150,true],"medium":["https:\/\/oi-paris.com\/wordpress\/wp-content\/uploads\/2015\/08\/LIvret-FPF-300x187.jpg",300,187,true],"medium_large":["https:\/\/oi-paris.com\/wordpress\/wp-content\/uploads\/2015\/08\/LIvret-FPF.jpg",768,480,false],"large":["https:\/\/oi-paris.com\/wordpress\/wp-content\/uploads\/2015\/08\/LIvret-FPF-1024x639.jpg",1024,639,true],"1536x1536":["https:\/\/oi-paris.com\/wordpress\/wp-content\/uploads\/2015\/08\/LIvret-FPF.jpg",1137,710,false],"2048x2048":["https:\/\/oi-paris.com\/wordpress\/wp-content\/uploads\/2015\/08\/LIvret-FPF.jpg",1137,710,false],"thumb-small":["https:\/\/oi-paris.com\/wordpress\/wp-content\/uploads\/2015\/08\/LIvret-FPF-160x160.jpg",80,80,true],"thumb-standard":["https:\/\/oi-paris.com\/wordpress\/wp-content\/uploads\/2015\/08\/LIvret-FPF-320x320.jpg",320,320,true],"thumb-medium":["https:\/\/oi-paris.com\/wordpress\/wp-content\/uploads\/2015\/08\/LIvret-FPF-520x245.jpg",520,245,true],"thumb-large":["https:\/\/oi-paris.com\/wordpress\/wp-content\/uploads\/2015\/08\/LIvret-FPF-720x340.jpg",720,340,true],"thumb-xlarge":["https:\/\/oi-paris.com\/wordpress\/wp-content\/uploads\/2015\/08\/LIvret-FPF.jpg",721,450,false],"thumb-xxlarge":["https:\/\/oi-paris.com\/wordpress\/wp-content\/uploads\/2015\/08\/LIvret-FPF.jpg",801,500,false],"mailpoet_newsletter_max":["https:\/\/oi-paris.com\/wordpress\/wp-content\/uploads\/2015\/08\/LIvret-FPF.jpg",1137,710,false]},"uagb_author_info":{"display_name":"Jean Paul Petit","author_link":"https:\/\/oi-paris.com\/wordpress\/author\/jean-paul\/"},"uagb_comment_info":0,"uagb_excerpt":"En suivant ce lien, retrouvez toutes les informations relatives aux concours photos organis\u00e9s par la F\u00e9d\u00e9ration Photographique de France et l&#8217;union r\u00e9gionale 18. &nbsp; &nbsp;","_links":{"self":[{"href":"https:\/\/oi-paris.com\/wordpress\/wp-json\/wp\/v2\/posts\/2694","targetHints":{"allow":["GET"]}}],"collection":[{"href":"https:\/\/oi-paris.com\/wordpress\/wp-json\/wp\/v2\/posts"}],"about":[{"href":"https:\/\/oi-paris.com\/wordpress\/wp-json\/wp\/v2\/types\/post"}],"author":[{"embeddable":true,"href":"https:\/\/oi-paris.com\/wordpress\/wp-json\/wp\/v2\/users\/4"}],"replies":[{"embeddable":true,"href":"https:\/\/oi-paris.com\/wordpress\/wp-json\/wp\/v2\/comments?post=2694"}],"version-history":[{"count":4,"href":"https:\/\/oi-paris.com\/wordpress\/wp-json\/wp\/v2\/posts\/2694\/revisions"}],"predecessor-version":[{"id":2710,"href":"https:\/\/oi-paris.com\/wordpress\/wp-json\/wp\/v2\/posts\/2694\/revisions\/2710"}],"wp:featuredmedia":[{"embeddable":true,"href":"https:\/\/oi-paris.com\/wordpress\/wp-json\/wp\/v2\/media\/2700"}],"wp:attachment":[{"href":"https:\/\/oi-paris.com\/wordpress\/wp-json\/wp\/v2\/media?parent=2694"}],"wp:term":[{"taxonomy":"category","embeddable":true,"href":"https:\/\/oi-paris.com\/wordpress\/wp-json\/wp\/v2\/categories?post=2694"},{"taxonomy":"post_tag","embeddable":true,"href":"https:\/\/oi-paris.com\/wordpress\/wp-json\/wp\/v2\/tags?post=2694"}],"curies":[{"name":"wp","href":"https:\/\/api.w.org\/{rel}","templated":true}]}}