{"id":2758,"date":"2015-11-13T10:50:58","date_gmt":"2015-11-13T08:50:58","guid":{"rendered":"http:\/\/oi-paris.com\/wordpress\/?p=2758"},"modified":"2015-11-13T10:50:58","modified_gmt":"2015-11-13T08:50:58","slug":"42eme-salon-national-dobjectif-image","status":"publish","type":"post","link":"https:\/\/oi-paris.com\/wordpress\/2015\/11\/13\/42eme-salon-national-dobjectif-image\/","title":{"rendered":"42\u00e8me Salon National d&#8217;Objectif Image"},"content":{"rendered":"<p><span style=\"color: #000000;\">Le 42\u00e8me\u00a0Salon National Individuel d&#8217;Objectif Image se d\u00e9roulera cette ann\u00e9e \u00e0 <strong>Paris<\/strong>\u00a0du <strong>04\u00a0au 30\u00a0Juin 2016.<\/strong><\/span><\/p>\n<div id=\"post-body-5729798066203611100\" class=\"post-body entry-content\">\n<p><span style=\"color: #000000;\">Vous pouvez d\u00e8s maintenant pr\u00e9parer vos photographies. Cette ann\u00e9e, il y a un changement sur le mode de pr\u00e9sentation. La s\u00e9lection se fera en deux temps :<\/span><\/p>\n<\/div>\n<ul>\n<li class=\"post-body entry-content\"><span style=\"color: #000000;\">Une pr\u00e9s\u00e9lection en image projet\u00e9e d\u00e9but f\u00e9vrier 2016<\/span><\/li>\n<li class=\"post-body entry-content\"><span style=\"color: #000000;\">Un jugement sur papier (des images retenues \u00e0 la pr\u00e9s\u00e9lection) par le jury en avril 2016<\/span><\/li>\n<\/ul>\n<p><span style=\"color: #000000;\">Deux sections sont pr\u00e9vues : <\/span><\/p>\n<ul>\n<li><span style=\"color: #000000;\">Monochrome<\/span><\/li>\n<li><span style=\"color: #000000;\">Couleurs<\/span><\/li>\n<\/ul>\n<p><span style=\"color: #000000;\">Aucun th\u00e8me n\u2019est impos\u00e9 et la plus enti\u00e8re libert\u00e9 est laiss\u00e9e quant au choix du sujet pr\u00e9sent\u00e9 et du proc\u00e9d\u00e9 photographique utilis\u00e9. Pour chacune de ces deux sections, chaque auteur ne peut pr\u00e9senter que 3 photographies au maximum.<\/span><\/p>\n<p><span style=\"color: #000000;\">Si vous souhaitez participer au salon, envoyez vos photos \u00e0<\/span>\u00a0<span style=\"color: #0000ff;\"><a style=\"color: #0000ff;\" href=\"mailto:pebeauchaud@free.fr\">Pierre-Emmanuel<\/a><\/span><span style=\"color: #000000;\">.\u00a0Les images seront en JPG et la r\u00e9solution devra \u00eatre 1920*1080 maximum. Le profil\u00a0colorim\u00e9trique devra \u00eatre du SRGB. Elles seront nomm\u00e9es :<\/span><\/p>\n<ul>\n<li><span style=\"color: #000000;\">Titre-prenom-nom-OI-Paris.jpg<\/span><br \/>\n<b><\/b><\/li>\n<\/ul>\n\n\t\t<style>\n\t\t\t#gallery-1 {\n\t\t\t\tmargin: auto;\n\t\t\t}\n\t\t\t#gallery-1 .gallery-item {\n\t\t\t\tfloat: left;\n\t\t\t\tmargin-top: 10px;\n\t\t\t\ttext-align: center;\n\t\t\t\twidth: 33%;\n\t\t\t}\n\t\t\t#gallery-1 img {\n\t\t\t\tborder: 2px solid #cfcfcf;\n\t\t\t}\n\t\t\t#gallery-1 .gallery-caption {\n\t\t\t\tmargin-left: 0;\n\t\t\t}\n\t\t\t\/* see gallery_shortcode() in wp-includes\/media.php *\/\n\t\t<\/style>\n\t\t<div id='gallery-1' class='gallery galleryid-2758 gallery-columns-3 gallery-size-thumbnail'><dl class='gallery-item'>\n\t\t\t<dt class='gallery-icon portrait'>\n\t\t\t\t<a href='https:\/\/oi-paris.com\/wordpress\/wp-content\/uploads\/2015\/11\/Clair-de-Lune-wetransfert1.jpg' title=\"\" data-rl_title=\"\" class=\"rl-gallery-link\" data-rl_caption=\"\" data-rel=\"lightbox-gallery-1\"><img loading=\"lazy\" decoding=\"async\" width=\"150\" height=\"150\" src=\"https:\/\/oi-paris.com\/wordpress\/wp-content\/uploads\/2015\/11\/Clair-de-Lune-wetransfert1-150x150.jpg\" class=\"attachment-thumbnail size-thumbnail\" alt=\"\" srcset=\"https:\/\/oi-paris.com\/wordpress\/wp-content\/uploads\/2015\/11\/Clair-de-Lune-wetransfert1-150x150.jpg 150w, https:\/\/oi-paris.com\/wordpress\/wp-content\/uploads\/2015\/11\/Clair-de-Lune-wetransfert1-160x160.jpg 160w, https:\/\/oi-paris.com\/wordpress\/wp-content\/uploads\/2015\/11\/Clair-de-Lune-wetransfert1-320x320.jpg 320w\" sizes=\"auto, (max-width: 150px) 100vw, 150px\" \/><\/a>\n\t\t\t<\/dt><\/dl><dl class='gallery-item'>\n\t\t\t<dt class='gallery-icon landscape'>\n\t\t\t\t<a href='https:\/\/oi-paris.com\/wordpress\/wp-content\/uploads\/2015\/11\/nOI-75Chauvey-Estelle_Vigile.jpg' title=\"\" data-rl_title=\"\" class=\"rl-gallery-link\" data-rl_caption=\"\" data-rel=\"lightbox-gallery-1\"><img loading=\"lazy\" decoding=\"async\" width=\"150\" height=\"150\" src=\"https:\/\/oi-paris.com\/wordpress\/wp-content\/uploads\/2015\/11\/nOI-75Chauvey-Estelle_Vigile-150x150.jpg\" class=\"attachment-thumbnail size-thumbnail\" alt=\"\" srcset=\"https:\/\/oi-paris.com\/wordpress\/wp-content\/uploads\/2015\/11\/nOI-75Chauvey-Estelle_Vigile-150x150.jpg 150w, https:\/\/oi-paris.com\/wordpress\/wp-content\/uploads\/2015\/11\/nOI-75Chauvey-Estelle_Vigile-160x160.jpg 160w, https:\/\/oi-paris.com\/wordpress\/wp-content\/uploads\/2015\/11\/nOI-75Chauvey-Estelle_Vigile-320x320.jpg 320w\" sizes=\"auto, (max-width: 150px) 100vw, 150px\" \/><\/a>\n\t\t\t<\/dt><\/dl><dl class='gallery-item'>\n\t\t\t<dt class='gallery-icon landscape'>\n\t\t\t\t<a href='https:\/\/oi-paris.com\/wordpress\/wp-content\/uploads\/2015\/08\/C12_10723.jpg' title=\"\" data-rl_title=\"\" class=\"rl-gallery-link\" data-rl_caption=\"\" data-rel=\"lightbox-gallery-1\"><img loading=\"lazy\" decoding=\"async\" width=\"150\" height=\"150\" src=\"https:\/\/oi-paris.com\/wordpress\/wp-content\/uploads\/2015\/08\/C12_10723-150x150.jpg\" class=\"attachment-thumbnail size-thumbnail\" alt=\"\" srcset=\"https:\/\/oi-paris.com\/wordpress\/wp-content\/uploads\/2015\/08\/C12_10723-150x150.jpg 150w, https:\/\/oi-paris.com\/wordpress\/wp-content\/uploads\/2015\/08\/C12_10723-300x300.jpg 300w, https:\/\/oi-paris.com\/wordpress\/wp-content\/uploads\/2015\/08\/C12_10723-600x600.jpg 600w, https:\/\/oi-paris.com\/wordpress\/wp-content\/uploads\/2015\/08\/C12_10723-160x160.jpg 160w, https:\/\/oi-paris.com\/wordpress\/wp-content\/uploads\/2015\/08\/C12_10723-320x320.jpg 320w, https:\/\/oi-paris.com\/wordpress\/wp-content\/uploads\/2015\/08\/C12_10723.jpg 1024w\" sizes=\"auto, (max-width: 150px) 100vw, 150px\" \/><\/a>\n\t\t\t<\/dt><\/dl><br style=\"clear: both\" \/>\n\t\t<\/div>\n\n<p>&nbsp;<\/p>\n","protected":false},"excerpt":{"rendered":"<p>Le 42\u00e8me\u00a0Salon National Individuel d&#8217;Objectif Image se d\u00e9roulera cette ann\u00e9e \u00e0 Paris\u00a0du 04\u00a0au 30\u00a0Juin 2016. Vous pouvez d\u00e8s maintenant pr\u00e9parer vos photographies. Cette ann\u00e9e, il y a un changement sur le mode de pr\u00e9sentation.&#46;&#46;&#46;<\/p>\n","protected":false},"author":1,"featured_media":2760,"comment_status":"closed","ping_status":"closed","sticky":false,"template":"","format":"standard","meta":{"_acf_changed":false,"_oasis_is_in_workflow":1,"_oasis_original":0,"_uag_custom_page_level_css":"","footnotes":""},"categories":[4,9],"tags":[],"class_list":["post-2758","post","type-post","status-publish","format-standard","has-post-thumbnail","hentry","category-concours","category-photo"],"acf":[],"uagb_featured_image_src":{"full":["https:\/\/oi-paris.com\/wordpress\/wp-content\/uploads\/2015\/11\/nOI-75Chauvey-Estelle_Vigile.jpg",1600,1067,false],"thumbnail":["https:\/\/oi-paris.com\/wordpress\/wp-content\/uploads\/2015\/11\/nOI-75Chauvey-Estelle_Vigile-150x150.jpg",150,150,true],"medium":["https:\/\/oi-paris.com\/wordpress\/wp-content\/uploads\/2015\/11\/nOI-75Chauvey-Estelle_Vigile-300x200.jpg",300,200,true],"medium_large":["https:\/\/oi-paris.com\/wordpress\/wp-content\/uploads\/2015\/11\/nOI-75Chauvey-Estelle_Vigile.jpg",768,512,false],"large":["https:\/\/oi-paris.com\/wordpress\/wp-content\/uploads\/2015\/11\/nOI-75Chauvey-Estelle_Vigile-1024x683.jpg",1024,683,true],"1536x1536":["https:\/\/oi-paris.com\/wordpress\/wp-content\/uploads\/2015\/11\/nOI-75Chauvey-Estelle_Vigile.jpg",1536,1024,false],"2048x2048":["https:\/\/oi-paris.com\/wordpress\/wp-content\/uploads\/2015\/11\/nOI-75Chauvey-Estelle_Vigile.jpg",1600,1067,false],"thumb-small":["https:\/\/oi-paris.com\/wordpress\/wp-content\/uploads\/2015\/11\/nOI-75Chauvey-Estelle_Vigile-160x160.jpg",80,80,true],"thumb-standard":["https:\/\/oi-paris.com\/wordpress\/wp-content\/uploads\/2015\/11\/nOI-75Chauvey-Estelle_Vigile-320x320.jpg",320,320,true],"thumb-medium":["https:\/\/oi-paris.com\/wordpress\/wp-content\/uploads\/2015\/11\/nOI-75Chauvey-Estelle_Vigile-520x245.jpg",520,245,true],"thumb-large":["https:\/\/oi-paris.com\/wordpress\/wp-content\/uploads\/2015\/11\/nOI-75Chauvey-Estelle_Vigile-720x340.jpg",720,340,true],"thumb-xlarge":["https:\/\/oi-paris.com\/wordpress\/wp-content\/uploads\/2015\/11\/nOI-75Chauvey-Estelle_Vigile.jpg",675,450,false],"thumb-xxlarge":["https:\/\/oi-paris.com\/wordpress\/wp-content\/uploads\/2015\/11\/nOI-75Chauvey-Estelle_Vigile.jpg",750,500,false],"mailpoet_newsletter_max":["https:\/\/oi-paris.com\/wordpress\/wp-content\/uploads\/2015\/11\/nOI-75Chauvey-Estelle_Vigile.jpg",1320,880,false]},"uagb_author_info":{"display_name":"stephane D","author_link":"https:\/\/oi-paris.com\/wordpress\/author\/stephane\/"},"uagb_comment_info":0,"uagb_excerpt":"Le 42\u00e8me\u00a0Salon National Individuel d&#8217;Objectif Image se d\u00e9roulera cette ann\u00e9e \u00e0 Paris\u00a0du 04\u00a0au 30\u00a0Juin 2016. Vous pouvez d\u00e8s maintenant pr\u00e9parer vos photographies. Cette ann\u00e9e, il y a un changement sur le mode de pr\u00e9sentation.&#46;&#46;&#46;","_links":{"self":[{"href":"https:\/\/oi-paris.com\/wordpress\/wp-json\/wp\/v2\/posts\/2758","targetHints":{"allow":["GET"]}}],"collection":[{"href":"https:\/\/oi-paris.com\/wordpress\/wp-json\/wp\/v2\/posts"}],"about":[{"href":"https:\/\/oi-paris.com\/wordpress\/wp-json\/wp\/v2\/types\/post"}],"author":[{"embeddable":true,"href":"https:\/\/oi-paris.com\/wordpress\/wp-json\/wp\/v2\/users\/1"}],"replies":[{"embeddable":true,"href":"https:\/\/oi-paris.com\/wordpress\/wp-json\/wp\/v2\/comments?post=2758"}],"version-history":[{"count":5,"href":"https:\/\/oi-paris.com\/wordpress\/wp-json\/wp\/v2\/posts\/2758\/revisions"}],"predecessor-version":[{"id":2769,"href":"https:\/\/oi-paris.com\/wordpress\/wp-json\/wp\/v2\/posts\/2758\/revisions\/2769"}],"wp:featuredmedia":[{"embeddable":true,"href":"https:\/\/oi-paris.com\/wordpress\/wp-json\/wp\/v2\/media\/2760"}],"wp:attachment":[{"href":"https:\/\/oi-paris.com\/wordpress\/wp-json\/wp\/v2\/media?parent=2758"}],"wp:term":[{"taxonomy":"category","embeddable":true,"href":"https:\/\/oi-paris.com\/wordpress\/wp-json\/wp\/v2\/categories?post=2758"},{"taxonomy":"post_tag","embeddable":true,"href":"https:\/\/oi-paris.com\/wordpress\/wp-json\/wp\/v2\/tags?post=2758"}],"curies":[{"name":"wp","href":"https:\/\/api.w.org\/{rel}","templated":true}]}}