{"id":2861,"date":"2015-11-26T21:27:11","date_gmt":"2015-11-26T19:27:11","guid":{"rendered":"http:\/\/oi-paris.com\/wordpress\/?p=2861"},"modified":"2015-11-26T21:34:07","modified_gmt":"2015-11-26T19:34:07","slug":"universite-de-la-photographie-dauteur-du-23-novembre","status":"publish","type":"post","link":"https:\/\/oi-paris.com\/wordpress\/2015\/11\/26\/universite-de-la-photographie-dauteur-du-23-novembre\/","title":{"rendered":"Universit\u00e9 de la Photographie d&#8217;Auteur du 23 novembre"},"content":{"rendered":"<h1><span style=\"color: #000000;\">Le photographe myst\u00e8re<\/span><\/h1>\n<p><span style=\"color: #000000;\">Roger a pr\u00e9sent\u00e9 une s\u00e9lection de photographies du projet <em>Bodyscapes<\/em> d\u2019Anton BELOVODCHENKO, un travail en studio centr\u00e9 sur le corps f\u00e9minin. Le diaporama projet\u00e9 par Roger est visible <strong><a style=\"color: #000000;\" href=\"https:\/\/media.joomeo.com\/HD\/5655aa0914fcd.mp4\" target=\"_blank\">ici<\/a>.<\/strong><\/span><\/p>\n<p>&nbsp;<\/p>\n<h1><span style=\"color: #000000;\">Les travaux des photographes<\/span><\/h1>\n<p><span style=\"color: #000000;\">Sept photographes ont pr\u00e9sent\u00e9 leurs premiers travaux\u00a0:<\/span><\/p>\n<p><span style=\"color: #000000;\"><strong><em><u>Roger<\/u><\/em><\/strong><\/span><\/p>\n<p><span style=\"color: #000000;\">Une s\u00e9rie dans laquelle Roger exprime sa sensibilit\u00e9 au <em>Paris architectural classique<\/em> et \u00e0 la lumi\u00e8re nocturne. Cette s\u00e9rie monoth\u00e9matique ne constitue qu\u2019une petite partie de son travail. Il nous pr\u00e9sentera, une prochaine fois, une s\u00e9lection diversifi\u00e9e de ce qui pourrait constituer le point de d\u00e9part de son <em>identit\u00e9 de photographe<\/em>, son <em>noyau dur<\/em>.<\/span><\/p>\n<p><span style=\"color: #000000;\"><strong><em><u>Jean Paul<\/u><\/em><\/strong><\/span><\/p>\n<p><span style=\"color: #000000;\">Jean-Paul a s\u00e9lectionn\u00e9, dans sa production, des photos prises par temps de neige. Nous en avons isol\u00e9 les plus graphiques. Un peu comme Roger, cette s\u00e9lection ne constitue qu\u2019<em>une partie de Jean-Paul<\/em>. Ce qu\u2019il a pu nous pr\u00e9senter, lors de mardis d\u2019OI pass\u00e9s par exemple, t\u00e9moignait d\u2019un humour, d\u2019une distance qu\u2019on ne retrouve pas ici. A travers une s\u00e9lection plus \u00e9clectique de travaux pass\u00e9s, son \u00ab\u00a0best-of\u00a0\u00bb, l\u2019Universit\u00e9 aimerait d\u00e9couvrir toutes les facettes de Jean-Paul, pour ne pas le laisser cantonn\u00e9 dans la neige \ud83d\ude09<\/span><\/p>\n<p><span style=\"color: #000000;\"><strong><em><u>Rozenn<\/u><\/em><\/strong><\/span><\/p>\n<p><span style=\"color: #000000;\">Rozenn a pr\u00e9sent\u00e9 une s\u00e9lection de photos explorant plusieurs directions\u00a0: l\u2019\u00e9nergie, la joie mais \u00e9galement des photos sensibles de paysages et d\u2019animaux d\u00e9passant le cadre de la simple photo animali\u00e8re. Une premi\u00e8re s\u00e9lection a \u00e9t\u00e9 faite, en commun, au cours de la s\u00e9ance, sur laquelle Rozenn poursuivra la construction de son portfolio.<\/span><\/p>\n<p><span style=\"color: #000000;\"><strong><em><u>Laure<\/u><\/em><\/strong><\/span><\/p>\n<p><span style=\"color: #000000;\">Comme Rozenn, Laure nous a pr\u00e9sent\u00e9 un panorama de photos dans laquelle elle se retrouvait\u2026 un regard sur elle-m\u00eame qu\u2019elle a confront\u00e9 \u00e0 celui du groupe. La d\u00e9marche fut identique \u00e0 celle conduite avec Rozenn. Une s\u00e9lection a \u00e9t\u00e9 faite en direct pour aider Laure \u00e0 b\u00e2tir la suite de son portfolio.<\/span><\/p>\n<p><span style=\"color: #000000;\"><strong><em><u>Virginie<\/u><\/em><\/strong><\/span><\/p>\n<p><span style=\"color: #000000;\">Le projet de Virginie est d\u00e9fini. Il s\u2019oriente vers le sentiment d\u2019isolement en milieu urbain. Ses premi\u00e8res photographies d\u00e9gagent une solitude imm\u00e9diate et tr\u00e8s graphique. St\u00e9phane lui pr\u00eatera main forte pour la retouche du visage christique dans la p\u00e9nombre. Virginie nous a d\u00e9j\u00e0 parl\u00e9 de la suite, de ses futures id\u00e9es de contact\u2026 Son projet est lanc\u00e9.<\/span><\/p>\n<p><span style=\"color: #000000;\"><strong><em><u>Sophie<\/u><\/em><\/strong><\/span><\/p>\n<p><span style=\"color: #000000;\">Sophie d\u00e9bute \u00e9galement un projet extr\u00eamement coh\u00e9rent. Ses quatre premi\u00e8res photographies t\u00e9moignent d\u2019un avancement tr\u00e8s ma\u00eetris\u00e9\u00a0: lieu, couleur, personnage, mise en sc\u00e8ne. Tout est d\u00e9j\u00e0 <em>presque l\u00e0<\/em> et tout le monde lui a dit\u00a0: \u00ab\u00a0Continue\u00a0!\u00a0\u00bb<\/span><\/p>\n<p><span style=\"color: #000000;\"><strong><em><u>Nadir<\/u><\/em><\/strong><\/span><\/p>\n<p><span style=\"color: #000000;\">Nadir nous pr\u00e9sente \u00ab\u00a0<em>Labo tribal<\/em>\u00a0\u00bb, un projet aupr\u00e8s de danseuses qui acceptent son regard et son appareil photo. Le souhait de Nadir est d\u2019aller au-del\u00e0 des \u00ab\u00a0simples\u00a0\u00bb photos de r\u00e9p\u00e9tition. Celles qu\u2019il nous a montr\u00e9es t\u00e9moignent de la joie, de la complicit\u00e9, de l\u2019\u00e9nergie, de la ga\u00eet\u00e9 dans le travail des danseurs. Les remarques du groupe sur le travail de Nadir ont port\u00e9 sur la variation des points de vue, l\u2019exigence du cadrage dans un lieu clos et ne pas h\u00e9siter \u00e0 demander aux danseuses de se mettre \u00e0 sa disposition\u00a0!<\/span><\/p>\n<p><span style=\"color: #000000;\"><strong><em><u>Philippe<\/u><\/em><\/strong><\/span><\/p>\n<p><span style=\"color: #000000;\">A travers des quais vides de m\u00e9tro, d\u2019escaliers en tous sens, des superpositions de niveaux, Philippe s\u2019attaque \u00e0 un projet \u00ab\u00a0d\u2019<em>architecture urbaine un peu folle\u00a0\u00bb<\/em>, alternant entre le tr\u00e9pidant et le d\u00e9sert. Son projet est lanc\u00e9. La mati\u00e8re est l\u00e0.<\/span><\/p>\n<p>&nbsp;<\/p>\n<h1><span style=\"color: #000000;\">La vie de l\u2019UPA<\/span><\/h1>\n<p><span style=\"color: #000000;\">La derni\u00e8re partie de la r\u00e9union fut consacr\u00e9e \u00e0 l\u2019exposition des travaux. Elle se tiendra en octobre 2016. <a style=\"color: #000000;\" href=\"http:\/\/oi-paris.com\/wordpress\/wp-content\/uploads\/2015\/11\/ExpositionUPA2016.pdf\">Ce document<\/a> en d\u00e9taille l\u2019organisation\u2026 Nous avons un an de travail pour habiller le lieu\u00a0!<\/span><\/p>\n<p>&nbsp;<\/p>\n<p><span style=\"color: #000000;\">L\u2019exposition, la parution dans un catalogue et la vente de photographies sont r\u00e9gies par un cadre juridique pr\u00e9cis et malheureusement tr\u00e8s contraignant. Nous avons commenc\u00e9 \u00e0 l\u2019\u00e9voquer rapidement en toute fin de r\u00e9union, en particulier avec St\u00e9phane. Le niveau d\u2019information \u00e9tant tr\u00e8s disparate entre les diff\u00e9rents membres et la demande \u00e9tant pressante, Christophe sera accompagn\u00e9 d\u2019une juriste ayant travaill\u00e9 sur le droit \u00e0 l\u2019image et les droits d\u2019auteur lors de l\u2019UPA du 27 janvier. Vous pourrez lui poser toutes vos questions\u00a0!<\/span><\/p>\n<p>&nbsp;<\/p>\n<p><span style=\"color: #000000;\">Nous nous revoyons le lundi 21 d\u00e9cembre.<\/span><\/p>\n","protected":false},"excerpt":{"rendered":"<p>Le photographe myst\u00e8re Roger a pr\u00e9sent\u00e9 une s\u00e9lection de photographies du projet Bodyscapes d\u2019Anton BELOVODCHENKO, un travail en studio centr\u00e9 sur le corps f\u00e9minin. Le diaporama projet\u00e9 par Roger est visible ici. &nbsp; Les&#46;&#46;&#46;<\/p>\n","protected":false},"author":7,"featured_media":2891,"comment_status":"closed","ping_status":"closed","sticky":false,"template":"","format":"gallery","meta":{"_acf_changed":false,"_oasis_is_in_workflow":1,"_oasis_original":0,"_uag_custom_page_level_css":"","footnotes":""},"categories":[9],"tags":[],"class_list":["post-2861","post","type-post","status-publish","format-gallery","has-post-thumbnail","hentry","category-photo","post_format-post-format-gallery"],"acf":[],"uagb_featured_image_src":{"full":["https:\/\/oi-paris.com\/wordpress\/wp-content\/uploads\/2015\/11\/IMG_4758.jpg",5472,3648,false],"thumbnail":["https:\/\/oi-paris.com\/wordpress\/wp-content\/uploads\/2015\/11\/IMG_4758-150x150.jpg",150,150,true],"medium":["https:\/\/oi-paris.com\/wordpress\/wp-content\/uploads\/2015\/11\/IMG_4758-300x200.jpg",300,200,true],"medium_large":["https:\/\/oi-paris.com\/wordpress\/wp-content\/uploads\/2015\/11\/IMG_4758.jpg",768,512,false],"large":["https:\/\/oi-paris.com\/wordpress\/wp-content\/uploads\/2015\/11\/IMG_4758-1024x683.jpg",1024,683,true],"1536x1536":["https:\/\/oi-paris.com\/wordpress\/wp-content\/uploads\/2015\/11\/IMG_4758.jpg",1536,1024,false],"2048x2048":["https:\/\/oi-paris.com\/wordpress\/wp-content\/uploads\/2015\/11\/IMG_4758.jpg",2048,1365,false],"thumb-small":["https:\/\/oi-paris.com\/wordpress\/wp-content\/uploads\/2015\/11\/IMG_4758-160x160.jpg",80,80,true],"thumb-standard":["https:\/\/oi-paris.com\/wordpress\/wp-content\/uploads\/2015\/11\/IMG_4758-320x320.jpg",320,320,true],"thumb-medium":["https:\/\/oi-paris.com\/wordpress\/wp-content\/uploads\/2015\/11\/IMG_4758-520x245.jpg",520,245,true],"thumb-large":["https:\/\/oi-paris.com\/wordpress\/wp-content\/uploads\/2015\/11\/IMG_4758-720x340.jpg",720,340,true],"thumb-xlarge":["https:\/\/oi-paris.com\/wordpress\/wp-content\/uploads\/2015\/11\/IMG_4758.jpg",675,450,false],"thumb-xxlarge":["https:\/\/oi-paris.com\/wordpress\/wp-content\/uploads\/2015\/11\/IMG_4758.jpg",750,500,false],"mailpoet_newsletter_max":["https:\/\/oi-paris.com\/wordpress\/wp-content\/uploads\/2015\/11\/IMG_4758.jpg",1320,880,false]},"uagb_author_info":{"display_name":"Christophe C","author_link":"https:\/\/oi-paris.com\/wordpress\/author\/christophe\/"},"uagb_comment_info":0,"uagb_excerpt":"Le photographe myst\u00e8re Roger a pr\u00e9sent\u00e9 une s\u00e9lection de photographies du projet Bodyscapes d\u2019Anton BELOVODCHENKO, un travail en studio centr\u00e9 sur le corps f\u00e9minin. Le diaporama projet\u00e9 par Roger est visible ici. &nbsp; Les&#46;&#46;&#46;","_links":{"self":[{"href":"https:\/\/oi-paris.com\/wordpress\/wp-json\/wp\/v2\/posts\/2861","targetHints":{"allow":["GET"]}}],"collection":[{"href":"https:\/\/oi-paris.com\/wordpress\/wp-json\/wp\/v2\/posts"}],"about":[{"href":"https:\/\/oi-paris.com\/wordpress\/wp-json\/wp\/v2\/types\/post"}],"author":[{"embeddable":true,"href":"https:\/\/oi-paris.com\/wordpress\/wp-json\/wp\/v2\/users\/7"}],"replies":[{"embeddable":true,"href":"https:\/\/oi-paris.com\/wordpress\/wp-json\/wp\/v2\/comments?post=2861"}],"version-history":[{"count":5,"href":"https:\/\/oi-paris.com\/wordpress\/wp-json\/wp\/v2\/posts\/2861\/revisions"}],"predecessor-version":[{"id":2896,"href":"https:\/\/oi-paris.com\/wordpress\/wp-json\/wp\/v2\/posts\/2861\/revisions\/2896"}],"wp:featuredmedia":[{"embeddable":true,"href":"https:\/\/oi-paris.com\/wordpress\/wp-json\/wp\/v2\/media\/2891"}],"wp:attachment":[{"href":"https:\/\/oi-paris.com\/wordpress\/wp-json\/wp\/v2\/media?parent=2861"}],"wp:term":[{"taxonomy":"category","embeddable":true,"href":"https:\/\/oi-paris.com\/wordpress\/wp-json\/wp\/v2\/categories?post=2861"},{"taxonomy":"post_tag","embeddable":true,"href":"https:\/\/oi-paris.com\/wordpress\/wp-json\/wp\/v2\/tags?post=2861"}],"curies":[{"name":"wp","href":"https:\/\/api.w.org\/{rel}","templated":true}]}}