{"id":3017,"date":"2015-12-08T10:03:57","date_gmt":"2015-12-08T08:03:57","guid":{"rendered":"http:\/\/oi-paris.com\/wordpress\/?p=3017"},"modified":"2015-12-08T13:14:06","modified_gmt":"2015-12-08T11:14:06","slug":"sortie-photo-a-montmartre","status":"publish","type":"post","link":"https:\/\/oi-paris.com\/wordpress\/2015\/12\/08\/sortie-photo-a-montmartre\/","title":{"rendered":"Sortie photo \u00e0 Montmartre"},"content":{"rendered":"<p><img loading=\"lazy\" decoding=\"async\" class=\"alignnone size-medium wp-image-3026\" src=\"http:\/\/oi-paris.com\/wordpress\/wp-content\/uploads\/2015\/12\/montmartre-3-12-300x199.jpg\" alt=\"montmartre-3-1\" width=\"300\" height=\"199\" srcset=\"https:\/\/oi-paris.com\/wordpress\/wp-content\/uploads\/2015\/12\/montmartre-3-12-300x199.jpg 300w, https:\/\/oi-paris.com\/wordpress\/wp-content\/uploads\/2015\/12\/montmartre-3-12-1024x678.jpg 1024w, https:\/\/oi-paris.com\/wordpress\/wp-content\/uploads\/2015\/12\/montmartre-3-12-600x397.jpg 600w, https:\/\/oi-paris.com\/wordpress\/wp-content\/uploads\/2015\/12\/montmartre-3-12.jpg 1631w\" sizes=\"auto, (max-width: 300px) 100vw, 300px\" \/><\/p>\n<p><span style=\"color: #000000;\"><strong>De quoi s&#8217;agit-il ?<\/strong><\/span><\/p>\n<p><span style=\"color: #000000;\">D&#8217;une sortie photo en groupe, encadr\u00e9e par des animateurs , pour d\u00e9couvrir ou red\u00e9couvrir Montmartre.\u00a0la place du Tertre, \u00a0le cabaret Le Lapin Agille,la maison rose , le Sacr\u00e9-Coeur&#8230;<\/span><\/p>\n<p><span style=\"color: #000000;\"><strong>C&#8217;est o\u00f9\u00a0pr\u00e9cis\u00e9ment ?<\/strong><\/span><\/p>\n<p><span style=\"color: #000000;\">rdv : au m\u00e9tro &#8220;<strong>Anvers<\/strong>&#8220;. (kiosque \u00e0 journaux)<\/span><\/p>\n<p><span style=\"color: #000000;\"><strong>C&#8217;est quand ?<\/strong><\/span><\/p>\n<p><span style=\"color: #000000;\"><span style=\"color: #800000;\"><strong>vendredi 11 d\u00e9cembre 2015 \u00e0 19H<\/strong><\/span>. pour une dur\u00e9e de 2 heures environ.<\/span><\/p>\n<p><span style=\"color: #000000;\"><strong>Conditions<\/strong><\/span><\/p>\n<p><span style=\"color: #000000;\">Pr\u00e9voir comme d&#8217;habitude, appareil photo, pied photo, v\u00eatements chauds et de pluie.<\/span><\/p>\n<p>&nbsp;<\/p>\n<p>&nbsp;<\/p>\n","protected":false},"excerpt":{"rendered":"<p>De quoi s&#8217;agit-il ? D&#8217;une sortie photo en groupe, encadr\u00e9e par des animateurs , pour d\u00e9couvrir ou red\u00e9couvrir Montmartre.\u00a0la place du Tertre, \u00a0le cabaret Le Lapin Agille,la maison rose , le Sacr\u00e9-Coeur&#8230; C&#8217;est o\u00f9\u00a0pr\u00e9cis\u00e9ment&#46;&#46;&#46;<\/p>\n","protected":false},"author":11,"featured_media":3040,"comment_status":"closed","ping_status":"closed","sticky":false,"template":"","format":"standard","meta":{"_acf_changed":false,"_oasis_is_in_workflow":0,"_oasis_original":0,"_uag_custom_page_level_css":"","footnotes":""},"categories":[9,10],"tags":[],"class_list":["post-3017","post","type-post","status-publish","format-standard","has-post-thumbnail","hentry","category-photo","category-sortie-photo"],"acf":[],"uagb_featured_image_src":{"full":["https:\/\/oi-paris.com\/wordpress\/wp-content\/uploads\/2015\/12\/Butte_Montmartre_1.jpg",1600,1200,false],"thumbnail":["https:\/\/oi-paris.com\/wordpress\/wp-content\/uploads\/2015\/12\/Butte_Montmartre_1-150x150.jpg",150,150,true],"medium":["https:\/\/oi-paris.com\/wordpress\/wp-content\/uploads\/2015\/12\/Butte_Montmartre_1-300x225.jpg",300,225,true],"medium_large":["https:\/\/oi-paris.com\/wordpress\/wp-content\/uploads\/2015\/12\/Butte_Montmartre_1.jpg",768,576,false],"large":["https:\/\/oi-paris.com\/wordpress\/wp-content\/uploads\/2015\/12\/Butte_Montmartre_1-1024x768.jpg",1024,768,true],"1536x1536":["https:\/\/oi-paris.com\/wordpress\/wp-content\/uploads\/2015\/12\/Butte_Montmartre_1.jpg",1536,1152,false],"2048x2048":["https:\/\/oi-paris.com\/wordpress\/wp-content\/uploads\/2015\/12\/Butte_Montmartre_1.jpg",1600,1200,false],"thumb-small":["https:\/\/oi-paris.com\/wordpress\/wp-content\/uploads\/2015\/12\/Butte_Montmartre_1-160x160.jpg",80,80,true],"thumb-standard":["https:\/\/oi-paris.com\/wordpress\/wp-content\/uploads\/2015\/12\/Butte_Montmartre_1-320x320.jpg",320,320,true],"thumb-medium":["https:\/\/oi-paris.com\/wordpress\/wp-content\/uploads\/2015\/12\/Butte_Montmartre_1-520x245.jpg",520,245,true],"thumb-large":["https:\/\/oi-paris.com\/wordpress\/wp-content\/uploads\/2015\/12\/Butte_Montmartre_1-720x340.jpg",720,340,true],"thumb-xlarge":["https:\/\/oi-paris.com\/wordpress\/wp-content\/uploads\/2015\/12\/Butte_Montmartre_1.jpg",600,450,false],"thumb-xxlarge":["https:\/\/oi-paris.com\/wordpress\/wp-content\/uploads\/2015\/12\/Butte_Montmartre_1.jpg",667,500,false],"mailpoet_newsletter_max":["https:\/\/oi-paris.com\/wordpress\/wp-content\/uploads\/2015\/12\/Butte_Montmartre_1.jpg",1320,990,false]},"uagb_author_info":{"display_name":"Patrice D","author_link":"https:\/\/oi-paris.com\/wordpress\/author\/patrice\/"},"uagb_comment_info":0,"uagb_excerpt":"De quoi s&#8217;agit-il ? D&#8217;une sortie photo en groupe, encadr\u00e9e par des animateurs , pour d\u00e9couvrir ou red\u00e9couvrir Montmartre.\u00a0la place du Tertre, \u00a0le cabaret Le Lapin Agille,la maison rose , le Sacr\u00e9-Coeur&#8230; C&#8217;est o\u00f9\u00a0pr\u00e9cis\u00e9ment&#46;&#46;&#46;","_links":{"self":[{"href":"https:\/\/oi-paris.com\/wordpress\/wp-json\/wp\/v2\/posts\/3017","targetHints":{"allow":["GET"]}}],"collection":[{"href":"https:\/\/oi-paris.com\/wordpress\/wp-json\/wp\/v2\/posts"}],"about":[{"href":"https:\/\/oi-paris.com\/wordpress\/wp-json\/wp\/v2\/types\/post"}],"author":[{"embeddable":true,"href":"https:\/\/oi-paris.com\/wordpress\/wp-json\/wp\/v2\/users\/11"}],"replies":[{"embeddable":true,"href":"https:\/\/oi-paris.com\/wordpress\/wp-json\/wp\/v2\/comments?post=3017"}],"version-history":[{"count":5,"href":"https:\/\/oi-paris.com\/wordpress\/wp-json\/wp\/v2\/posts\/3017\/revisions"}],"predecessor-version":[{"id":3039,"href":"https:\/\/oi-paris.com\/wordpress\/wp-json\/wp\/v2\/posts\/3017\/revisions\/3039"}],"wp:featuredmedia":[{"embeddable":true,"href":"https:\/\/oi-paris.com\/wordpress\/wp-json\/wp\/v2\/media\/3040"}],"wp:attachment":[{"href":"https:\/\/oi-paris.com\/wordpress\/wp-json\/wp\/v2\/media?parent=3017"}],"wp:term":[{"taxonomy":"category","embeddable":true,"href":"https:\/\/oi-paris.com\/wordpress\/wp-json\/wp\/v2\/categories?post=3017"},{"taxonomy":"post_tag","embeddable":true,"href":"https:\/\/oi-paris.com\/wordpress\/wp-json\/wp\/v2\/tags?post=3017"}],"curies":[{"name":"wp","href":"https:\/\/api.w.org\/{rel}","templated":true}]}}