{"id":3088,"date":"2015-12-17T23:05:04","date_gmt":"2015-12-17T21:05:04","guid":{"rendered":"http:\/\/oi-paris.com\/wordpress\/?p=3088"},"modified":"2016-01-07T14:12:20","modified_gmt":"2016-01-07T12:12:20","slug":"formation-ecrire-sur-le-blog-doip","status":"publish","type":"post","link":"https:\/\/oi-paris.com\/wordpress\/2015\/12\/17\/formation-ecrire-sur-le-blog-doip\/","title":{"rendered":"Formation \u00e9crire sur le blog d&#8217;OIP"},"content":{"rendered":"<p><span style=\"color: #000000;\"><strong>C&#8217;est quoi ?<\/strong><\/span><\/p>\n<p><span style=\"color: #000000;\">La seconde session de formation pour ceux qui souhaitent \u00e9crire sur le blog d&#8217;Objectif Image Paris.<\/span><\/p>\n<p><span style=\"color: #000000;\"><strong>C&#8217;est quand ?<\/strong><\/span><\/p>\n<p><span style=\"color: #000000;\">Samedi\u00a023 janvier 2016 \u00e0 14h30<\/span><\/p>\n<p><span style=\"color: #000000;\"><strong>C&#8217;est o\u00f9 ?<\/strong><\/span><\/p>\n<p><span style=\"color: #000000;\">8 rue Brillat Savarin 75013 Paris, salle 11<br \/>\n<\/span><\/p>\n<p><span style=\"color: #000000;\"><strong>Et si on ne peut pas venir ?<\/strong><\/span><\/p>\n<p><span style=\"color: #000000;\">Le mode d&#8217;emploi est d\u00e9j\u00e0 pr\u00e9sent<\/span> <a href=\"http:\/\/oi-paris.com\/wordpress\/rediger-un-article-pour-le-site\/\" target=\"_blank\">ici<\/a>. <span style=\"color: #000000;\">Vous pouvez le lire et poser vos questions par mail \u00e0<\/span> <a href=\"mailto:contact@rozenn-photo.com\">Rozenn<\/a>.<\/p>\n","protected":false},"excerpt":{"rendered":"<p>C&#8217;est quoi ? La seconde session de formation pour ceux qui souhaitent \u00e9crire sur le blog d&#8217;Objectif Image Paris. C&#8217;est quand ? Samedi\u00a023 janvier 2016 \u00e0 14h30 C&#8217;est o\u00f9 ? 8 rue Brillat Savarin&#46;&#46;&#46;<\/p>\n","protected":false},"author":2,"featured_media":3092,"comment_status":"closed","ping_status":"closed","sticky":false,"template":"","format":"standard","meta":{"_acf_changed":false,"_oasis_is_in_workflow":0,"_oasis_original":0,"_uag_custom_page_level_css":"","footnotes":""},"categories":[26],"tags":[],"class_list":["post-3088","post","type-post","status-publish","format-standard","has-post-thumbnail","hentry","category-formation"],"acf":[],"uagb_featured_image_src":{"full":["https:\/\/oi-paris.com\/wordpress\/wp-content\/uploads\/2015\/12\/wordpress.jpg",1396,659,false],"thumbnail":["https:\/\/oi-paris.com\/wordpress\/wp-content\/uploads\/2015\/12\/wordpress-150x150.jpg",150,150,true],"medium":["https:\/\/oi-paris.com\/wordpress\/wp-content\/uploads\/2015\/12\/wordpress-300x142.jpg",300,142,true],"medium_large":["https:\/\/oi-paris.com\/wordpress\/wp-content\/uploads\/2015\/12\/wordpress-768x363.jpg",768,363,true],"large":["https:\/\/oi-paris.com\/wordpress\/wp-content\/uploads\/2015\/12\/wordpress-1024x483.jpg",1024,483,true],"1536x1536":["https:\/\/oi-paris.com\/wordpress\/wp-content\/uploads\/2015\/12\/wordpress.jpg",1396,659,false],"2048x2048":["https:\/\/oi-paris.com\/wordpress\/wp-content\/uploads\/2015\/12\/wordpress.jpg",1396,659,false],"thumb-small":["https:\/\/oi-paris.com\/wordpress\/wp-content\/uploads\/2015\/12\/wordpress-160x160.jpg",80,80,true],"thumb-standard":["https:\/\/oi-paris.com\/wordpress\/wp-content\/uploads\/2015\/12\/wordpress-320x320.jpg",320,320,true],"thumb-medium":["https:\/\/oi-paris.com\/wordpress\/wp-content\/uploads\/2015\/12\/wordpress-520x245.jpg",520,245,true],"thumb-large":["https:\/\/oi-paris.com\/wordpress\/wp-content\/uploads\/2015\/12\/wordpress-720x340.jpg",720,340,true],"thumb-xlarge":["https:\/\/oi-paris.com\/wordpress\/wp-content\/uploads\/2015\/12\/wordpress.jpg",953,450,false],"thumb-xxlarge":["https:\/\/oi-paris.com\/wordpress\/wp-content\/uploads\/2015\/12\/wordpress.jpg",1059,500,false],"mailpoet_newsletter_max":["https:\/\/oi-paris.com\/wordpress\/wp-content\/uploads\/2015\/12\/wordpress.jpg",1320,623,false]},"uagb_author_info":{"display_name":"Rozenn D","author_link":"https:\/\/oi-paris.com\/wordpress\/author\/rozenn\/"},"uagb_comment_info":0,"uagb_excerpt":"C&#8217;est quoi ? La seconde session de formation pour ceux qui souhaitent \u00e9crire sur le blog d&#8217;Objectif Image Paris. C&#8217;est quand ? Samedi\u00a023 janvier 2016 \u00e0 14h30 C&#8217;est o\u00f9 ? 8 rue Brillat Savarin&#46;&#46;&#46;","_links":{"self":[{"href":"https:\/\/oi-paris.com\/wordpress\/wp-json\/wp\/v2\/posts\/3088","targetHints":{"allow":["GET"]}}],"collection":[{"href":"https:\/\/oi-paris.com\/wordpress\/wp-json\/wp\/v2\/posts"}],"about":[{"href":"https:\/\/oi-paris.com\/wordpress\/wp-json\/wp\/v2\/types\/post"}],"author":[{"embeddable":true,"href":"https:\/\/oi-paris.com\/wordpress\/wp-json\/wp\/v2\/users\/2"}],"replies":[{"embeddable":true,"href":"https:\/\/oi-paris.com\/wordpress\/wp-json\/wp\/v2\/comments?post=3088"}],"version-history":[{"count":5,"href":"https:\/\/oi-paris.com\/wordpress\/wp-json\/wp\/v2\/posts\/3088\/revisions"}],"predecessor-version":[{"id":3209,"href":"https:\/\/oi-paris.com\/wordpress\/wp-json\/wp\/v2\/posts\/3088\/revisions\/3209"}],"wp:featuredmedia":[{"embeddable":true,"href":"https:\/\/oi-paris.com\/wordpress\/wp-json\/wp\/v2\/media\/3092"}],"wp:attachment":[{"href":"https:\/\/oi-paris.com\/wordpress\/wp-json\/wp\/v2\/media?parent=3088"}],"wp:term":[{"taxonomy":"category","embeddable":true,"href":"https:\/\/oi-paris.com\/wordpress\/wp-json\/wp\/v2\/categories?post=3088"},{"taxonomy":"post_tag","embeddable":true,"href":"https:\/\/oi-paris.com\/wordpress\/wp-json\/wp\/v2\/tags?post=3088"}],"curies":[{"name":"wp","href":"https:\/\/api.w.org\/{rel}","templated":true}]}}