{"id":3140,"date":"2015-12-20T17:59:55","date_gmt":"2015-12-20T15:59:55","guid":{"rendered":"http:\/\/oi-paris.com\/wordpress\/?p=3140"},"modified":"2016-01-23T18:49:40","modified_gmt":"2016-01-23T16:49:40","slug":"3140","status":"publish","type":"post","link":"https:\/\/oi-paris.com\/wordpress\/2015\/12\/20\/3140\/","title":{"rendered":"Objectif Image Paris \u00e0 l&#8217;UNESCO"},"content":{"rendered":"\n\t\t<style>\n\t\t\t#gallery-1 {\n\t\t\t\tmargin: auto;\n\t\t\t}\n\t\t\t#gallery-1 .gallery-item {\n\t\t\t\tfloat: left;\n\t\t\t\tmargin-top: 10px;\n\t\t\t\ttext-align: center;\n\t\t\t\twidth: 33%;\n\t\t\t}\n\t\t\t#gallery-1 img {\n\t\t\t\tborder: 2px solid #cfcfcf;\n\t\t\t}\n\t\t\t#gallery-1 .gallery-caption {\n\t\t\t\tmargin-left: 0;\n\t\t\t}\n\t\t\t\/* see gallery_shortcode() in wp-includes\/media.php *\/\n\t\t<\/style>\n\t\t<div id='gallery-1' class='gallery galleryid-3140 gallery-columns-3 gallery-size-thumbnail'><dl class='gallery-item'>\n\t\t\t<dt class='gallery-icon landscape'>\n\t\t\t\t<a href='https:\/\/oi-paris.com\/wordpress\/wp-content\/uploads\/2015\/12\/DSC0100.jpg' title=\"\" data-rl_title=\"\" class=\"rl-gallery-link\" data-rl_caption=\"\" data-rel=\"lightbox-gallery-1\"><img loading=\"lazy\" decoding=\"async\" width=\"150\" height=\"150\" src=\"https:\/\/oi-paris.com\/wordpress\/wp-content\/uploads\/2015\/12\/DSC0100-150x150.jpg\" class=\"attachment-thumbnail size-thumbnail\" alt=\"\" srcset=\"https:\/\/oi-paris.com\/wordpress\/wp-content\/uploads\/2015\/12\/DSC0100-150x150.jpg 150w, https:\/\/oi-paris.com\/wordpress\/wp-content\/uploads\/2015\/12\/DSC0100-160x160.jpg 160w, https:\/\/oi-paris.com\/wordpress\/wp-content\/uploads\/2015\/12\/DSC0100-320x320.jpg 320w\" sizes=\"auto, (max-width: 150px) 100vw, 150px\" \/><\/a>\n\t\t\t<\/dt><\/dl><dl class='gallery-item'>\n\t\t\t<dt class='gallery-icon portrait'>\n\t\t\t\t<a href='https:\/\/oi-paris.com\/wordpress\/wp-content\/uploads\/2015\/12\/UNESCO-Eiffel_C057101.jpg' title=\"\" data-rl_title=\"\" class=\"rl-gallery-link\" data-rl_caption=\"\" data-rel=\"lightbox-gallery-1\"><img loading=\"lazy\" decoding=\"async\" width=\"150\" height=\"150\" src=\"https:\/\/oi-paris.com\/wordpress\/wp-content\/uploads\/2015\/12\/UNESCO-Eiffel_C057101-150x150.jpg\" class=\"attachment-thumbnail size-thumbnail\" alt=\"\" srcset=\"https:\/\/oi-paris.com\/wordpress\/wp-content\/uploads\/2015\/12\/UNESCO-Eiffel_C057101-150x150.jpg 150w, https:\/\/oi-paris.com\/wordpress\/wp-content\/uploads\/2015\/12\/UNESCO-Eiffel_C057101-160x160.jpg 160w, https:\/\/oi-paris.com\/wordpress\/wp-content\/uploads\/2015\/12\/UNESCO-Eiffel_C057101-320x320.jpg 320w\" sizes=\"auto, (max-width: 150px) 100vw, 150px\" \/><\/a>\n\t\t\t<\/dt><\/dl><dl class='gallery-item'>\n\t\t\t<dt class='gallery-icon portrait'>\n\t\t\t\t<a href='https:\/\/oi-paris.com\/wordpress\/wp-content\/uploads\/2015\/12\/UNESCO-Eiffel_C057052.jpg' title=\"\" data-rl_title=\"\" class=\"rl-gallery-link\" data-rl_caption=\"\" data-rel=\"lightbox-gallery-1\"><img loading=\"lazy\" decoding=\"async\" width=\"150\" height=\"150\" src=\"https:\/\/oi-paris.com\/wordpress\/wp-content\/uploads\/2015\/12\/UNESCO-Eiffel_C057052-150x150.jpg\" class=\"attachment-thumbnail size-thumbnail\" alt=\"\" srcset=\"https:\/\/oi-paris.com\/wordpress\/wp-content\/uploads\/2015\/12\/UNESCO-Eiffel_C057052-150x150.jpg 150w, https:\/\/oi-paris.com\/wordpress\/wp-content\/uploads\/2015\/12\/UNESCO-Eiffel_C057052-160x160.jpg 160w, https:\/\/oi-paris.com\/wordpress\/wp-content\/uploads\/2015\/12\/UNESCO-Eiffel_C057052-320x320.jpg 320w\" sizes=\"auto, (max-width: 150px) 100vw, 150px\" \/><\/a>\n\t\t\t<\/dt><\/dl><br style=\"clear: both\" \/><dl class='gallery-item'>\n\t\t\t<dt class='gallery-icon landscape'>\n\t\t\t\t<a href='https:\/\/oi-paris.com\/wordpress\/wp-content\/uploads\/2015\/12\/UNESCO-Eiffel_C057038.jpg' title=\"\" data-rl_title=\"\" class=\"rl-gallery-link\" data-rl_caption=\"\" data-rel=\"lightbox-gallery-1\"><img loading=\"lazy\" decoding=\"async\" width=\"150\" height=\"150\" src=\"https:\/\/oi-paris.com\/wordpress\/wp-content\/uploads\/2015\/12\/UNESCO-Eiffel_C057038-150x150.jpg\" class=\"attachment-thumbnail size-thumbnail\" alt=\"\" srcset=\"https:\/\/oi-paris.com\/wordpress\/wp-content\/uploads\/2015\/12\/UNESCO-Eiffel_C057038-150x150.jpg 150w, https:\/\/oi-paris.com\/wordpress\/wp-content\/uploads\/2015\/12\/UNESCO-Eiffel_C057038-160x160.jpg 160w, https:\/\/oi-paris.com\/wordpress\/wp-content\/uploads\/2015\/12\/UNESCO-Eiffel_C057038-320x320.jpg 320w\" sizes=\"auto, (max-width: 150px) 100vw, 150px\" \/><\/a>\n\t\t\t<\/dt><\/dl><dl class='gallery-item'>\n\t\t\t<dt class='gallery-icon landscape'>\n\t\t\t\t<a href='https:\/\/oi-paris.com\/wordpress\/wp-content\/uploads\/2015\/12\/UNESCO-Eiffel_C057031.jpg' title=\"\" data-rl_title=\"\" class=\"rl-gallery-link\" data-rl_caption=\"\" data-rel=\"lightbox-gallery-1\"><img loading=\"lazy\" decoding=\"async\" width=\"150\" height=\"150\" src=\"https:\/\/oi-paris.com\/wordpress\/wp-content\/uploads\/2015\/12\/UNESCO-Eiffel_C057031-150x150.jpg\" class=\"attachment-thumbnail size-thumbnail\" alt=\"\" srcset=\"https:\/\/oi-paris.com\/wordpress\/wp-content\/uploads\/2015\/12\/UNESCO-Eiffel_C057031-150x150.jpg 150w, https:\/\/oi-paris.com\/wordpress\/wp-content\/uploads\/2015\/12\/UNESCO-Eiffel_C057031-300x300.jpg 300w, https:\/\/oi-paris.com\/wordpress\/wp-content\/uploads\/2015\/12\/UNESCO-Eiffel_C057031-768x768.jpg 768w, https:\/\/oi-paris.com\/wordpress\/wp-content\/uploads\/2015\/12\/UNESCO-Eiffel_C057031-1024x1024.jpg 1024w, https:\/\/oi-paris.com\/wordpress\/wp-content\/uploads\/2015\/12\/UNESCO-Eiffel_C057031-600x600.jpg 600w, https:\/\/oi-paris.com\/wordpress\/wp-content\/uploads\/2015\/12\/UNESCO-Eiffel_C057031-160x160.jpg 160w, https:\/\/oi-paris.com\/wordpress\/wp-content\/uploads\/2015\/12\/UNESCO-Eiffel_C057031-320x320.jpg 320w\" sizes=\"auto, (max-width: 150px) 100vw, 150px\" \/><\/a>\n\t\t\t<\/dt><\/dl><dl class='gallery-item'>\n\t\t\t<dt class='gallery-icon landscape'>\n\t\t\t\t<a href='https:\/\/oi-paris.com\/wordpress\/wp-content\/uploads\/2015\/12\/UNESCO-Eiffel_C057013.jpg' title=\"\" data-rl_title=\"\" class=\"rl-gallery-link\" data-rl_caption=\"\" data-rel=\"lightbox-gallery-1\"><img loading=\"lazy\" decoding=\"async\" width=\"150\" height=\"150\" src=\"https:\/\/oi-paris.com\/wordpress\/wp-content\/uploads\/2015\/12\/UNESCO-Eiffel_C057013-150x150.jpg\" class=\"attachment-thumbnail size-thumbnail\" alt=\"\" srcset=\"https:\/\/oi-paris.com\/wordpress\/wp-content\/uploads\/2015\/12\/UNESCO-Eiffel_C057013-150x150.jpg 150w, https:\/\/oi-paris.com\/wordpress\/wp-content\/uploads\/2015\/12\/UNESCO-Eiffel_C057013-160x160.jpg 160w, https:\/\/oi-paris.com\/wordpress\/wp-content\/uploads\/2015\/12\/UNESCO-Eiffel_C057013-320x320.jpg 320w\" sizes=\"auto, (max-width: 150px) 100vw, 150px\" \/><\/a>\n\t\t\t<\/dt><\/dl><br style=\"clear: both\" \/><dl class='gallery-item'>\n\t\t\t<dt class='gallery-icon portrait'>\n\t\t\t\t<a href='https:\/\/oi-paris.com\/wordpress\/wp-content\/uploads\/2015\/12\/UNESCO-Eiffel_C057004.jpg' title=\"\" data-rl_title=\"\" class=\"rl-gallery-link\" data-rl_caption=\"\" data-rel=\"lightbox-gallery-1\"><img loading=\"lazy\" decoding=\"async\" width=\"150\" height=\"150\" src=\"https:\/\/oi-paris.com\/wordpress\/wp-content\/uploads\/2015\/12\/UNESCO-Eiffel_C057004-150x150.jpg\" class=\"attachment-thumbnail size-thumbnail\" alt=\"\" srcset=\"https:\/\/oi-paris.com\/wordpress\/wp-content\/uploads\/2015\/12\/UNESCO-Eiffel_C057004-150x150.jpg 150w, https:\/\/oi-paris.com\/wordpress\/wp-content\/uploads\/2015\/12\/UNESCO-Eiffel_C057004-160x160.jpg 160w, https:\/\/oi-paris.com\/wordpress\/wp-content\/uploads\/2015\/12\/UNESCO-Eiffel_C057004-320x320.jpg 320w\" sizes=\"auto, (max-width: 150px) 100vw, 150px\" \/><\/a>\n\t\t\t<\/dt><\/dl><dl class='gallery-item'>\n\t\t\t<dt class='gallery-icon landscape'>\n\t\t\t\t<a href='https:\/\/oi-paris.com\/wordpress\/wp-content\/uploads\/2015\/12\/UNESCO-Eiffel_C056976.jpg' title=\"\" data-rl_title=\"\" class=\"rl-gallery-link\" data-rl_caption=\"\" data-rel=\"lightbox-gallery-1\"><img loading=\"lazy\" decoding=\"async\" width=\"150\" height=\"150\" src=\"https:\/\/oi-paris.com\/wordpress\/wp-content\/uploads\/2015\/12\/UNESCO-Eiffel_C056976-150x150.jpg\" class=\"attachment-thumbnail size-thumbnail\" alt=\"\" srcset=\"https:\/\/oi-paris.com\/wordpress\/wp-content\/uploads\/2015\/12\/UNESCO-Eiffel_C056976-150x150.jpg 150w, https:\/\/oi-paris.com\/wordpress\/wp-content\/uploads\/2015\/12\/UNESCO-Eiffel_C056976-300x300.jpg 300w, https:\/\/oi-paris.com\/wordpress\/wp-content\/uploads\/2015\/12\/UNESCO-Eiffel_C056976-768x768.jpg 768w, https:\/\/oi-paris.com\/wordpress\/wp-content\/uploads\/2015\/12\/UNESCO-Eiffel_C056976-1024x1024.jpg 1024w, https:\/\/oi-paris.com\/wordpress\/wp-content\/uploads\/2015\/12\/UNESCO-Eiffel_C056976-600x600.jpg 600w, https:\/\/oi-paris.com\/wordpress\/wp-content\/uploads\/2015\/12\/UNESCO-Eiffel_C056976-160x160.jpg 160w, https:\/\/oi-paris.com\/wordpress\/wp-content\/uploads\/2015\/12\/UNESCO-Eiffel_C056976-320x320.jpg 320w\" sizes=\"auto, (max-width: 150px) 100vw, 150px\" \/><\/a>\n\t\t\t<\/dt><\/dl><dl class='gallery-item'>\n\t\t\t<dt class='gallery-icon landscape'>\n\t\t\t\t<a href='https:\/\/oi-paris.com\/wordpress\/wp-content\/uploads\/2015\/12\/UNESCO-Eiffel_C056970.jpg' title=\"\" data-rl_title=\"\" class=\"rl-gallery-link\" data-rl_caption=\"\" data-rel=\"lightbox-gallery-1\"><img loading=\"lazy\" decoding=\"async\" width=\"150\" height=\"150\" src=\"https:\/\/oi-paris.com\/wordpress\/wp-content\/uploads\/2015\/12\/UNESCO-Eiffel_C056970-150x150.jpg\" class=\"attachment-thumbnail size-thumbnail\" alt=\"\" srcset=\"https:\/\/oi-paris.com\/wordpress\/wp-content\/uploads\/2015\/12\/UNESCO-Eiffel_C056970-150x150.jpg 150w, https:\/\/oi-paris.com\/wordpress\/wp-content\/uploads\/2015\/12\/UNESCO-Eiffel_C056970-160x160.jpg 160w, https:\/\/oi-paris.com\/wordpress\/wp-content\/uploads\/2015\/12\/UNESCO-Eiffel_C056970-320x320.jpg 320w\" sizes=\"auto, (max-width: 150px) 100vw, 150px\" \/><\/a>\n\t\t\t<\/dt><\/dl><br style=\"clear: both\" \/><dl class='gallery-item'>\n\t\t\t<dt class='gallery-icon landscape'>\n\t\t\t\t<a href='https:\/\/oi-paris.com\/wordpress\/wp-content\/uploads\/2015\/12\/UNESCO-Eiffel_C056944.jpg' title=\"\" data-rl_title=\"\" class=\"rl-gallery-link\" data-rl_caption=\"\" data-rel=\"lightbox-gallery-1\"><img loading=\"lazy\" decoding=\"async\" width=\"150\" height=\"150\" src=\"https:\/\/oi-paris.com\/wordpress\/wp-content\/uploads\/2015\/12\/UNESCO-Eiffel_C056944-150x150.jpg\" class=\"attachment-thumbnail size-thumbnail\" alt=\"\" srcset=\"https:\/\/oi-paris.com\/wordpress\/wp-content\/uploads\/2015\/12\/UNESCO-Eiffel_C056944-150x150.jpg 150w, https:\/\/oi-paris.com\/wordpress\/wp-content\/uploads\/2015\/12\/UNESCO-Eiffel_C056944-300x300.jpg 300w, https:\/\/oi-paris.com\/wordpress\/wp-content\/uploads\/2015\/12\/UNESCO-Eiffel_C056944-768x768.jpg 768w, https:\/\/oi-paris.com\/wordpress\/wp-content\/uploads\/2015\/12\/UNESCO-Eiffel_C056944-1024x1024.jpg 1024w, https:\/\/oi-paris.com\/wordpress\/wp-content\/uploads\/2015\/12\/UNESCO-Eiffel_C056944-600x600.jpg 600w, https:\/\/oi-paris.com\/wordpress\/wp-content\/uploads\/2015\/12\/UNESCO-Eiffel_C056944-160x160.jpg 160w, https:\/\/oi-paris.com\/wordpress\/wp-content\/uploads\/2015\/12\/UNESCO-Eiffel_C056944-320x320.jpg 320w\" sizes=\"auto, (max-width: 150px) 100vw, 150px\" \/><\/a>\n\t\t\t<\/dt><\/dl><dl class='gallery-item'>\n\t\t\t<dt class='gallery-icon portrait'>\n\t\t\t\t<a href='https:\/\/oi-paris.com\/wordpress\/wp-content\/uploads\/2015\/12\/UNESCO-Eiffel_C056911.jpg' title=\"\" data-rl_title=\"\" class=\"rl-gallery-link\" data-rl_caption=\"\" data-rel=\"lightbox-gallery-1\"><img loading=\"lazy\" decoding=\"async\" width=\"150\" height=\"150\" src=\"https:\/\/oi-paris.com\/wordpress\/wp-content\/uploads\/2015\/12\/UNESCO-Eiffel_C056911-150x150.jpg\" class=\"attachment-thumbnail size-thumbnail\" alt=\"\" srcset=\"https:\/\/oi-paris.com\/wordpress\/wp-content\/uploads\/2015\/12\/UNESCO-Eiffel_C056911-150x150.jpg 150w, https:\/\/oi-paris.com\/wordpress\/wp-content\/uploads\/2015\/12\/UNESCO-Eiffel_C056911-160x160.jpg 160w, https:\/\/oi-paris.com\/wordpress\/wp-content\/uploads\/2015\/12\/UNESCO-Eiffel_C056911-320x320.jpg 320w\" sizes=\"auto, (max-width: 150px) 100vw, 150px\" \/><\/a>\n\t\t\t<\/dt><\/dl><dl class='gallery-item'>\n\t\t\t<dt class='gallery-icon portrait'>\n\t\t\t\t<a href='https:\/\/oi-paris.com\/wordpress\/wp-content\/uploads\/2015\/12\/UNESCO-Eiffel_C056872.jpg' title=\"\" data-rl_title=\"\" class=\"rl-gallery-link\" data-rl_caption=\"\" data-rel=\"lightbox-gallery-1\"><img loading=\"lazy\" decoding=\"async\" width=\"150\" height=\"150\" src=\"https:\/\/oi-paris.com\/wordpress\/wp-content\/uploads\/2015\/12\/UNESCO-Eiffel_C056872-150x150.jpg\" class=\"attachment-thumbnail size-thumbnail\" alt=\"\" srcset=\"https:\/\/oi-paris.com\/wordpress\/wp-content\/uploads\/2015\/12\/UNESCO-Eiffel_C056872-150x150.jpg 150w, https:\/\/oi-paris.com\/wordpress\/wp-content\/uploads\/2015\/12\/UNESCO-Eiffel_C056872-160x160.jpg 160w, https:\/\/oi-paris.com\/wordpress\/wp-content\/uploads\/2015\/12\/UNESCO-Eiffel_C056872-320x320.jpg 320w\" sizes=\"auto, (max-width: 150px) 100vw, 150px\" \/><\/a>\n\t\t\t<\/dt><\/dl><br style=\"clear: both\" \/><dl class='gallery-item'>\n\t\t\t<dt class='gallery-icon landscape'>\n\t\t\t\t<a href='https:\/\/oi-paris.com\/wordpress\/wp-content\/uploads\/2015\/12\/UNESCO-Eiffel_C056855.jpg' title=\"\" data-rl_title=\"\" class=\"rl-gallery-link\" data-rl_caption=\"\" data-rel=\"lightbox-gallery-1\"><img loading=\"lazy\" decoding=\"async\" width=\"150\" height=\"150\" src=\"https:\/\/oi-paris.com\/wordpress\/wp-content\/uploads\/2015\/12\/UNESCO-Eiffel_C056855-150x150.jpg\" class=\"attachment-thumbnail size-thumbnail\" alt=\"\" srcset=\"https:\/\/oi-paris.com\/wordpress\/wp-content\/uploads\/2015\/12\/UNESCO-Eiffel_C056855-150x150.jpg 150w, https:\/\/oi-paris.com\/wordpress\/wp-content\/uploads\/2015\/12\/UNESCO-Eiffel_C056855-300x300.jpg 300w, https:\/\/oi-paris.com\/wordpress\/wp-content\/uploads\/2015\/12\/UNESCO-Eiffel_C056855-768x768.jpg 768w, https:\/\/oi-paris.com\/wordpress\/wp-content\/uploads\/2015\/12\/UNESCO-Eiffel_C056855-1024x1024.jpg 1024w, https:\/\/oi-paris.com\/wordpress\/wp-content\/uploads\/2015\/12\/UNESCO-Eiffel_C056855-600x600.jpg 600w, https:\/\/oi-paris.com\/wordpress\/wp-content\/uploads\/2015\/12\/UNESCO-Eiffel_C056855-160x160.jpg 160w, https:\/\/oi-paris.com\/wordpress\/wp-content\/uploads\/2015\/12\/UNESCO-Eiffel_C056855-320x320.jpg 320w\" sizes=\"auto, (max-width: 150px) 100vw, 150px\" \/><\/a>\n\t\t\t<\/dt><\/dl><dl class='gallery-item'>\n\t\t\t<dt class='gallery-icon portrait'>\n\t\t\t\t<a href='https:\/\/oi-paris.com\/wordpress\/wp-content\/uploads\/2015\/12\/DSC0488.jpg' title=\"\" data-rl_title=\"\" class=\"rl-gallery-link\" data-rl_caption=\"\" data-rel=\"lightbox-gallery-1\"><img loading=\"lazy\" decoding=\"async\" width=\"150\" height=\"150\" src=\"https:\/\/oi-paris.com\/wordpress\/wp-content\/uploads\/2015\/12\/DSC0488-150x150.jpg\" class=\"attachment-thumbnail size-thumbnail\" alt=\"\" srcset=\"https:\/\/oi-paris.com\/wordpress\/wp-content\/uploads\/2015\/12\/DSC0488-150x150.jpg 150w, https:\/\/oi-paris.com\/wordpress\/wp-content\/uploads\/2015\/12\/DSC0488-160x160.jpg 160w, https:\/\/oi-paris.com\/wordpress\/wp-content\/uploads\/2015\/12\/DSC0488-320x320.jpg 320w\" sizes=\"auto, (max-width: 150px) 100vw, 150px\" \/><\/a>\n\t\t\t<\/dt><\/dl><dl class='gallery-item'>\n\t\t\t<dt class='gallery-icon portrait'>\n\t\t\t\t<a href='https:\/\/oi-paris.com\/wordpress\/wp-content\/uploads\/2015\/12\/DSC0386.jpg' title=\"\" data-rl_title=\"\" class=\"rl-gallery-link\" data-rl_caption=\"\" data-rel=\"lightbox-gallery-1\"><img loading=\"lazy\" decoding=\"async\" width=\"150\" height=\"150\" src=\"https:\/\/oi-paris.com\/wordpress\/wp-content\/uploads\/2015\/12\/DSC0386-150x150.jpg\" class=\"attachment-thumbnail size-thumbnail\" alt=\"\" srcset=\"https:\/\/oi-paris.com\/wordpress\/wp-content\/uploads\/2015\/12\/DSC0386-150x150.jpg 150w, https:\/\/oi-paris.com\/wordpress\/wp-content\/uploads\/2015\/12\/DSC0386-160x160.jpg 160w, https:\/\/oi-paris.com\/wordpress\/wp-content\/uploads\/2015\/12\/DSC0386-320x320.jpg 320w\" sizes=\"auto, (max-width: 150px) 100vw, 150px\" \/><\/a>\n\t\t\t<\/dt><\/dl><br style=\"clear: both\" \/><dl class='gallery-item'>\n\t\t\t<dt class='gallery-icon portrait'>\n\t\t\t\t<a href='https:\/\/oi-paris.com\/wordpress\/wp-content\/uploads\/2015\/12\/DSC0373.jpg' title=\"\" data-rl_title=\"\" class=\"rl-gallery-link\" data-rl_caption=\"\" data-rel=\"lightbox-gallery-1\"><img loading=\"lazy\" decoding=\"async\" width=\"150\" height=\"150\" src=\"https:\/\/oi-paris.com\/wordpress\/wp-content\/uploads\/2015\/12\/DSC0373-150x150.jpg\" class=\"attachment-thumbnail size-thumbnail\" alt=\"\" srcset=\"https:\/\/oi-paris.com\/wordpress\/wp-content\/uploads\/2015\/12\/DSC0373-150x150.jpg 150w, https:\/\/oi-paris.com\/wordpress\/wp-content\/uploads\/2015\/12\/DSC0373-160x160.jpg 160w, https:\/\/oi-paris.com\/wordpress\/wp-content\/uploads\/2015\/12\/DSC0373-320x320.jpg 320w\" sizes=\"auto, (max-width: 150px) 100vw, 150px\" \/><\/a>\n\t\t\t<\/dt><\/dl><dl class='gallery-item'>\n\t\t\t<dt class='gallery-icon portrait'>\n\t\t\t\t<a href='https:\/\/oi-paris.com\/wordpress\/wp-content\/uploads\/2015\/12\/DSC0332.jpg' title=\"\" data-rl_title=\"\" class=\"rl-gallery-link\" data-rl_caption=\"\" data-rel=\"lightbox-gallery-1\"><img loading=\"lazy\" decoding=\"async\" width=\"150\" height=\"150\" src=\"https:\/\/oi-paris.com\/wordpress\/wp-content\/uploads\/2015\/12\/DSC0332-150x150.jpg\" class=\"attachment-thumbnail size-thumbnail\" alt=\"\" srcset=\"https:\/\/oi-paris.com\/wordpress\/wp-content\/uploads\/2015\/12\/DSC0332-150x150.jpg 150w, https:\/\/oi-paris.com\/wordpress\/wp-content\/uploads\/2015\/12\/DSC0332-160x160.jpg 160w, https:\/\/oi-paris.com\/wordpress\/wp-content\/uploads\/2015\/12\/DSC0332-320x320.jpg 320w\" sizes=\"auto, (max-width: 150px) 100vw, 150px\" \/><\/a>\n\t\t\t<\/dt><\/dl><dl class='gallery-item'>\n\t\t\t<dt class='gallery-icon portrait'>\n\t\t\t\t<a href='https:\/\/oi-paris.com\/wordpress\/wp-content\/uploads\/2015\/12\/DSC0304.jpg' title=\"\" data-rl_title=\"\" class=\"rl-gallery-link\" data-rl_caption=\"\" data-rel=\"lightbox-gallery-1\"><img loading=\"lazy\" decoding=\"async\" width=\"150\" height=\"150\" src=\"https:\/\/oi-paris.com\/wordpress\/wp-content\/uploads\/2015\/12\/DSC0304-150x150.jpg\" class=\"attachment-thumbnail size-thumbnail\" alt=\"\" srcset=\"https:\/\/oi-paris.com\/wordpress\/wp-content\/uploads\/2015\/12\/DSC0304-150x150.jpg 150w, https:\/\/oi-paris.com\/wordpress\/wp-content\/uploads\/2015\/12\/DSC0304-160x160.jpg 160w, https:\/\/oi-paris.com\/wordpress\/wp-content\/uploads\/2015\/12\/DSC0304-320x320.jpg 320w\" sizes=\"auto, (max-width: 150px) 100vw, 150px\" \/><\/a>\n\t\t\t<\/dt><\/dl><br style=\"clear: both\" \/><dl class='gallery-item'>\n\t\t\t<dt class='gallery-icon portrait'>\n\t\t\t\t<a href='https:\/\/oi-paris.com\/wordpress\/wp-content\/uploads\/2015\/12\/DSC0282.jpg' title=\"\" data-rl_title=\"\" class=\"rl-gallery-link\" data-rl_caption=\"\" data-rel=\"lightbox-gallery-1\"><img loading=\"lazy\" decoding=\"async\" width=\"150\" height=\"150\" src=\"https:\/\/oi-paris.com\/wordpress\/wp-content\/uploads\/2015\/12\/DSC0282-150x150.jpg\" class=\"attachment-thumbnail size-thumbnail\" alt=\"\" srcset=\"https:\/\/oi-paris.com\/wordpress\/wp-content\/uploads\/2015\/12\/DSC0282-150x150.jpg 150w, https:\/\/oi-paris.com\/wordpress\/wp-content\/uploads\/2015\/12\/DSC0282-160x160.jpg 160w, https:\/\/oi-paris.com\/wordpress\/wp-content\/uploads\/2015\/12\/DSC0282-320x320.jpg 320w\" sizes=\"auto, (max-width: 150px) 100vw, 150px\" \/><\/a>\n\t\t\t<\/dt><\/dl><dl class='gallery-item'>\n\t\t\t<dt class='gallery-icon portrait'>\n\t\t\t\t<a href='https:\/\/oi-paris.com\/wordpress\/wp-content\/uploads\/2015\/12\/DSC0217.jpg' title=\"\" data-rl_title=\"\" class=\"rl-gallery-link\" data-rl_caption=\"\" data-rel=\"lightbox-gallery-1\"><img loading=\"lazy\" decoding=\"async\" width=\"150\" height=\"150\" src=\"https:\/\/oi-paris.com\/wordpress\/wp-content\/uploads\/2015\/12\/DSC0217-150x150.jpg\" class=\"attachment-thumbnail size-thumbnail\" alt=\"\" srcset=\"https:\/\/oi-paris.com\/wordpress\/wp-content\/uploads\/2015\/12\/DSC0217-150x150.jpg 150w, https:\/\/oi-paris.com\/wordpress\/wp-content\/uploads\/2015\/12\/DSC0217-160x160.jpg 160w, https:\/\/oi-paris.com\/wordpress\/wp-content\/uploads\/2015\/12\/DSC0217-320x320.jpg 320w\" sizes=\"auto, (max-width: 150px) 100vw, 150px\" \/><\/a>\n\t\t\t<\/dt><\/dl><dl class='gallery-item'>\n\t\t\t<dt class='gallery-icon portrait'>\n\t\t\t\t<a href='https:\/\/oi-paris.com\/wordpress\/wp-content\/uploads\/2015\/12\/DSC0200.jpg' title=\"\" data-rl_title=\"\" class=\"rl-gallery-link\" data-rl_caption=\"\" data-rel=\"lightbox-gallery-1\"><img loading=\"lazy\" decoding=\"async\" width=\"150\" height=\"150\" src=\"https:\/\/oi-paris.com\/wordpress\/wp-content\/uploads\/2015\/12\/DSC0200-150x150.jpg\" class=\"attachment-thumbnail size-thumbnail\" alt=\"\" srcset=\"https:\/\/oi-paris.com\/wordpress\/wp-content\/uploads\/2015\/12\/DSC0200-150x150.jpg 150w, https:\/\/oi-paris.com\/wordpress\/wp-content\/uploads\/2015\/12\/DSC0200-160x160.jpg 160w, https:\/\/oi-paris.com\/wordpress\/wp-content\/uploads\/2015\/12\/DSC0200-320x320.jpg 320w\" sizes=\"auto, (max-width: 150px) 100vw, 150px\" \/><\/a>\n\t\t\t<\/dt><\/dl><br style=\"clear: both\" \/><dl class='gallery-item'>\n\t\t\t<dt class='gallery-icon landscape'>\n\t\t\t\t<a href='https:\/\/oi-paris.com\/wordpress\/wp-content\/uploads\/2015\/12\/DSC0187.jpg' title=\"\" data-rl_title=\"\" class=\"rl-gallery-link\" data-rl_caption=\"\" data-rel=\"lightbox-gallery-1\"><img loading=\"lazy\" decoding=\"async\" width=\"150\" height=\"150\" src=\"https:\/\/oi-paris.com\/wordpress\/wp-content\/uploads\/2015\/12\/DSC0187-150x150.jpg\" class=\"attachment-thumbnail size-thumbnail\" alt=\"\" srcset=\"https:\/\/oi-paris.com\/wordpress\/wp-content\/uploads\/2015\/12\/DSC0187-150x150.jpg 150w, https:\/\/oi-paris.com\/wordpress\/wp-content\/uploads\/2015\/12\/DSC0187-160x160.jpg 160w, https:\/\/oi-paris.com\/wordpress\/wp-content\/uploads\/2015\/12\/DSC0187-320x320.jpg 320w\" sizes=\"auto, (max-width: 150px) 100vw, 150px\" \/><\/a>\n\t\t\t<\/dt><\/dl><dl class='gallery-item'>\n\t\t\t<dt class='gallery-icon portrait'>\n\t\t\t\t<a href='https:\/\/oi-paris.com\/wordpress\/wp-content\/uploads\/2015\/12\/DSC0158.jpg' title=\"\" data-rl_title=\"\" class=\"rl-gallery-link\" data-rl_caption=\"\" data-rel=\"lightbox-gallery-1\"><img loading=\"lazy\" decoding=\"async\" width=\"150\" height=\"150\" src=\"https:\/\/oi-paris.com\/wordpress\/wp-content\/uploads\/2015\/12\/DSC0158-150x150.jpg\" class=\"attachment-thumbnail size-thumbnail\" alt=\"\" srcset=\"https:\/\/oi-paris.com\/wordpress\/wp-content\/uploads\/2015\/12\/DSC0158-150x150.jpg 150w, https:\/\/oi-paris.com\/wordpress\/wp-content\/uploads\/2015\/12\/DSC0158-160x160.jpg 160w, https:\/\/oi-paris.com\/wordpress\/wp-content\/uploads\/2015\/12\/DSC0158-320x320.jpg 320w\" sizes=\"auto, (max-width: 150px) 100vw, 150px\" \/><\/a>\n\t\t\t<\/dt><\/dl><dl class='gallery-item'>\n\t\t\t<dt class='gallery-icon landscape'>\n\t\t\t\t<a href='https:\/\/oi-paris.com\/wordpress\/wp-content\/uploads\/2015\/12\/DSC0139.jpg' title=\"\" data-rl_title=\"\" class=\"rl-gallery-link\" data-rl_caption=\"\" data-rel=\"lightbox-gallery-1\"><img loading=\"lazy\" decoding=\"async\" width=\"150\" height=\"150\" src=\"https:\/\/oi-paris.com\/wordpress\/wp-content\/uploads\/2015\/12\/DSC0139-150x150.jpg\" class=\"attachment-thumbnail size-thumbnail\" alt=\"\" srcset=\"https:\/\/oi-paris.com\/wordpress\/wp-content\/uploads\/2015\/12\/DSC0139-150x150.jpg 150w, https:\/\/oi-paris.com\/wordpress\/wp-content\/uploads\/2015\/12\/DSC0139-160x160.jpg 160w, https:\/\/oi-paris.com\/wordpress\/wp-content\/uploads\/2015\/12\/DSC0139-320x320.jpg 320w\" sizes=\"auto, (max-width: 150px) 100vw, 150px\" \/><\/a>\n\t\t\t<\/dt><\/dl><br style=\"clear: both\" \/><dl class='gallery-item'>\n\t\t\t<dt class='gallery-icon portrait'>\n\t\t\t\t<a href='https:\/\/oi-paris.com\/wordpress\/wp-content\/uploads\/2015\/12\/DSC0097.jpg' title=\"\" data-rl_title=\"\" class=\"rl-gallery-link\" data-rl_caption=\"\" data-rel=\"lightbox-gallery-1\"><img loading=\"lazy\" decoding=\"async\" width=\"150\" height=\"150\" src=\"https:\/\/oi-paris.com\/wordpress\/wp-content\/uploads\/2015\/12\/DSC0097-150x150.jpg\" class=\"attachment-thumbnail size-thumbnail\" alt=\"\" srcset=\"https:\/\/oi-paris.com\/wordpress\/wp-content\/uploads\/2015\/12\/DSC0097-150x150.jpg 150w, https:\/\/oi-paris.com\/wordpress\/wp-content\/uploads\/2015\/12\/DSC0097-160x160.jpg 160w, https:\/\/oi-paris.com\/wordpress\/wp-content\/uploads\/2015\/12\/DSC0097-320x320.jpg 320w\" sizes=\"auto, (max-width: 150px) 100vw, 150px\" \/><\/a>\n\t\t\t<\/dt><\/dl>\n\t\t\t<br style='clear: both' \/>\n\t\t<\/div>\n\n<p>&nbsp;<\/p>\n<p><span style=\"color: #000000;\">Les 4 et 5 d\u00e9cembre 2015, lors de la conf\u00e9rence climat COP21, s&#8217;est tenue, \u00e0 l\u2019UNESCO, la quatri\u00e8me session du Parlement des Entrepreneurs d\u2019Avenir sur le th\u00e8me : &#8220;<em>Faisons changer tous les climats<\/em> !&#8221;. \u00a0La Poste y tenait un stand o\u00f9 elle mettait en avant sa d\u00e9marche en termes de responsabilit\u00e9 soci\u00e9tale et environnementale. Elle pr\u00e9sentait notamment sa plateforme &#8220;<\/span><em><a href=\"http:\/\/www.leselanceursdugroupelaposte.fr\/\">Les\u00a0Elanceurs du Groupe La Poste<\/a>&#8220;<\/em>\u00a0q<span style=\"color: #000000;\">ui met en avant des projets qui concilient d\u00e9veloppement \u00e9conomique et progr\u00e8s\u00a0humain.<\/span><\/p>\n<p><span style=\"color: #000000;\">La DRSE de la Poste a fait appel \u00e0 Objectif Image Paris\u00a0pour r\u00e9aliser un studio photo \u00e9ph\u00e9m\u00e8re. Le but\u00a0\u00e9tait d&#8217;arr\u00eater des personnes sur le stand, d&#8217;en r\u00e9aliser le\u00a0portrait, puis de leur expliquer la d\u00e9marche des<\/span> <em><a href=\"http:\/\/www.futurs-souhaitables.org\/conspirateurs-positifs\/\">conspirateurs positifs<\/a>\u00a0<\/em>s<span style=\"color: #000000;\">outenue par<em>\u00a0Les Elanceurs<\/em>.<\/span><\/p>\n<p><span style=\"color: #000000;\">St\u00e9phane, Jean Paul et moi avons pu r\u00e9aliser une trentaine de portraits. Le diaporama\u00a0vous en donne un aper\u00e7u.\u00a0<\/span><\/p>\n<p><span style=\"color: #000000;\">Cette op\u00e9ration a permis de valider\u00a0l&#8217;utilisation en mode &#8220;<em>nomade&#8221;\u00a0<\/em>de certains mat\u00e9riels du club dans le cadre d&#8217;un studio \u00e9ph\u00e9m\u00e8re\u00a0(fond <em>Lastolite<\/em>, flashs, r\u00e9flecteurs&#8230;). <\/span><\/p>\n<p><span style=\"color: #000000;\">Elle a \u00e9galement resserr\u00e9\u00a0nos\u00a0liens avec La Poste pour qui Objectif Image Paris constitue\u00a0un partenaire photographique fiable, aux travaux de qualit\u00e9.<\/span><\/p>\n","protected":false},"excerpt":{"rendered":"<p>&nbsp; Les 4 et 5 d\u00e9cembre 2015, lors de la conf\u00e9rence climat COP21, s&#8217;est tenue, \u00e0 l\u2019UNESCO, la quatri\u00e8me session du Parlement des Entrepreneurs d\u2019Avenir sur le th\u00e8me : &#8220;Faisons changer tous les climats&#46;&#46;&#46;<\/p>\n","protected":false},"author":7,"featured_media":3110,"comment_status":"closed","ping_status":"closed","sticky":false,"template":"","format":"gallery","meta":{"_acf_changed":false,"_oasis_is_in_workflow":0,"_oasis_original":0,"_uag_custom_page_level_css":"","footnotes":""},"categories":[9],"tags":[],"class_list":["post-3140","post","type-post","status-publish","format-gallery","has-post-thumbnail","hentry","category-photo","post_format-post-format-gallery"],"acf":[],"uagb_featured_image_src":{"full":["https:\/\/oi-paris.com\/wordpress\/wp-content\/uploads\/2015\/12\/DSC0100.jpg",2000,1325,false],"thumbnail":["https:\/\/oi-paris.com\/wordpress\/wp-content\/uploads\/2015\/12\/DSC0100-150x150.jpg",150,150,true],"medium":["https:\/\/oi-paris.com\/wordpress\/wp-content\/uploads\/2015\/12\/DSC0100-300x199.jpg",300,199,true],"medium_large":["https:\/\/oi-paris.com\/wordpress\/wp-content\/uploads\/2015\/12\/DSC0100-768x509.jpg",768,509,true],"large":["https:\/\/oi-paris.com\/wordpress\/wp-content\/uploads\/2015\/12\/DSC0100-1024x678.jpg",1024,678,true],"1536x1536":["https:\/\/oi-paris.com\/wordpress\/wp-content\/uploads\/2015\/12\/DSC0100.jpg",1536,1018,false],"2048x2048":["https:\/\/oi-paris.com\/wordpress\/wp-content\/uploads\/2015\/12\/DSC0100.jpg",2000,1325,false],"thumb-small":["https:\/\/oi-paris.com\/wordpress\/wp-content\/uploads\/2015\/12\/DSC0100-160x160.jpg",80,80,true],"thumb-standard":["https:\/\/oi-paris.com\/wordpress\/wp-content\/uploads\/2015\/12\/DSC0100-320x320.jpg",320,320,true],"thumb-medium":["https:\/\/oi-paris.com\/wordpress\/wp-content\/uploads\/2015\/12\/DSC0100-520x245.jpg",520,245,true],"thumb-large":["https:\/\/oi-paris.com\/wordpress\/wp-content\/uploads\/2015\/12\/DSC0100-720x340.jpg",720,340,true],"thumb-xlarge":["https:\/\/oi-paris.com\/wordpress\/wp-content\/uploads\/2015\/12\/DSC0100.jpg",679,450,false],"thumb-xxlarge":["https:\/\/oi-paris.com\/wordpress\/wp-content\/uploads\/2015\/12\/DSC0100.jpg",755,500,false],"mailpoet_newsletter_max":["https:\/\/oi-paris.com\/wordpress\/wp-content\/uploads\/2015\/12\/DSC0100.jpg",1320,875,false]},"uagb_author_info":{"display_name":"Christophe C","author_link":"https:\/\/oi-paris.com\/wordpress\/author\/christophe\/"},"uagb_comment_info":0,"uagb_excerpt":"&nbsp; Les 4 et 5 d\u00e9cembre 2015, lors de la conf\u00e9rence climat COP21, s&#8217;est tenue, \u00e0 l\u2019UNESCO, la quatri\u00e8me session du Parlement des Entrepreneurs d\u2019Avenir sur le th\u00e8me : &#8220;Faisons changer tous les climats&#46;&#46;&#46;","_links":{"self":[{"href":"https:\/\/oi-paris.com\/wordpress\/wp-json\/wp\/v2\/posts\/3140","targetHints":{"allow":["GET"]}}],"collection":[{"href":"https:\/\/oi-paris.com\/wordpress\/wp-json\/wp\/v2\/posts"}],"about":[{"href":"https:\/\/oi-paris.com\/wordpress\/wp-json\/wp\/v2\/types\/post"}],"author":[{"embeddable":true,"href":"https:\/\/oi-paris.com\/wordpress\/wp-json\/wp\/v2\/users\/7"}],"replies":[{"embeddable":true,"href":"https:\/\/oi-paris.com\/wordpress\/wp-json\/wp\/v2\/comments?post=3140"}],"version-history":[{"count":5,"href":"https:\/\/oi-paris.com\/wordpress\/wp-json\/wp\/v2\/posts\/3140\/revisions"}],"predecessor-version":[{"id":3317,"href":"https:\/\/oi-paris.com\/wordpress\/wp-json\/wp\/v2\/posts\/3140\/revisions\/3317"}],"wp:featuredmedia":[{"embeddable":true,"href":"https:\/\/oi-paris.com\/wordpress\/wp-json\/wp\/v2\/media\/3110"}],"wp:attachment":[{"href":"https:\/\/oi-paris.com\/wordpress\/wp-json\/wp\/v2\/media?parent=3140"}],"wp:term":[{"taxonomy":"category","embeddable":true,"href":"https:\/\/oi-paris.com\/wordpress\/wp-json\/wp\/v2\/categories?post=3140"},{"taxonomy":"post_tag","embeddable":true,"href":"https:\/\/oi-paris.com\/wordpress\/wp-json\/wp\/v2\/tags?post=3140"}],"curies":[{"name":"wp","href":"https:\/\/api.w.org\/{rel}","templated":true}]}}