{"id":3255,"date":"2016-01-13T11:02:02","date_gmt":"2016-01-13T09:02:02","guid":{"rendered":"http:\/\/oi-paris.com\/wordpress\/?p=3255"},"modified":"2016-01-13T11:02:02","modified_gmt":"2016-01-13T09:02:02","slug":"sortie-photos-cracheurs-de-feu-du-23-janvier-2016","status":"publish","type":"post","link":"https:\/\/oi-paris.com\/wordpress\/2016\/01\/13\/sortie-photos-cracheurs-de-feu-du-23-janvier-2016\/","title":{"rendered":"Sortie photos cracheurs de feu du 23 Janvier 2016"},"content":{"rendered":"<p><strong><img loading=\"lazy\" decoding=\"async\" class=\"alignnone size-medium wp-image-3251\" src=\"http:\/\/oi-paris.com\/wordpress\/wp-content\/uploads\/2016\/01\/24012015-_DSC0897-300x199.jpg\" alt=\"24012015-_DSC0897\" width=\"300\" height=\"199\" srcset=\"https:\/\/oi-paris.com\/wordpress\/wp-content\/uploads\/2016\/01\/24012015-_DSC0897-300x199.jpg 300w, https:\/\/oi-paris.com\/wordpress\/wp-content\/uploads\/2016\/01\/24012015-_DSC0897-768x509.jpg 768w, https:\/\/oi-paris.com\/wordpress\/wp-content\/uploads\/2016\/01\/24012015-_DSC0897-1024x678.jpg 1024w, https:\/\/oi-paris.com\/wordpress\/wp-content\/uploads\/2016\/01\/24012015-_DSC0897-600x397.jpg 600w, https:\/\/oi-paris.com\/wordpress\/wp-content\/uploads\/2016\/01\/24012015-_DSC0897.jpg 1631w\" sizes=\"auto, (max-width: 300px) 100vw, 300px\" \/><\/strong><\/p>\n<p><span style=\"text-decoration: underline; color: #000000;\"><strong>De quoi s&#8217;agit-il ?<\/strong><\/span><\/p>\n<p><span style=\"color: #000000;\">D&#8217;une sortie photo en groupe, encadr\u00e9e par des animateurs, pour assister \u00e0 un spectacle pr\u00e9sent\u00e9 par les artistes des &#8220;arts du feu&#8221;, jongleurs, cracheurs, feux d&#8217;artifices etc&#8230;.<\/span><\/p>\n<p>&nbsp;<\/p>\n<p><span style=\"color: #000000;\"><strong>C&#8217;est ou pr\u00e9cis\u00e9ment ?<\/strong><\/span><\/p>\n<p><span style=\"color: #000000;\">Au\u00a0Palais de Tokyo, mus\u00e9e d&#8217;Art contemporain, situ\u00e9 dans le XVI<span class=\"sup\">\u00e8me\u00a0<\/span>arrondissement de Paris, face \u00e0 la tour Eiffel. La soir\u00e9e se passe dans la partie basse, g\u00e9n\u00e9ralement dans le bassin.<\/span><\/p>\n<p><span style=\"color: #000000;\">13 avenue du Pr\u00e9sident Wilson 75116 paris. M\u00e9tro Alma Marceau.<\/span><\/p>\n<p>&nbsp;<\/p>\n<p><span style=\"color: #000000;\"><strong>C&#8217;est quand ?<\/strong><\/span><\/p>\n<p><span style=\"color: #000000;\">samedi 23 janvier\u00a0\u00e0 partir de 20h et jusqu&#8217;au dernier m\u00e9tro.<\/span><\/p>\n<p>&nbsp;<\/p>\n<p><span style=\"color: #000000;\"><strong>Conditions<\/strong><\/span><\/p>\n<p><span style=\"color: #000000;\">Pr\u00e9voir en fonction du temps des v\u00eatements chauds et de pluie. Ne pas apporter trop de mat\u00e9riel car il y a\u00a0en g\u00e9n\u00e9ral\u00a0beaucoup de monde et attention aux sacs photos (risque de vols). Nous serons dans un lieu non surveill\u00e9.<\/span><\/p>\n<p>&nbsp;<\/p>\n<p>&nbsp;<\/p>\n<p>&nbsp;<\/p>\n","protected":false},"excerpt":{"rendered":"<p>De quoi s&#8217;agit-il ? D&#8217;une sortie photo en groupe, encadr\u00e9e par des animateurs, pour assister \u00e0 un spectacle pr\u00e9sent\u00e9 par les artistes des &#8220;arts du feu&#8221;, jongleurs, cracheurs, feux d&#8217;artifices etc&#8230;. &nbsp; C&#8217;est ou&#46;&#46;&#46;<\/p>\n","protected":false},"author":11,"featured_media":3251,"comment_status":"closed","ping_status":"closed","sticky":false,"template":"","format":"standard","meta":{"_acf_changed":false,"_oasis_is_in_workflow":0,"_oasis_original":0,"_uag_custom_page_level_css":"","footnotes":""},"categories":[9,10],"tags":[],"class_list":["post-3255","post","type-post","status-publish","format-standard","has-post-thumbnail","hentry","category-photo","category-sortie-photo"],"acf":[],"uagb_featured_image_src":{"full":["https:\/\/oi-paris.com\/wordpress\/wp-content\/uploads\/2016\/01\/24012015-_DSC0897.jpg",1631,1080,false],"thumbnail":["https:\/\/oi-paris.com\/wordpress\/wp-content\/uploads\/2016\/01\/24012015-_DSC0897-150x150.jpg",150,150,true],"medium":["https:\/\/oi-paris.com\/wordpress\/wp-content\/uploads\/2016\/01\/24012015-_DSC0897-300x199.jpg",300,199,true],"medium_large":["https:\/\/oi-paris.com\/wordpress\/wp-content\/uploads\/2016\/01\/24012015-_DSC0897-768x509.jpg",768,509,true],"large":["https:\/\/oi-paris.com\/wordpress\/wp-content\/uploads\/2016\/01\/24012015-_DSC0897-1024x678.jpg",1024,678,true],"1536x1536":["https:\/\/oi-paris.com\/wordpress\/wp-content\/uploads\/2016\/01\/24012015-_DSC0897.jpg",1536,1017,false],"2048x2048":["https:\/\/oi-paris.com\/wordpress\/wp-content\/uploads\/2016\/01\/24012015-_DSC0897.jpg",1631,1080,false],"thumb-small":["https:\/\/oi-paris.com\/wordpress\/wp-content\/uploads\/2016\/01\/24012015-_DSC0897-160x160.jpg",80,80,true],"thumb-standard":["https:\/\/oi-paris.com\/wordpress\/wp-content\/uploads\/2016\/01\/24012015-_DSC0897-320x320.jpg",320,320,true],"thumb-medium":["https:\/\/oi-paris.com\/wordpress\/wp-content\/uploads\/2016\/01\/24012015-_DSC0897-520x245.jpg",520,245,true],"thumb-large":["https:\/\/oi-paris.com\/wordpress\/wp-content\/uploads\/2016\/01\/24012015-_DSC0897-720x340.jpg",720,340,true],"thumb-xlarge":["https:\/\/oi-paris.com\/wordpress\/wp-content\/uploads\/2016\/01\/24012015-_DSC0897.jpg",680,450,false],"thumb-xxlarge":["https:\/\/oi-paris.com\/wordpress\/wp-content\/uploads\/2016\/01\/24012015-_DSC0897.jpg",755,500,false],"mailpoet_newsletter_max":["https:\/\/oi-paris.com\/wordpress\/wp-content\/uploads\/2016\/01\/24012015-_DSC0897.jpg",1320,874,false]},"uagb_author_info":{"display_name":"Patrice D","author_link":"https:\/\/oi-paris.com\/wordpress\/author\/patrice\/"},"uagb_comment_info":0,"uagb_excerpt":"De quoi s&#8217;agit-il ? D&#8217;une sortie photo en groupe, encadr\u00e9e par des animateurs, pour assister \u00e0 un spectacle pr\u00e9sent\u00e9 par les artistes des &#8220;arts du feu&#8221;, jongleurs, cracheurs, feux d&#8217;artifices etc&#8230;. &nbsp; C&#8217;est ou&#46;&#46;&#46;","_links":{"self":[{"href":"https:\/\/oi-paris.com\/wordpress\/wp-json\/wp\/v2\/posts\/3255","targetHints":{"allow":["GET"]}}],"collection":[{"href":"https:\/\/oi-paris.com\/wordpress\/wp-json\/wp\/v2\/posts"}],"about":[{"href":"https:\/\/oi-paris.com\/wordpress\/wp-json\/wp\/v2\/types\/post"}],"author":[{"embeddable":true,"href":"https:\/\/oi-paris.com\/wordpress\/wp-json\/wp\/v2\/users\/11"}],"replies":[{"embeddable":true,"href":"https:\/\/oi-paris.com\/wordpress\/wp-json\/wp\/v2\/comments?post=3255"}],"version-history":[{"count":4,"href":"https:\/\/oi-paris.com\/wordpress\/wp-json\/wp\/v2\/posts\/3255\/revisions"}],"predecessor-version":[{"id":3265,"href":"https:\/\/oi-paris.com\/wordpress\/wp-json\/wp\/v2\/posts\/3255\/revisions\/3265"}],"wp:featuredmedia":[{"embeddable":true,"href":"https:\/\/oi-paris.com\/wordpress\/wp-json\/wp\/v2\/media\/3251"}],"wp:attachment":[{"href":"https:\/\/oi-paris.com\/wordpress\/wp-json\/wp\/v2\/media?parent=3255"}],"wp:term":[{"taxonomy":"category","embeddable":true,"href":"https:\/\/oi-paris.com\/wordpress\/wp-json\/wp\/v2\/categories?post=3255"},{"taxonomy":"post_tag","embeddable":true,"href":"https:\/\/oi-paris.com\/wordpress\/wp-json\/wp\/v2\/tags?post=3255"}],"curies":[{"name":"wp","href":"https:\/\/api.w.org\/{rel}","templated":true}]}}