{"id":3268,"date":"2016-01-18T11:38:06","date_gmt":"2016-01-18T09:38:06","guid":{"rendered":"http:\/\/oi-paris.com\/wordpress\/?p=3268"},"modified":"2016-01-18T11:38:06","modified_gmt":"2016-01-18T09:38:06","slug":"dernier-rappel-salon-individuel-2016","status":"publish","type":"post","link":"https:\/\/oi-paris.com\/wordpress\/2016\/01\/18\/dernier-rappel-salon-individuel-2016\/","title":{"rendered":"Dernier Rappel : Salon individuel 2016 !!!"},"content":{"rendered":"<h3><img loading=\"lazy\" decoding=\"async\" class=\"alignnone wp-image-1410\" src=\"http:\/\/oi-paris.com\/wordpress\/wp-content\/uploads\/2015\/08\/Concours-photo-carre-300x300.jpg\" alt=\"Concours-photo-carre\" width=\"196\" height=\"196\" srcset=\"https:\/\/oi-paris.com\/wordpress\/wp-content\/uploads\/2015\/08\/Concours-photo-carre-300x300.jpg 300w, https:\/\/oi-paris.com\/wordpress\/wp-content\/uploads\/2015\/08\/Concours-photo-carre-150x150.jpg 150w, https:\/\/oi-paris.com\/wordpress\/wp-content\/uploads\/2015\/08\/Concours-photo-carre-160x160.jpg 160w, https:\/\/oi-paris.com\/wordpress\/wp-content\/uploads\/2015\/08\/Concours-photo-carre-320x320.jpg 320w, https:\/\/oi-paris.com\/wordpress\/wp-content\/uploads\/2015\/08\/Concours-photo-carre.jpg 463w\" sizes=\"auto, (max-width: 196px) 100vw, 196px\" \/><\/h3>\n<h3><strong><span style=\"color: #ff0000;\">La cl<\/span><\/strong><strong><span style=\"color: #ff0000;\">\u00f4ture pour la r\u00e9ception des photos pour le salon individuel 2016 est le 22\/01\/2016.<\/span><\/strong><\/h3>\n<p><span style=\"color: #000000;\">La participation au salon est un crit\u00e8re important pour montrer l&#8217;activit\u00e9 du club \u00e0 Objectif Image National.<\/span><\/p>\n<p><span style=\"color: #000000;\">Actuellement nous avons re\u00e7u 12\u00a0photos couleurs et 5\u00a0monochromes. Pour rappel, l&#8217;an dernier, nous avons envoy\u00e9 120 photos au total. Cette ann\u00e9e, il y a une pr\u00e9-s\u00e9lection sur image projet\u00e9e avant une pr\u00e9sentation des images papiers au jury.<\/span><\/p>\n<p><span style=\"color: #000000;\">Tous les renseignements sont dans cet article\u00a0<span style=\"color: #0000ff;\"><a style=\"color: #0000ff;\" href=\"http:\/\/wp.me\/p6AxVV-Iu\" target=\"_blank\">42 ieme salon individuel<\/a><\/span>.<\/span><\/p>\n<p><span style=\"color: #000000;\">La date limite d&#8217;envoi est le 22 janvier 2016 \u00e0 l&#8217;adresse suivante\u00a0<span style=\"color: #0000ff;\"><a style=\"color: #0000ff;\" href=\"mailto:pebeauchaud@free.fr\">Pierre-Emmanuel<\/a><\/span><\/span><\/p>\n<p><span style=\"color: #000000;\">Le salon individuel c&#8217;est de 1 \u00e0 3 photos couleurs et de 1 \u00e0 3 photos monochromes par auteur. Il n&#8217;y a pas de th\u00e8me et elles ne doivent pas \u00eatre en s\u00e9rie.<\/span><\/p>\n<ul>\n<li><span style=\"color: #000000;\">Les photographies seront nomm\u00e9es de la fa\u00e7on suivante :<\/span><br \/>\n<span style=\"color: #000000;\">Titre-prenom-nom-OI-Paris.jpg<\/span><br \/>\n<span style=\"color: #000000;\">Le fichier ne devra pas contenir de caract\u00e8res sp\u00e9ciaux ni accentu\u00e9s. Les \u00ab, \u00bb seront<\/span><br \/>\n<span style=\"color: #000000;\">remplac\u00e9s par \u00ab -\u00ab et les espaces par \u00bb_ \u00bb.voici quelques exemples :<\/span><br \/>\n<span style=\"color: #000000;\">&#8220;la tabl\u00e9e&#8221; devient &#8220;la_tablee&#8221;<\/span><br \/>\n<span style=\"color: #000000;\">&#8220;l&#8217;apog\u00e9e&#8221; devient &#8220;l_apogee&#8221;<\/span><br \/>\n<span style=\"color: #000000;\">&#8220;l&#8217;autre,et \u00e0 <span id=\"OBJ_PREFIX_DWT1350_com_zimbra_date\" class=\"Object\"><span id=\"OBJ_PREFIX_DWT1351_com_zimbra_date\" class=\"Object\">demain<\/span><\/span>&#8221; devient l_autre-et_a_demain&#8221;<\/span><\/li>\n<\/ul>\n<ul>\n<li><span style=\"color: #000000;\">Les images seront en JPG et la r\u00e9solution devra \u00eatre 1920*1080 maximum. Le profil<\/span><br \/>\n<span style=\"color: #000000;\">colorim\u00e9trique devra \u00eatre du SRGB et avec une r\u00e9solution de 92 dpi.<\/span><\/li>\n<\/ul>\n","protected":false},"excerpt":{"rendered":"<p>La cl\u00f4ture pour la r\u00e9ception des photos pour le salon individuel 2016 est le 22\/01\/2016. La participation au salon est un crit\u00e8re important pour montrer l&#8217;activit\u00e9 du club \u00e0 Objectif Image National. Actuellement nous&#46;&#46;&#46;<\/p>\n","protected":false},"author":1,"featured_media":2760,"comment_status":"closed","ping_status":"closed","sticky":false,"template":"","format":"standard","meta":{"_acf_changed":false,"_oasis_is_in_workflow":0,"_oasis_original":0,"_uag_custom_page_level_css":"","footnotes":""},"categories":[4,9],"tags":[],"class_list":["post-3268","post","type-post","status-publish","format-standard","has-post-thumbnail","hentry","category-concours","category-photo"],"acf":[],"uagb_featured_image_src":{"full":["https:\/\/oi-paris.com\/wordpress\/wp-content\/uploads\/2015\/11\/nOI-75Chauvey-Estelle_Vigile.jpg",1600,1067,false],"thumbnail":["https:\/\/oi-paris.com\/wordpress\/wp-content\/uploads\/2015\/11\/nOI-75Chauvey-Estelle_Vigile-150x150.jpg",150,150,true],"medium":["https:\/\/oi-paris.com\/wordpress\/wp-content\/uploads\/2015\/11\/nOI-75Chauvey-Estelle_Vigile-300x200.jpg",300,200,true],"medium_large":["https:\/\/oi-paris.com\/wordpress\/wp-content\/uploads\/2015\/11\/nOI-75Chauvey-Estelle_Vigile.jpg",768,512,false],"large":["https:\/\/oi-paris.com\/wordpress\/wp-content\/uploads\/2015\/11\/nOI-75Chauvey-Estelle_Vigile-1024x683.jpg",1024,683,true],"1536x1536":["https:\/\/oi-paris.com\/wordpress\/wp-content\/uploads\/2015\/11\/nOI-75Chauvey-Estelle_Vigile.jpg",1536,1024,false],"2048x2048":["https:\/\/oi-paris.com\/wordpress\/wp-content\/uploads\/2015\/11\/nOI-75Chauvey-Estelle_Vigile.jpg",1600,1067,false],"thumb-small":["https:\/\/oi-paris.com\/wordpress\/wp-content\/uploads\/2015\/11\/nOI-75Chauvey-Estelle_Vigile-160x160.jpg",80,80,true],"thumb-standard":["https:\/\/oi-paris.com\/wordpress\/wp-content\/uploads\/2015\/11\/nOI-75Chauvey-Estelle_Vigile-320x320.jpg",320,320,true],"thumb-medium":["https:\/\/oi-paris.com\/wordpress\/wp-content\/uploads\/2015\/11\/nOI-75Chauvey-Estelle_Vigile-520x245.jpg",520,245,true],"thumb-large":["https:\/\/oi-paris.com\/wordpress\/wp-content\/uploads\/2015\/11\/nOI-75Chauvey-Estelle_Vigile-720x340.jpg",720,340,true],"thumb-xlarge":["https:\/\/oi-paris.com\/wordpress\/wp-content\/uploads\/2015\/11\/nOI-75Chauvey-Estelle_Vigile.jpg",675,450,false],"thumb-xxlarge":["https:\/\/oi-paris.com\/wordpress\/wp-content\/uploads\/2015\/11\/nOI-75Chauvey-Estelle_Vigile.jpg",750,500,false],"mailpoet_newsletter_max":["https:\/\/oi-paris.com\/wordpress\/wp-content\/uploads\/2015\/11\/nOI-75Chauvey-Estelle_Vigile.jpg",1320,880,false]},"uagb_author_info":{"display_name":"stephane D","author_link":"https:\/\/oi-paris.com\/wordpress\/author\/stephane\/"},"uagb_comment_info":0,"uagb_excerpt":"La cl\u00f4ture pour la r\u00e9ception des photos pour le salon individuel 2016 est le 22\/01\/2016. La participation au salon est un crit\u00e8re important pour montrer l&#8217;activit\u00e9 du club \u00e0 Objectif Image National. Actuellement nous&#46;&#46;&#46;","_links":{"self":[{"href":"https:\/\/oi-paris.com\/wordpress\/wp-json\/wp\/v2\/posts\/3268","targetHints":{"allow":["GET"]}}],"collection":[{"href":"https:\/\/oi-paris.com\/wordpress\/wp-json\/wp\/v2\/posts"}],"about":[{"href":"https:\/\/oi-paris.com\/wordpress\/wp-json\/wp\/v2\/types\/post"}],"author":[{"embeddable":true,"href":"https:\/\/oi-paris.com\/wordpress\/wp-json\/wp\/v2\/users\/1"}],"replies":[{"embeddable":true,"href":"https:\/\/oi-paris.com\/wordpress\/wp-json\/wp\/v2\/comments?post=3268"}],"version-history":[{"count":2,"href":"https:\/\/oi-paris.com\/wordpress\/wp-json\/wp\/v2\/posts\/3268\/revisions"}],"predecessor-version":[{"id":3280,"href":"https:\/\/oi-paris.com\/wordpress\/wp-json\/wp\/v2\/posts\/3268\/revisions\/3280"}],"wp:featuredmedia":[{"embeddable":true,"href":"https:\/\/oi-paris.com\/wordpress\/wp-json\/wp\/v2\/media\/2760"}],"wp:attachment":[{"href":"https:\/\/oi-paris.com\/wordpress\/wp-json\/wp\/v2\/media?parent=3268"}],"wp:term":[{"taxonomy":"category","embeddable":true,"href":"https:\/\/oi-paris.com\/wordpress\/wp-json\/wp\/v2\/categories?post=3268"},{"taxonomy":"post_tag","embeddable":true,"href":"https:\/\/oi-paris.com\/wordpress\/wp-json\/wp\/v2\/tags?post=3268"}],"curies":[{"name":"wp","href":"https:\/\/api.w.org\/{rel}","templated":true}]}}