{"id":3335,"date":"2016-02-04T12:56:11","date_gmt":"2016-02-04T10:56:11","guid":{"rendered":"http:\/\/oi-paris.com\/wordpress\/?p=3335"},"modified":"2018-12-14T06:23:41","modified_gmt":"2018-12-14T04:23:41","slug":"printemps-doi-2016-la-solitude","status":"publish","type":"post","link":"https:\/\/oi-paris.com\/wordpress\/2016\/02\/04\/printemps-doi-2016-la-solitude\/","title":{"rendered":"Printemps d&#8217;OI 2016 : La solitude"},"content":{"rendered":"<div class=\"page\" title=\"Page 1\">\n<div class=\"layoutArea\">\n<div class=\"column\">\n<p><img loading=\"lazy\" decoding=\"async\" class=\"alignnone wp-image-3343 size-thumbnail\" src=\"http:\/\/oi-paris.com\/wordpress\/wp-content\/uploads\/2015\/08\/Capture-d\u2019\u00e9cran-2016-01-28-\u00e0-22.59.16-150x150.png\" alt=\"Capture d\u2019\u00e9cran 2016-01-28 \u00e0 22.59.16\" width=\"150\" height=\"150\" srcset=\"https:\/\/oi-paris.com\/wordpress\/wp-content\/uploads\/2015\/08\/Capture-d\u2019\u00e9cran-2016-01-28-\u00e0-22.59.16-150x150.png 150w, https:\/\/oi-paris.com\/wordpress\/wp-content\/uploads\/2015\/08\/Capture-d\u2019\u00e9cran-2016-01-28-\u00e0-22.59.16-160x160.png 160w, https:\/\/oi-paris.com\/wordpress\/wp-content\/uploads\/2015\/08\/Capture-d\u2019\u00e9cran-2016-01-28-\u00e0-22.59.16-320x320.png 320w, https:\/\/oi-paris.com\/wordpress\/wp-content\/uploads\/2015\/08\/Capture-d\u2019\u00e9cran-2016-01-28-\u00e0-22.59.16.png 216w\" sizes=\"auto, (max-width: 150px) 100vw, 150px\" \/><\/p>\n<p><span style=\"color: #000000;\">Comme vous le savez d\u00e9j\u00e0, depuis quelques ann\u00e9es, Objectif Image a lanc\u00e9 une op\u00e9ration qui concerne tous les photographes et tous les clubs de l\u2019Union : exposer, durant la seconde quinzaine du mois de Mai, des photographies sur nos lieux de travail \u00e0 La Poste ou \u00e0 Orange (ou m\u00eame ailleurs si on en a envie).<\/span><\/p>\n<p style=\"text-align: center;\"><span style=\"color: #000000;\"><strong>C&#8217;est Le Printemps d\u2019Objectif Image<\/strong><\/span><\/p>\n<p><span style=\"color: #000000;\">Du 15 au 31 mai 2016, nous continuons. L\u2019important c\u2019est de se montrer dans un maximum d\u2019endroit. Nous vous proposons d\u2019exposer toutes les photographies que vous souhaitez et cela quelque soit le th\u00e8me.<\/span><\/p>\n<p><span style=\"color: #000000;\">Mais vous avez \u00e9galement la possibilit\u00e9, comme chaque ann\u00e9e, d\u2019exposer sur un th\u00e8me qui est commun \u00e0 tous.<\/span><\/p>\n<p><span style=\"color: #000000;\">Apr\u00e8s Le Vent en 2010, en 2011 Nature et Paysage, en 2012 Voyage au bout de ma nuit, en 2013 la ligne, en 2014 g\u00e9n\u00e9ration famille et l\u2019\u00e9trange en 2015, nous vous rappelons le th\u00e8me s\u00e9lectionn\u00e9 par les adh\u00e9rents :<\/span><\/p>\n<p style=\"text-align: center;\"><span style=\"color: #000000;\"><strong>LA SOLITUDE !<\/strong><\/span><\/p>\n<p style=\"text-align: left;\"><span style=\"color: #000000;\"><a href=\"http:\/\/oi-paris.com\/wordpress\/wp-content\/uploads\/2015\/08\/Printemps_OI_2016.pdf\" target=\"_blank\">T\u00e9l\u00e9charger un dossier pour se familiariser avec le th\u00e8me<\/a><\/span><\/p>\n<\/div>\n<p style=\"text-align: left;\"><span style=\"color: #000000;\">Et pour 2017 vous pouvez donner votre avis pour le choix du th\u00e8me. C&#8217;est ICI<\/span><\/p>\n<p style=\"text-align: left;\"><span style=\"color: #000000;\">T\u00e9l\u00e9charger l&#8217;affiche du Printemps 20016<\/span> <a href=\"http:\/\/objectif-image.fr\/OI\/wp-content\/uploads\/2016\/04\/affiche-solitude-A4.jpg\" target=\"_blank\" data-rel=\"lightbox-image-0\" data-rl_title=\"\" data-rl_caption=\"\" title=\"\">(Format A4)<\/a>\u00a0(Format A3)<\/p>\n<\/div>\n<\/div>\n","protected":false},"excerpt":{"rendered":"<p>Comme vous le savez d\u00e9j\u00e0, depuis quelques ann\u00e9es, Objectif Image a lanc\u00e9 une op\u00e9ration qui concerne tous les photographes et tous les clubs de l\u2019Union : exposer, durant la seconde quinzaine du mois de&#46;&#46;&#46;<\/p>\n","protected":false},"author":4,"featured_media":3340,"comment_status":"closed","ping_status":"closed","sticky":false,"template":"","format":"standard","meta":{"_acf_changed":false,"_oasis_is_in_workflow":0,"_oasis_original":0,"_uag_custom_page_level_css":"","footnotes":""},"categories":[9],"tags":[],"class_list":["post-3335","post","type-post","status-publish","format-standard","has-post-thumbnail","hentry","category-photo"],"acf":[],"uagb_featured_image_src":{"full":["https:\/\/oi-paris.com\/wordpress\/wp-content\/uploads\/2015\/08\/Capture-d\u2019\u00e9cran-2016-01-28-\u00e0-22.50.19.png",516,242,false],"thumbnail":["https:\/\/oi-paris.com\/wordpress\/wp-content\/uploads\/2015\/08\/Capture-d\u2019\u00e9cran-2016-01-28-\u00e0-22.50.19-150x150.png",150,150,true],"medium":["https:\/\/oi-paris.com\/wordpress\/wp-content\/uploads\/2015\/08\/Capture-d\u2019\u00e9cran-2016-01-28-\u00e0-22.50.19-300x141.png",300,141,true],"medium_large":["https:\/\/oi-paris.com\/wordpress\/wp-content\/uploads\/2015\/08\/Capture-d\u2019\u00e9cran-2016-01-28-\u00e0-22.50.19.png",516,242,false],"large":["https:\/\/oi-paris.com\/wordpress\/wp-content\/uploads\/2015\/08\/Capture-d\u2019\u00e9cran-2016-01-28-\u00e0-22.50.19.png",516,242,false],"1536x1536":["https:\/\/oi-paris.com\/wordpress\/wp-content\/uploads\/2015\/08\/Capture-d\u2019\u00e9cran-2016-01-28-\u00e0-22.50.19.png",516,242,false],"2048x2048":["https:\/\/oi-paris.com\/wordpress\/wp-content\/uploads\/2015\/08\/Capture-d\u2019\u00e9cran-2016-01-28-\u00e0-22.50.19.png",516,242,false],"thumb-small":["https:\/\/oi-paris.com\/wordpress\/wp-content\/uploads\/2015\/08\/Capture-d\u2019\u00e9cran-2016-01-28-\u00e0-22.50.19-160x160.png",80,80,true],"thumb-standard":["https:\/\/oi-paris.com\/wordpress\/wp-content\/uploads\/2015\/08\/Capture-d\u2019\u00e9cran-2016-01-28-\u00e0-22.50.19-320x320.png",320,320,true],"thumb-medium":["https:\/\/oi-paris.com\/wordpress\/wp-content\/uploads\/2015\/08\/Capture-d\u2019\u00e9cran-2016-01-28-\u00e0-22.50.19-520x245.png",520,245,true],"thumb-large":["https:\/\/oi-paris.com\/wordpress\/wp-content\/uploads\/2015\/08\/Capture-d\u2019\u00e9cran-2016-01-28-\u00e0-22.50.19-720x340.png",720,340,true],"thumb-xlarge":["https:\/\/oi-paris.com\/wordpress\/wp-content\/uploads\/2015\/08\/Capture-d\u2019\u00e9cran-2016-01-28-\u00e0-22.50.19.png",516,242,false],"thumb-xxlarge":["https:\/\/oi-paris.com\/wordpress\/wp-content\/uploads\/2015\/08\/Capture-d\u2019\u00e9cran-2016-01-28-\u00e0-22.50.19.png",516,242,false],"mailpoet_newsletter_max":["https:\/\/oi-paris.com\/wordpress\/wp-content\/uploads\/2015\/08\/Capture-d\u2019\u00e9cran-2016-01-28-\u00e0-22.50.19.png",516,242,false]},"uagb_author_info":{"display_name":"Jean Paul Petit","author_link":"https:\/\/oi-paris.com\/wordpress\/author\/jean-paul\/"},"uagb_comment_info":0,"uagb_excerpt":"Comme vous le savez d\u00e9j\u00e0, depuis quelques ann\u00e9es, Objectif Image a lanc\u00e9 une op\u00e9ration qui concerne tous les photographes et tous les clubs de l\u2019Union : exposer, durant la seconde quinzaine du mois de&#46;&#46;&#46;","_links":{"self":[{"href":"https:\/\/oi-paris.com\/wordpress\/wp-json\/wp\/v2\/posts\/3335","targetHints":{"allow":["GET"]}}],"collection":[{"href":"https:\/\/oi-paris.com\/wordpress\/wp-json\/wp\/v2\/posts"}],"about":[{"href":"https:\/\/oi-paris.com\/wordpress\/wp-json\/wp\/v2\/types\/post"}],"author":[{"embeddable":true,"href":"https:\/\/oi-paris.com\/wordpress\/wp-json\/wp\/v2\/users\/4"}],"replies":[{"embeddable":true,"href":"https:\/\/oi-paris.com\/wordpress\/wp-json\/wp\/v2\/comments?post=3335"}],"version-history":[{"count":5,"href":"https:\/\/oi-paris.com\/wordpress\/wp-json\/wp\/v2\/posts\/3335\/revisions"}],"predecessor-version":[{"id":8635,"href":"https:\/\/oi-paris.com\/wordpress\/wp-json\/wp\/v2\/posts\/3335\/revisions\/8635"}],"wp:featuredmedia":[{"embeddable":true,"href":"https:\/\/oi-paris.com\/wordpress\/wp-json\/wp\/v2\/media\/3340"}],"wp:attachment":[{"href":"https:\/\/oi-paris.com\/wordpress\/wp-json\/wp\/v2\/media?parent=3335"}],"wp:term":[{"taxonomy":"category","embeddable":true,"href":"https:\/\/oi-paris.com\/wordpress\/wp-json\/wp\/v2\/categories?post=3335"},{"taxonomy":"post_tag","embeddable":true,"href":"https:\/\/oi-paris.com\/wordpress\/wp-json\/wp\/v2\/tags?post=3335"}],"curies":[{"name":"wp","href":"https:\/\/api.w.org\/{rel}","templated":true}]}}