{"id":3414,"date":"2016-02-14T11:49:36","date_gmt":"2016-02-14T09:49:36","guid":{"rendered":"http:\/\/oi-paris.com\/wordpress\/?p=3414"},"modified":"2016-02-14T11:49:36","modified_gmt":"2016-02-14T09:49:36","slug":"pre-selection-du-salon-individuel-2016","status":"publish","type":"post","link":"https:\/\/oi-paris.com\/wordpress\/2016\/02\/14\/pre-selection-du-salon-individuel-2016\/","title":{"rendered":"Pr\u00e9-s\u00e9lection du salon individuel 2016"},"content":{"rendered":"<p><img loading=\"lazy\" decoding=\"async\" class=\"alignnone wp-image-1410\" src=\"http:\/\/oi-paris.com\/wordpress\/wp-content\/uploads\/2015\/08\/Concours-photo-carre-300x300.jpg\" alt=\"Concours-photo-carre\" width=\"181\" height=\"181\" srcset=\"https:\/\/oi-paris.com\/wordpress\/wp-content\/uploads\/2015\/08\/Concours-photo-carre-300x300.jpg 300w, https:\/\/oi-paris.com\/wordpress\/wp-content\/uploads\/2015\/08\/Concours-photo-carre-150x150.jpg 150w, https:\/\/oi-paris.com\/wordpress\/wp-content\/uploads\/2015\/08\/Concours-photo-carre-160x160.jpg 160w, https:\/\/oi-paris.com\/wordpress\/wp-content\/uploads\/2015\/08\/Concours-photo-carre-320x320.jpg 320w, https:\/\/oi-paris.com\/wordpress\/wp-content\/uploads\/2015\/08\/Concours-photo-carre.jpg 463w\" sizes=\"auto, (max-width: 181px) 100vw, 181px\" \/><\/p>\n<p>&nbsp;<\/p>\n<p><span style=\"color: #000000;\">La pr\u00e9-s\u00e9lection du salon individuel 2016 a eu lieu le 06\/02\/2016. \u00a0Un total de 1516 photos a \u00e9t\u00e9 pr\u00e9sent\u00e9 pour la pr\u00e9-s\u00e9lection au jury.<\/span><\/p>\n<p><span style=\"color: #000000;\">Dans les 1516 photos pr\u00e9sent\u00e9es, il y avait :<\/span><\/p>\n<ul>\n<li><span style=\"color: #000000;\">895 couleurs<\/span><\/li>\n<li><span style=\"color: #000000;\">621 monochromes<\/span><\/li>\n<\/ul>\n<p><span style=\"color: #000000;\">Objectif Image Paris &#8211; IDF a pr\u00e9sent\u00e9 :<\/span><\/p>\n<ul>\n<li><span style=\"color: #000000;\">66 photos couleurs<\/span><\/li>\n<li><span style=\"color: #000000;\">61 photos monochromes<\/span><\/li>\n<\/ul>\n<p><span style=\"color: #000000;\">Les photos proviennent de 28 auteurs.<\/span><\/p>\n<p><span style=\"color: #000000;\">Apr\u00e8s la pr\u00e9-s\u00e9lection, nous avons 17 photos couleurs et 14 photos monochromes de retenues. Les auteurs sont :<\/span><\/p>\n<ul>\n<li><span style=\"color: #000000;\">H\u00e9l\u00e8ne Lefelle<\/span><\/li>\n<li><span style=\"color: #000000;\">Annie Borez\u00e9e<\/span><\/li>\n<li><span style=\"color: #000000;\">Laure Rousville<\/span><\/li>\n<li><span style=\"color: #000000;\">Rozenn Dupr\u00e9<\/span><\/li>\n<li><span style=\"color: #000000;\">Aline Ungeschikts<\/span><\/li>\n<li><span style=\"color: #000000;\">Michaela Bernacki<\/span><\/li>\n<li><span style=\"color: #000000;\">Estelle Chauvey<\/span><\/li>\n<li><span style=\"color: #000000;\">Mich\u00e8le Duvernay<\/span><\/li>\n<li><span style=\"color: #000000;\">Nadir Merkal<\/span><\/li>\n<li><span style=\"color: #000000;\">St\u00e9phane Derny<\/span><\/li>\n<li><span style=\"color: #000000;\">Amaury Marquez<\/span><\/li>\n<li><span style=\"color: #000000;\">Philippe Rivalain<\/span><\/li>\n<li><span style=\"color: #000000;\">Miguel Couturier<\/span><\/li>\n<li><span style=\"color: #000000;\">Philippe Duyck<\/span><\/li>\n<li><span style=\"color: #000000;\">Pierre-Marie Artaux<\/span><\/li>\n<li><span style=\"color: #000000;\">Patrice Dupuy<\/span><\/li>\n<li><span style=\"color: #000000;\">Jean-Jacques Gueudry<\/span><\/li>\n<li><span style=\"color: #000000;\">\u00a0Roger de la Servi\u00e8re\u00a0<\/span><\/li>\n<\/ul>\n<p>&nbsp;<\/p>\n<p>&nbsp;<\/p>\n","protected":false},"excerpt":{"rendered":"<p>&nbsp; La pr\u00e9-s\u00e9lection du salon individuel 2016 a eu lieu le 06\/02\/2016. \u00a0Un total de 1516 photos a \u00e9t\u00e9 pr\u00e9sent\u00e9 pour la pr\u00e9-s\u00e9lection au jury. Dans les 1516 photos pr\u00e9sent\u00e9es, il y avait :&#46;&#46;&#46;<\/p>\n","protected":false},"author":1,"featured_media":2787,"comment_status":"closed","ping_status":"closed","sticky":false,"template":"","format":"standard","meta":{"_acf_changed":false,"_oasis_is_in_workflow":0,"_oasis_original":0,"_uag_custom_page_level_css":"","footnotes":""},"categories":[4,9],"tags":[],"class_list":["post-3414","post","type-post","status-publish","format-standard","has-post-thumbnail","hentry","category-concours","category-photo"],"acf":[],"uagb_featured_image_src":{"full":["https:\/\/oi-paris.com\/wordpress\/wp-content\/uploads\/2015\/08\/analyseImage.png",765,507,false],"thumbnail":["https:\/\/oi-paris.com\/wordpress\/wp-content\/uploads\/2015\/08\/analyseImage-150x150.png",150,150,true],"medium":["https:\/\/oi-paris.com\/wordpress\/wp-content\/uploads\/2015\/08\/analyseImage-300x199.png",300,199,true],"medium_large":["https:\/\/oi-paris.com\/wordpress\/wp-content\/uploads\/2015\/08\/analyseImage.png",765,507,false],"large":["https:\/\/oi-paris.com\/wordpress\/wp-content\/uploads\/2015\/08\/analyseImage.png",765,507,false],"1536x1536":["https:\/\/oi-paris.com\/wordpress\/wp-content\/uploads\/2015\/08\/analyseImage.png",765,507,false],"2048x2048":["https:\/\/oi-paris.com\/wordpress\/wp-content\/uploads\/2015\/08\/analyseImage.png",765,507,false],"thumb-small":["https:\/\/oi-paris.com\/wordpress\/wp-content\/uploads\/2015\/08\/analyseImage-160x160.png",80,80,true],"thumb-standard":["https:\/\/oi-paris.com\/wordpress\/wp-content\/uploads\/2015\/08\/analyseImage-320x320.png",320,320,true],"thumb-medium":["https:\/\/oi-paris.com\/wordpress\/wp-content\/uploads\/2015\/08\/analyseImage-520x245.png",520,245,true],"thumb-large":["https:\/\/oi-paris.com\/wordpress\/wp-content\/uploads\/2015\/08\/analyseImage-720x340.png",720,340,true],"thumb-xlarge":["https:\/\/oi-paris.com\/wordpress\/wp-content\/uploads\/2015\/08\/analyseImage.png",679,450,false],"thumb-xxlarge":["https:\/\/oi-paris.com\/wordpress\/wp-content\/uploads\/2015\/08\/analyseImage.png",754,500,false],"mailpoet_newsletter_max":["https:\/\/oi-paris.com\/wordpress\/wp-content\/uploads\/2015\/08\/analyseImage.png",765,507,false]},"uagb_author_info":{"display_name":"stephane D","author_link":"https:\/\/oi-paris.com\/wordpress\/author\/stephane\/"},"uagb_comment_info":0,"uagb_excerpt":"&nbsp; La pr\u00e9-s\u00e9lection du salon individuel 2016 a eu lieu le 06\/02\/2016. \u00a0Un total de 1516 photos a \u00e9t\u00e9 pr\u00e9sent\u00e9 pour la pr\u00e9-s\u00e9lection au jury. Dans les 1516 photos pr\u00e9sent\u00e9es, il y avait :&#46;&#46;&#46;","_links":{"self":[{"href":"https:\/\/oi-paris.com\/wordpress\/wp-json\/wp\/v2\/posts\/3414","targetHints":{"allow":["GET"]}}],"collection":[{"href":"https:\/\/oi-paris.com\/wordpress\/wp-json\/wp\/v2\/posts"}],"about":[{"href":"https:\/\/oi-paris.com\/wordpress\/wp-json\/wp\/v2\/types\/post"}],"author":[{"embeddable":true,"href":"https:\/\/oi-paris.com\/wordpress\/wp-json\/wp\/v2\/users\/1"}],"replies":[{"embeddable":true,"href":"https:\/\/oi-paris.com\/wordpress\/wp-json\/wp\/v2\/comments?post=3414"}],"version-history":[{"count":3,"href":"https:\/\/oi-paris.com\/wordpress\/wp-json\/wp\/v2\/posts\/3414\/revisions"}],"predecessor-version":[{"id":3419,"href":"https:\/\/oi-paris.com\/wordpress\/wp-json\/wp\/v2\/posts\/3414\/revisions\/3419"}],"wp:featuredmedia":[{"embeddable":true,"href":"https:\/\/oi-paris.com\/wordpress\/wp-json\/wp\/v2\/media\/2787"}],"wp:attachment":[{"href":"https:\/\/oi-paris.com\/wordpress\/wp-json\/wp\/v2\/media?parent=3414"}],"wp:term":[{"taxonomy":"category","embeddable":true,"href":"https:\/\/oi-paris.com\/wordpress\/wp-json\/wp\/v2\/categories?post=3414"},{"taxonomy":"post_tag","embeddable":true,"href":"https:\/\/oi-paris.com\/wordpress\/wp-json\/wp\/v2\/tags?post=3414"}],"curies":[{"name":"wp","href":"https:\/\/api.w.org\/{rel}","templated":true}]}}