{"id":3764,"date":"2016-04-18T18:01:13","date_gmt":"2016-04-18T16:01:13","guid":{"rendered":"http:\/\/oi-paris.com\/wordpress\/?p=3764"},"modified":"2016-04-19T09:44:27","modified_gmt":"2016-04-19T07:44:27","slug":"atelier-photo-au-studio-harcourt","status":"publish","type":"post","link":"https:\/\/oi-paris.com\/wordpress\/2016\/04\/18\/atelier-photo-au-studio-harcourt\/","title":{"rendered":"Atelier photo au Studio Harcourt"},"content":{"rendered":"<p><img loading=\"lazy\" decoding=\"async\" class=\"alignnone size-medium wp-image-3766\" src=\"http:\/\/oi-paris.com\/wordpress\/wp-content\/uploads\/2016\/04\/harcourt2-300x200.jpg\" alt=\"harcourt2\" width=\"300\" height=\"200\" srcset=\"https:\/\/oi-paris.com\/wordpress\/wp-content\/uploads\/2016\/04\/harcourt2-300x200.jpg 300w, https:\/\/oi-paris.com\/wordpress\/wp-content\/uploads\/2016\/04\/harcourt2-600x400.jpg 600w, https:\/\/oi-paris.com\/wordpress\/wp-content\/uploads\/2016\/04\/harcourt2.jpg 695w\" sizes=\"auto, (max-width: 300px) 100vw, 300px\" \/><\/p>\n<p><span style=\"color: #000000;\">A l\u2019occasion d\u2019ateliers photos exceptionnels, Studio Harcourt l\u00e8ve le voile sur une partie de l&#8217;histoire de la photographie du portrait mondiale.<\/span><\/p>\n<p><!--more--><\/p>\n<p><span style=\"color: #000000;\">L\u00e9a Hirsch nous propose de d\u00e9couvrir de mani\u00e8re interactive et culturelle, l\u2019histoire et le savoir-faire de cette Maison traditionnelle en temps normal ferm\u00e9e au public.<\/span><\/p>\n<blockquote><p><em><span style=\"color: #000000;\">Lors de nos nouveaux ateliers, nous vous proposons de vous glisser dans la peau d\u2019un photographe Studio Harcourt et de venir apprendre \u00e0 sculpter la lumi\u00e8re sur le visage du mod\u00e8le et \u00e0 jouer avec le grain de la peau et les ombres port\u00e9es. Guid\u00e9 par un photographe Studio Harcourt le temps d\u2019une apr\u00e8s-midi, les participants auront m\u00eame l\u2019opportunit\u00e9 de r\u00e9aliser leurs propres portraits du mod\u00e8le en fin de session.<\/span><\/em><\/p>\n<p><em><span style=\"color: #000000;\">Exposition, histoire, maquillage, savoir-faire lumi\u00e8re, post production, exp\u00e9rience client\u0085 c\u2019est tout l\u2019univers de Studio Harcourt qui s\u2019ouvre \u00e0 vous autour d&#8217;un moment convivial qui se termine par un \u00e9change informel au bar du Studio Harcourt.<\/span><\/em><\/p><\/blockquote>\n<p><strong><span style=\"color: #000000;\">Pour s&#8217;inscrire<\/span><\/strong><\/p>\n<p><a href=\"mailto:lea@studio-harcourt.eu\">lea@studio-harcourt.eu<\/a><\/p>\n","protected":false},"excerpt":{"rendered":"<p>A l\u2019occasion d\u2019ateliers photos exceptionnels, Studio Harcourt l\u00e8ve le voile sur une partie de l&#8217;histoire de la photographie du portrait mondiale.<\/p>\n","protected":false},"author":1,"featured_media":3766,"comment_status":"closed","ping_status":"closed","sticky":false,"template":"","format":"standard","meta":{"_acf_changed":false,"_oasis_is_in_workflow":0,"_oasis_original":0,"_uag_custom_page_level_css":"","footnotes":""},"categories":[9],"tags":[],"class_list":["post-3764","post","type-post","status-publish","format-standard","has-post-thumbnail","hentry","category-photo"],"acf":[],"uagb_featured_image_src":{"full":["https:\/\/oi-paris.com\/wordpress\/wp-content\/uploads\/2016\/04\/harcourt2.jpg",695,463,false],"thumbnail":["https:\/\/oi-paris.com\/wordpress\/wp-content\/uploads\/2016\/04\/harcourt2-150x150.jpg",150,150,true],"medium":["https:\/\/oi-paris.com\/wordpress\/wp-content\/uploads\/2016\/04\/harcourt2-300x200.jpg",300,200,true],"medium_large":["https:\/\/oi-paris.com\/wordpress\/wp-content\/uploads\/2016\/04\/harcourt2.jpg",695,463,false],"large":["https:\/\/oi-paris.com\/wordpress\/wp-content\/uploads\/2016\/04\/harcourt2.jpg",695,463,false],"1536x1536":["https:\/\/oi-paris.com\/wordpress\/wp-content\/uploads\/2016\/04\/harcourt2.jpg",695,463,false],"2048x2048":["https:\/\/oi-paris.com\/wordpress\/wp-content\/uploads\/2016\/04\/harcourt2.jpg",695,463,false],"thumb-small":["https:\/\/oi-paris.com\/wordpress\/wp-content\/uploads\/2016\/04\/harcourt2-160x160.jpg",80,80,true],"thumb-standard":["https:\/\/oi-paris.com\/wordpress\/wp-content\/uploads\/2016\/04\/harcourt2-320x320.jpg",320,320,true],"thumb-medium":["https:\/\/oi-paris.com\/wordpress\/wp-content\/uploads\/2016\/04\/harcourt2-520x245.jpg",520,245,true],"thumb-large":["https:\/\/oi-paris.com\/wordpress\/wp-content\/uploads\/2016\/04\/harcourt2-720x340.jpg",720,340,true],"thumb-xlarge":["https:\/\/oi-paris.com\/wordpress\/wp-content\/uploads\/2016\/04\/harcourt2.jpg",675,450,false],"thumb-xxlarge":["https:\/\/oi-paris.com\/wordpress\/wp-content\/uploads\/2016\/04\/harcourt2.jpg",695,463,false],"mailpoet_newsletter_max":["https:\/\/oi-paris.com\/wordpress\/wp-content\/uploads\/2016\/04\/harcourt2.jpg",695,463,false]},"uagb_author_info":{"display_name":"stephane D","author_link":"https:\/\/oi-paris.com\/wordpress\/author\/stephane\/"},"uagb_comment_info":0,"uagb_excerpt":"A l\u2019occasion d\u2019ateliers photos exceptionnels, Studio Harcourt l\u00e8ve le voile sur une partie de l&#8217;histoire de la photographie du portrait mondiale.","_links":{"self":[{"href":"https:\/\/oi-paris.com\/wordpress\/wp-json\/wp\/v2\/posts\/3764","targetHints":{"allow":["GET"]}}],"collection":[{"href":"https:\/\/oi-paris.com\/wordpress\/wp-json\/wp\/v2\/posts"}],"about":[{"href":"https:\/\/oi-paris.com\/wordpress\/wp-json\/wp\/v2\/types\/post"}],"author":[{"embeddable":true,"href":"https:\/\/oi-paris.com\/wordpress\/wp-json\/wp\/v2\/users\/1"}],"replies":[{"embeddable":true,"href":"https:\/\/oi-paris.com\/wordpress\/wp-json\/wp\/v2\/comments?post=3764"}],"version-history":[{"count":5,"href":"https:\/\/oi-paris.com\/wordpress\/wp-json\/wp\/v2\/posts\/3764\/revisions"}],"predecessor-version":[{"id":3771,"href":"https:\/\/oi-paris.com\/wordpress\/wp-json\/wp\/v2\/posts\/3764\/revisions\/3771"}],"wp:featuredmedia":[{"embeddable":true,"href":"https:\/\/oi-paris.com\/wordpress\/wp-json\/wp\/v2\/media\/3766"}],"wp:attachment":[{"href":"https:\/\/oi-paris.com\/wordpress\/wp-json\/wp\/v2\/media?parent=3764"}],"wp:term":[{"taxonomy":"category","embeddable":true,"href":"https:\/\/oi-paris.com\/wordpress\/wp-json\/wp\/v2\/categories?post=3764"},{"taxonomy":"post_tag","embeddable":true,"href":"https:\/\/oi-paris.com\/wordpress\/wp-json\/wp\/v2\/tags?post=3764"}],"curies":[{"name":"wp","href":"https:\/\/api.w.org\/{rel}","templated":true}]}}