{"id":3786,"date":"2016-05-02T16:02:27","date_gmt":"2016-05-02T14:02:27","guid":{"rendered":"http:\/\/oi-paris.com\/wordpress\/?p=3786"},"modified":"2016-05-02T16:02:27","modified_gmt":"2016-05-02T14:02:27","slug":"jugement-du-salon-individuel-2016","status":"publish","type":"post","link":"https:\/\/oi-paris.com\/wordpress\/2016\/05\/02\/jugement-du-salon-individuel-2016\/","title":{"rendered":"Jugement du Salon Individuel 2016"},"content":{"rendered":"<p><img loading=\"lazy\" decoding=\"async\" class=\"alignnone wp-image-1410\" src=\"http:\/\/oi-paris.com\/wordpress\/wp-content\/uploads\/2015\/08\/Concours-photo-carre-300x300.jpg\" alt=\"Concours-photo-carre\" width=\"203\" height=\"203\" srcset=\"https:\/\/oi-paris.com\/wordpress\/wp-content\/uploads\/2015\/08\/Concours-photo-carre-300x300.jpg 300w, https:\/\/oi-paris.com\/wordpress\/wp-content\/uploads\/2015\/08\/Concours-photo-carre-150x150.jpg 150w, https:\/\/oi-paris.com\/wordpress\/wp-content\/uploads\/2015\/08\/Concours-photo-carre-160x160.jpg 160w, https:\/\/oi-paris.com\/wordpress\/wp-content\/uploads\/2015\/08\/Concours-photo-carre-320x320.jpg 320w, https:\/\/oi-paris.com\/wordpress\/wp-content\/uploads\/2015\/08\/Concours-photo-carre.jpg 463w\" sizes=\"auto, (max-width: 203px) 100vw, 203px\" \/><\/p>\n<p><span style=\"color: #000000;\">Le jugement du Salon Individuel \u00a02016 a eu lieu le samedi 30 Avril 2016 entre 14h et 16h30 en salle RC1.<\/span><\/p>\n<p><span style=\"color: #000000;\">Le jury \u00e9tait compos\u00e9 de :<\/span><\/p>\n<p><span style=\"color: #000000;\">St\u00e9phanie Hue =&gt; photographe<\/span><\/p>\n<p><span style=\"color: #000000;\">Lionel Planes =&gt; photographe<\/span><\/p>\n<p><span style=\"color: #000000;\">Patrick Frontezak =&gt; photographe<\/span><\/p>\n<p><span style=\"color: #000000;\">Leonardo Antoniadis =&gt; photographe et professeur \u00e0 l\u2019\u00e9cole speos<\/span><\/p>\n<p><span style=\"color: #000000;\">Ils \u00e9taient assist\u00e9s de :<\/span><\/p>\n<p><span style=\"color: #000000;\">Christelle Barbier<\/span><\/p>\n<p><span style=\"color: #000000;\">Christian Brion<\/span><\/p>\n<p><span style=\"color: #000000;\">Amaury Marquez<\/span><\/p>\n<p><span style=\"color: #000000;\">Pierre-Emmanuel Beauchaud<\/span><\/p>\n<p>&nbsp;<\/p>\n<p><span style=\"color: #000000;\">Il y aura 45 photos couleurs et 29 photos monochromes qui seront expos\u00e9es \u00e0 la Poterne du 6\/06\/2016 avec un vernissage le 7\/06\/2016.<\/span><\/p>\n<p>&nbsp;<\/p>\n\n\t\t<style>\n\t\t\t#gallery-1 {\n\t\t\t\tmargin: auto;\n\t\t\t}\n\t\t\t#gallery-1 .gallery-item {\n\t\t\t\tfloat: left;\n\t\t\t\tmargin-top: 10px;\n\t\t\t\ttext-align: center;\n\t\t\t\twidth: 33%;\n\t\t\t}\n\t\t\t#gallery-1 img {\n\t\t\t\tborder: 2px solid #cfcfcf;\n\t\t\t}\n\t\t\t#gallery-1 .gallery-caption {\n\t\t\t\tmargin-left: 0;\n\t\t\t}\n\t\t\t\/* see gallery_shortcode() in wp-includes\/media.php *\/\n\t\t<\/style>\n\t\t<div id='gallery-1' class='gallery galleryid-3786 gallery-columns-3 gallery-size-thumbnail'><dl class='gallery-item'>\n\t\t\t<dt class='gallery-icon landscape'>\n\t\t\t\t<a href='https:\/\/oi-paris.com\/wordpress\/wp-content\/uploads\/2016\/05\/IMG-20160430-WA0012.jpg' title=\"\" data-rl_title=\"\" class=\"rl-gallery-link\" data-rl_caption=\"\" data-rel=\"lightbox-gallery-1\"><img loading=\"lazy\" decoding=\"async\" width=\"150\" height=\"150\" src=\"https:\/\/oi-paris.com\/wordpress\/wp-content\/uploads\/2016\/05\/IMG-20160430-WA0012-150x150.jpg\" class=\"attachment-thumbnail size-thumbnail\" alt=\"\" srcset=\"https:\/\/oi-paris.com\/wordpress\/wp-content\/uploads\/2016\/05\/IMG-20160430-WA0012-150x150.jpg 150w, https:\/\/oi-paris.com\/wordpress\/wp-content\/uploads\/2016\/05\/IMG-20160430-WA0012-160x160.jpg 160w, https:\/\/oi-paris.com\/wordpress\/wp-content\/uploads\/2016\/05\/IMG-20160430-WA0012-320x320.jpg 320w\" sizes=\"auto, (max-width: 150px) 100vw, 150px\" \/><\/a>\n\t\t\t<\/dt><\/dl><dl class='gallery-item'>\n\t\t\t<dt class='gallery-icon landscape'>\n\t\t\t\t<a href='https:\/\/oi-paris.com\/wordpress\/wp-content\/uploads\/2016\/05\/IMG-20160430-WA0011.jpg' title=\"\" data-rl_title=\"\" class=\"rl-gallery-link\" data-rl_caption=\"\" data-rel=\"lightbox-gallery-1\"><img loading=\"lazy\" decoding=\"async\" width=\"150\" height=\"150\" src=\"https:\/\/oi-paris.com\/wordpress\/wp-content\/uploads\/2016\/05\/IMG-20160430-WA0011-150x150.jpg\" class=\"attachment-thumbnail size-thumbnail\" alt=\"\" srcset=\"https:\/\/oi-paris.com\/wordpress\/wp-content\/uploads\/2016\/05\/IMG-20160430-WA0011-150x150.jpg 150w, https:\/\/oi-paris.com\/wordpress\/wp-content\/uploads\/2016\/05\/IMG-20160430-WA0011-160x160.jpg 160w, https:\/\/oi-paris.com\/wordpress\/wp-content\/uploads\/2016\/05\/IMG-20160430-WA0011-320x320.jpg 320w\" sizes=\"auto, (max-width: 150px) 100vw, 150px\" \/><\/a>\n\t\t\t<\/dt><\/dl><dl class='gallery-item'>\n\t\t\t<dt class='gallery-icon landscape'>\n\t\t\t\t<a href='https:\/\/oi-paris.com\/wordpress\/wp-content\/uploads\/2016\/05\/IMG-20160430-WA0010.jpg' title=\"\" data-rl_title=\"\" class=\"rl-gallery-link\" data-rl_caption=\"\" data-rel=\"lightbox-gallery-1\"><img loading=\"lazy\" decoding=\"async\" width=\"150\" height=\"150\" src=\"https:\/\/oi-paris.com\/wordpress\/wp-content\/uploads\/2016\/05\/IMG-20160430-WA0010-150x150.jpg\" class=\"attachment-thumbnail size-thumbnail\" alt=\"\" srcset=\"https:\/\/oi-paris.com\/wordpress\/wp-content\/uploads\/2016\/05\/IMG-20160430-WA0010-150x150.jpg 150w, https:\/\/oi-paris.com\/wordpress\/wp-content\/uploads\/2016\/05\/IMG-20160430-WA0010-160x160.jpg 160w, https:\/\/oi-paris.com\/wordpress\/wp-content\/uploads\/2016\/05\/IMG-20160430-WA0010-320x320.jpg 320w\" sizes=\"auto, (max-width: 150px) 100vw, 150px\" \/><\/a>\n\t\t\t<\/dt><\/dl><br style=\"clear: both\" \/><dl class='gallery-item'>\n\t\t\t<dt class='gallery-icon landscape'>\n\t\t\t\t<a href='https:\/\/oi-paris.com\/wordpress\/wp-content\/uploads\/2016\/05\/IMG-20160430-WA0009.jpg' title=\"\" data-rl_title=\"\" class=\"rl-gallery-link\" data-rl_caption=\"\" data-rel=\"lightbox-gallery-1\"><img loading=\"lazy\" decoding=\"async\" width=\"150\" height=\"150\" src=\"https:\/\/oi-paris.com\/wordpress\/wp-content\/uploads\/2016\/05\/IMG-20160430-WA0009-150x150.jpg\" class=\"attachment-thumbnail size-thumbnail\" alt=\"\" srcset=\"https:\/\/oi-paris.com\/wordpress\/wp-content\/uploads\/2016\/05\/IMG-20160430-WA0009-150x150.jpg 150w, https:\/\/oi-paris.com\/wordpress\/wp-content\/uploads\/2016\/05\/IMG-20160430-WA0009-160x160.jpg 160w, https:\/\/oi-paris.com\/wordpress\/wp-content\/uploads\/2016\/05\/IMG-20160430-WA0009-320x320.jpg 320w\" sizes=\"auto, (max-width: 150px) 100vw, 150px\" \/><\/a>\n\t\t\t<\/dt><\/dl><dl class='gallery-item'>\n\t\t\t<dt class='gallery-icon portrait'>\n\t\t\t\t<a href='https:\/\/oi-paris.com\/wordpress\/wp-content\/uploads\/2016\/05\/IMG-20160430-WA0008.jpg' title=\"\" data-rl_title=\"\" class=\"rl-gallery-link\" data-rl_caption=\"\" data-rel=\"lightbox-gallery-1\"><img loading=\"lazy\" decoding=\"async\" width=\"150\" height=\"150\" src=\"https:\/\/oi-paris.com\/wordpress\/wp-content\/uploads\/2016\/05\/IMG-20160430-WA0008-150x150.jpg\" class=\"attachment-thumbnail size-thumbnail\" alt=\"\" srcset=\"https:\/\/oi-paris.com\/wordpress\/wp-content\/uploads\/2016\/05\/IMG-20160430-WA0008-150x150.jpg 150w, https:\/\/oi-paris.com\/wordpress\/wp-content\/uploads\/2016\/05\/IMG-20160430-WA0008-160x160.jpg 160w, https:\/\/oi-paris.com\/wordpress\/wp-content\/uploads\/2016\/05\/IMG-20160430-WA0008-320x320.jpg 320w\" sizes=\"auto, (max-width: 150px) 100vw, 150px\" \/><\/a>\n\t\t\t<\/dt><\/dl><dl class='gallery-item'>\n\t\t\t<dt class='gallery-icon landscape'>\n\t\t\t\t<a href='https:\/\/oi-paris.com\/wordpress\/wp-content\/uploads\/2016\/05\/IMG-20160430-WA0007.jpg' title=\"\" data-rl_title=\"\" class=\"rl-gallery-link\" data-rl_caption=\"\" data-rel=\"lightbox-gallery-1\"><img loading=\"lazy\" decoding=\"async\" width=\"150\" height=\"150\" src=\"https:\/\/oi-paris.com\/wordpress\/wp-content\/uploads\/2016\/05\/IMG-20160430-WA0007-150x150.jpg\" class=\"attachment-thumbnail size-thumbnail\" alt=\"\" srcset=\"https:\/\/oi-paris.com\/wordpress\/wp-content\/uploads\/2016\/05\/IMG-20160430-WA0007-150x150.jpg 150w, https:\/\/oi-paris.com\/wordpress\/wp-content\/uploads\/2016\/05\/IMG-20160430-WA0007-160x160.jpg 160w, https:\/\/oi-paris.com\/wordpress\/wp-content\/uploads\/2016\/05\/IMG-20160430-WA0007-320x320.jpg 320w\" sizes=\"auto, (max-width: 150px) 100vw, 150px\" \/><\/a>\n\t\t\t<\/dt><\/dl><br style=\"clear: both\" \/><dl class='gallery-item'>\n\t\t\t<dt class='gallery-icon landscape'>\n\t\t\t\t<a href='https:\/\/oi-paris.com\/wordpress\/wp-content\/uploads\/2016\/05\/IMG-20160430-WA0003-01.jpg' title=\"\" data-rl_title=\"\" class=\"rl-gallery-link\" data-rl_caption=\"\" data-rel=\"lightbox-gallery-1\"><img loading=\"lazy\" decoding=\"async\" width=\"150\" height=\"150\" src=\"https:\/\/oi-paris.com\/wordpress\/wp-content\/uploads\/2016\/05\/IMG-20160430-WA0003-01-150x150.jpg\" class=\"attachment-thumbnail size-thumbnail\" alt=\"\" srcset=\"https:\/\/oi-paris.com\/wordpress\/wp-content\/uploads\/2016\/05\/IMG-20160430-WA0003-01-150x150.jpg 150w, https:\/\/oi-paris.com\/wordpress\/wp-content\/uploads\/2016\/05\/IMG-20160430-WA0003-01-160x160.jpg 160w, https:\/\/oi-paris.com\/wordpress\/wp-content\/uploads\/2016\/05\/IMG-20160430-WA0003-01-320x320.jpg 320w\" sizes=\"auto, (max-width: 150px) 100vw, 150px\" \/><\/a>\n\t\t\t<\/dt><\/dl><dl class='gallery-item'>\n\t\t\t<dt class='gallery-icon landscape'>\n\t\t\t\t<a href='https:\/\/oi-paris.com\/wordpress\/wp-content\/uploads\/2016\/05\/IMG-20160430-WA0000.jpg' title=\"\" data-rl_title=\"\" class=\"rl-gallery-link\" data-rl_caption=\"\" data-rel=\"lightbox-gallery-1\"><img loading=\"lazy\" decoding=\"async\" width=\"150\" height=\"150\" src=\"https:\/\/oi-paris.com\/wordpress\/wp-content\/uploads\/2016\/05\/IMG-20160430-WA0000-150x150.jpg\" class=\"attachment-thumbnail size-thumbnail\" alt=\"\" srcset=\"https:\/\/oi-paris.com\/wordpress\/wp-content\/uploads\/2016\/05\/IMG-20160430-WA0000-150x150.jpg 150w, https:\/\/oi-paris.com\/wordpress\/wp-content\/uploads\/2016\/05\/IMG-20160430-WA0000-160x160.jpg 160w, https:\/\/oi-paris.com\/wordpress\/wp-content\/uploads\/2016\/05\/IMG-20160430-WA0000-320x320.jpg 320w\" sizes=\"auto, (max-width: 150px) 100vw, 150px\" \/><\/a>\n\t\t\t<\/dt><\/dl><dl class='gallery-item'>\n\t\t\t<dt class='gallery-icon landscape'>\n\t\t\t\t<a href='https:\/\/oi-paris.com\/wordpress\/wp-content\/uploads\/2016\/05\/IMG-20160430-WA0003.jpg' title=\"\" data-rl_title=\"\" class=\"rl-gallery-link\" data-rl_caption=\"\" data-rel=\"lightbox-gallery-1\"><img loading=\"lazy\" decoding=\"async\" width=\"150\" height=\"150\" src=\"https:\/\/oi-paris.com\/wordpress\/wp-content\/uploads\/2016\/05\/IMG-20160430-WA0003-150x150.jpg\" class=\"attachment-thumbnail size-thumbnail\" alt=\"\" srcset=\"https:\/\/oi-paris.com\/wordpress\/wp-content\/uploads\/2016\/05\/IMG-20160430-WA0003-150x150.jpg 150w, https:\/\/oi-paris.com\/wordpress\/wp-content\/uploads\/2016\/05\/IMG-20160430-WA0003-160x160.jpg 160w, https:\/\/oi-paris.com\/wordpress\/wp-content\/uploads\/2016\/05\/IMG-20160430-WA0003-320x320.jpg 320w\" sizes=\"auto, (max-width: 150px) 100vw, 150px\" \/><\/a>\n\t\t\t<\/dt><\/dl><br style=\"clear: both\" \/>\n\t\t<\/div>\n\n<p>&nbsp;<\/p>\n","protected":false},"excerpt":{"rendered":"<p>Le jugement du Salon Individuel \u00a02016 a eu lieu le samedi 30 Avril 2016 entre 14h et 16h30 en salle RC1. Le jury \u00e9tait compos\u00e9 de : St\u00e9phanie Hue =&gt; photographe Lionel Planes =&gt;&#46;&#46;&#46;<\/p>\n","protected":false},"author":1,"featured_media":3789,"comment_status":"closed","ping_status":"closed","sticky":false,"template":"","format":"standard","meta":{"_acf_changed":false,"_oasis_is_in_workflow":0,"_oasis_original":0,"_uag_custom_page_level_css":"","footnotes":""},"categories":[4,9],"tags":[],"class_list":["post-3786","post","type-post","status-publish","format-standard","has-post-thumbnail","hentry","category-concours","category-photo"],"acf":[],"uagb_featured_image_src":{"full":["https:\/\/oi-paris.com\/wordpress\/wp-content\/uploads\/2016\/05\/IMG-20160430-WA0003.jpg",1600,900,false],"thumbnail":["https:\/\/oi-paris.com\/wordpress\/wp-content\/uploads\/2016\/05\/IMG-20160430-WA0003-150x150.jpg",150,150,true],"medium":["https:\/\/oi-paris.com\/wordpress\/wp-content\/uploads\/2016\/05\/IMG-20160430-WA0003-300x169.jpg",300,169,true],"medium_large":["https:\/\/oi-paris.com\/wordpress\/wp-content\/uploads\/2016\/05\/IMG-20160430-WA0003-768x432.jpg",768,432,true],"large":["https:\/\/oi-paris.com\/wordpress\/wp-content\/uploads\/2016\/05\/IMG-20160430-WA0003-1024x576.jpg",1024,576,true],"1536x1536":["https:\/\/oi-paris.com\/wordpress\/wp-content\/uploads\/2016\/05\/IMG-20160430-WA0003.jpg",1536,864,false],"2048x2048":["https:\/\/oi-paris.com\/wordpress\/wp-content\/uploads\/2016\/05\/IMG-20160430-WA0003.jpg",1600,900,false],"thumb-small":["https:\/\/oi-paris.com\/wordpress\/wp-content\/uploads\/2016\/05\/IMG-20160430-WA0003-160x160.jpg",80,80,true],"thumb-standard":["https:\/\/oi-paris.com\/wordpress\/wp-content\/uploads\/2016\/05\/IMG-20160430-WA0003-320x320.jpg",320,320,true],"thumb-medium":["https:\/\/oi-paris.com\/wordpress\/wp-content\/uploads\/2016\/05\/IMG-20160430-WA0003-520x245.jpg",520,245,true],"thumb-large":["https:\/\/oi-paris.com\/wordpress\/wp-content\/uploads\/2016\/05\/IMG-20160430-WA0003-720x340.jpg",720,340,true],"thumb-xlarge":["https:\/\/oi-paris.com\/wordpress\/wp-content\/uploads\/2016\/05\/IMG-20160430-WA0003.jpg",800,450,false],"thumb-xxlarge":["https:\/\/oi-paris.com\/wordpress\/wp-content\/uploads\/2016\/05\/IMG-20160430-WA0003.jpg",889,500,false],"mailpoet_newsletter_max":["https:\/\/oi-paris.com\/wordpress\/wp-content\/uploads\/2016\/05\/IMG-20160430-WA0003.jpg",1320,743,false]},"uagb_author_info":{"display_name":"stephane D","author_link":"https:\/\/oi-paris.com\/wordpress\/author\/stephane\/"},"uagb_comment_info":0,"uagb_excerpt":"Le jugement du Salon Individuel \u00a02016 a eu lieu le samedi 30 Avril 2016 entre 14h et 16h30 en salle RC1. Le jury \u00e9tait compos\u00e9 de : St\u00e9phanie Hue =&gt; photographe Lionel Planes =&gt;&#46;&#46;&#46;","_links":{"self":[{"href":"https:\/\/oi-paris.com\/wordpress\/wp-json\/wp\/v2\/posts\/3786","targetHints":{"allow":["GET"]}}],"collection":[{"href":"https:\/\/oi-paris.com\/wordpress\/wp-json\/wp\/v2\/posts"}],"about":[{"href":"https:\/\/oi-paris.com\/wordpress\/wp-json\/wp\/v2\/types\/post"}],"author":[{"embeddable":true,"href":"https:\/\/oi-paris.com\/wordpress\/wp-json\/wp\/v2\/users\/1"}],"replies":[{"embeddable":true,"href":"https:\/\/oi-paris.com\/wordpress\/wp-json\/wp\/v2\/comments?post=3786"}],"version-history":[{"count":3,"href":"https:\/\/oi-paris.com\/wordpress\/wp-json\/wp\/v2\/posts\/3786\/revisions"}],"predecessor-version":[{"id":3814,"href":"https:\/\/oi-paris.com\/wordpress\/wp-json\/wp\/v2\/posts\/3786\/revisions\/3814"}],"wp:featuredmedia":[{"embeddable":true,"href":"https:\/\/oi-paris.com\/wordpress\/wp-json\/wp\/v2\/media\/3789"}],"wp:attachment":[{"href":"https:\/\/oi-paris.com\/wordpress\/wp-json\/wp\/v2\/media?parent=3786"}],"wp:term":[{"taxonomy":"category","embeddable":true,"href":"https:\/\/oi-paris.com\/wordpress\/wp-json\/wp\/v2\/categories?post=3786"},{"taxonomy":"post_tag","embeddable":true,"href":"https:\/\/oi-paris.com\/wordpress\/wp-json\/wp\/v2\/tags?post=3786"}],"curies":[{"name":"wp","href":"https:\/\/api.w.org\/{rel}","templated":true}]}}