{"id":3798,"date":"2016-05-02T16:03:08","date_gmt":"2016-05-02T14:03:08","guid":{"rendered":"http:\/\/oi-paris.com\/wordpress\/?p=3798"},"modified":"2016-05-02T16:03:08","modified_gmt":"2016-05-02T14:03:08","slug":"resultat-du-salon-individuel-2016","status":"publish","type":"post","link":"https:\/\/oi-paris.com\/wordpress\/2016\/05\/02\/resultat-du-salon-individuel-2016\/","title":{"rendered":"R\u00e9sultat du Salon Individuel 2016"},"content":{"rendered":"<p><span style=\"color: #000000;\"><img loading=\"lazy\" decoding=\"async\" class=\"alignnone wp-image-1410\" src=\"http:\/\/oi-paris.com\/wordpress\/wp-content\/uploads\/2015\/08\/Concours-photo-carre-300x300.jpg\" alt=\"Concours-photo-carre\" width=\"203\" height=\"203\" srcset=\"https:\/\/oi-paris.com\/wordpress\/wp-content\/uploads\/2015\/08\/Concours-photo-carre-300x300.jpg 300w, https:\/\/oi-paris.com\/wordpress\/wp-content\/uploads\/2015\/08\/Concours-photo-carre-150x150.jpg 150w, https:\/\/oi-paris.com\/wordpress\/wp-content\/uploads\/2015\/08\/Concours-photo-carre-160x160.jpg 160w, https:\/\/oi-paris.com\/wordpress\/wp-content\/uploads\/2015\/08\/Concours-photo-carre-320x320.jpg 320w, https:\/\/oi-paris.com\/wordpress\/wp-content\/uploads\/2015\/08\/Concours-photo-carre.jpg 463w\" sizes=\"auto, (max-width: 203px) 100vw, 203px\" \/><\/span><\/p>\n<p><span style=\"color: #000000;\">Le jugement du Salon individuel ayant eu lieu le 30 avril 2016, voici les photos qui seront expos\u00e9es :<\/span><\/p>\n<ul>\n<li>\n<h3><span style=\"color: #000000;\">Monochrome<\/span><\/h3>\n<\/li>\n<\/ul>\n\n\t\t<style>\n\t\t\t#gallery-1 {\n\t\t\t\tmargin: auto;\n\t\t\t}\n\t\t\t#gallery-1 .gallery-item {\n\t\t\t\tfloat: left;\n\t\t\t\tmargin-top: 10px;\n\t\t\t\ttext-align: center;\n\t\t\t\twidth: 33%;\n\t\t\t}\n\t\t\t#gallery-1 img {\n\t\t\t\tborder: 2px solid #cfcfcf;\n\t\t\t}\n\t\t\t#gallery-1 .gallery-caption {\n\t\t\t\tmargin-left: 0;\n\t\t\t}\n\t\t\t\/* see gallery_shortcode() in wp-includes\/media.php *\/\n\t\t<\/style>\n\t\t<div id='gallery-1' class='gallery galleryid-3798 gallery-columns-3 gallery-size-thumbnail'><dl class='gallery-item'>\n\t\t\t<dt class='gallery-icon portrait'>\n\t\t\t\t<a href='https:\/\/oi-paris.com\/wordpress\/wp-content\/uploads\/2016\/05\/Aids-michele-duvernay-OI-Paris-1.jpg' title=\"\" data-rl_title=\"\" class=\"rl-gallery-link\" data-rl_caption=\"\" data-rel=\"lightbox-gallery-1\"><img loading=\"lazy\" decoding=\"async\" width=\"150\" height=\"150\" src=\"https:\/\/oi-paris.com\/wordpress\/wp-content\/uploads\/2016\/05\/Aids-michele-duvernay-OI-Paris-1-150x150.jpg\" class=\"attachment-thumbnail size-thumbnail\" alt=\"\" srcset=\"https:\/\/oi-paris.com\/wordpress\/wp-content\/uploads\/2016\/05\/Aids-michele-duvernay-OI-Paris-1-150x150.jpg 150w, https:\/\/oi-paris.com\/wordpress\/wp-content\/uploads\/2016\/05\/Aids-michele-duvernay-OI-Paris-1-160x160.jpg 160w, https:\/\/oi-paris.com\/wordpress\/wp-content\/uploads\/2016\/05\/Aids-michele-duvernay-OI-Paris-1-320x320.jpg 320w\" sizes=\"auto, (max-width: 150px) 100vw, 150px\" \/><\/a>\n\t\t\t<\/dt><\/dl><dl class='gallery-item'>\n\t\t\t<dt class='gallery-icon landscape'>\n\t\t\t\t<a href='https:\/\/oi-paris.com\/wordpress\/wp-content\/uploads\/2016\/05\/Fenetre-Aline-Ungeschikts-OI-Paris.jpg' title=\"\" data-rl_title=\"\" class=\"rl-gallery-link\" data-rl_caption=\"\" data-rel=\"lightbox-gallery-1\"><img loading=\"lazy\" decoding=\"async\" width=\"150\" height=\"150\" src=\"https:\/\/oi-paris.com\/wordpress\/wp-content\/uploads\/2016\/05\/Fenetre-Aline-Ungeschikts-OI-Paris-150x150.jpg\" class=\"attachment-thumbnail size-thumbnail\" alt=\"\" srcset=\"https:\/\/oi-paris.com\/wordpress\/wp-content\/uploads\/2016\/05\/Fenetre-Aline-Ungeschikts-OI-Paris-150x150.jpg 150w, https:\/\/oi-paris.com\/wordpress\/wp-content\/uploads\/2016\/05\/Fenetre-Aline-Ungeschikts-OI-Paris-160x160.jpg 160w, https:\/\/oi-paris.com\/wordpress\/wp-content\/uploads\/2016\/05\/Fenetre-Aline-Ungeschikts-OI-Paris-320x320.jpg 320w\" sizes=\"auto, (max-width: 150px) 100vw, 150px\" \/><\/a>\n\t\t\t<\/dt><\/dl><dl class='gallery-item'>\n\t\t\t<dt class='gallery-icon landscape'>\n\t\t\t\t<a href='https:\/\/oi-paris.com\/wordpress\/wp-content\/uploads\/2016\/05\/fauteuil-nadir-merkal-OI-Paris.jpg' title=\"\" data-rl_title=\"\" class=\"rl-gallery-link\" data-rl_caption=\"\" data-rel=\"lightbox-gallery-1\"><img loading=\"lazy\" decoding=\"async\" width=\"150\" height=\"150\" src=\"https:\/\/oi-paris.com\/wordpress\/wp-content\/uploads\/2016\/05\/fauteuil-nadir-merkal-OI-Paris-150x150.jpg\" class=\"attachment-thumbnail size-thumbnail\" alt=\"\" srcset=\"https:\/\/oi-paris.com\/wordpress\/wp-content\/uploads\/2016\/05\/fauteuil-nadir-merkal-OI-Paris-150x150.jpg 150w, https:\/\/oi-paris.com\/wordpress\/wp-content\/uploads\/2016\/05\/fauteuil-nadir-merkal-OI-Paris-160x160.jpg 160w, https:\/\/oi-paris.com\/wordpress\/wp-content\/uploads\/2016\/05\/fauteuil-nadir-merkal-OI-Paris-320x320.jpg 320w\" sizes=\"auto, (max-width: 150px) 100vw, 150px\" \/><\/a>\n\t\t\t<\/dt><\/dl><br style=\"clear: both\" \/>\n\t\t<\/div>\n\n<p><span style=\"color: #000000;\">Les auteurs sont :<\/span><\/p>\n<ul>\n<li><span style=\"color: #000000;\">Michele D<\/span><\/li>\n<li><span style=\"color: #000000;\">Aline U<\/span><\/li>\n<li><span style=\"color: #000000;\">Nadir M<\/span><\/li>\n<\/ul>\n<p>&nbsp;<\/p>\n<ul>\n<li>\n<h3><span style=\"color: #000000;\"><span style=\"color: #000000;\">Couleur<\/span><\/span><\/h3>\n\n\t\t<style>\n\t\t\t#gallery-2 {\n\t\t\t\tmargin: auto;\n\t\t\t}\n\t\t\t#gallery-2 .gallery-item {\n\t\t\t\tfloat: left;\n\t\t\t\tmargin-top: 10px;\n\t\t\t\ttext-align: center;\n\t\t\t\twidth: 33%;\n\t\t\t}\n\t\t\t#gallery-2 img {\n\t\t\t\tborder: 2px solid #cfcfcf;\n\t\t\t}\n\t\t\t#gallery-2 .gallery-caption {\n\t\t\t\tmargin-left: 0;\n\t\t\t}\n\t\t\t\/* see gallery_shortcode() in wp-includes\/media.php *\/\n\t\t<\/style>\n\t\t<div id='gallery-2' class='gallery galleryid-3798 gallery-columns-3 gallery-size-thumbnail'><dl class='gallery-item'>\n\t\t\t<dt class='gallery-icon portrait'>\n\t\t\t\t<a href='https:\/\/oi-paris.com\/wordpress\/wp-content\/uploads\/2016\/05\/ombre_lumiere_borezee_annie_OI_Paris.jpg' title=\"\" data-rl_title=\"\" class=\"rl-gallery-link\" data-rl_caption=\"\" data-rel=\"lightbox-gallery-2\"><img loading=\"lazy\" decoding=\"async\" width=\"150\" height=\"150\" src=\"https:\/\/oi-paris.com\/wordpress\/wp-content\/uploads\/2016\/05\/ombre_lumiere_borezee_annie_OI_Paris-150x150.jpg\" class=\"attachment-thumbnail size-thumbnail\" alt=\"\" srcset=\"https:\/\/oi-paris.com\/wordpress\/wp-content\/uploads\/2016\/05\/ombre_lumiere_borezee_annie_OI_Paris-150x150.jpg 150w, https:\/\/oi-paris.com\/wordpress\/wp-content\/uploads\/2016\/05\/ombre_lumiere_borezee_annie_OI_Paris-160x160.jpg 160w, https:\/\/oi-paris.com\/wordpress\/wp-content\/uploads\/2016\/05\/ombre_lumiere_borezee_annie_OI_Paris-320x320.jpg 320w\" sizes=\"auto, (max-width: 150px) 100vw, 150px\" \/><\/a>\n\t\t\t<\/dt><\/dl><dl class='gallery-item'>\n\t\t\t<dt class='gallery-icon portrait'>\n\t\t\t\t<a href='https:\/\/oi-paris.com\/wordpress\/wp-content\/uploads\/2016\/05\/Trouble-amaury-marquez-OI-Paris.jpg' title=\"\" data-rl_title=\"\" class=\"rl-gallery-link\" data-rl_caption=\"\" data-rel=\"lightbox-gallery-2\"><img loading=\"lazy\" decoding=\"async\" width=\"150\" height=\"150\" src=\"https:\/\/oi-paris.com\/wordpress\/wp-content\/uploads\/2016\/05\/Trouble-amaury-marquez-OI-Paris-150x150.jpg\" class=\"attachment-thumbnail size-thumbnail\" alt=\"\" srcset=\"https:\/\/oi-paris.com\/wordpress\/wp-content\/uploads\/2016\/05\/Trouble-amaury-marquez-OI-Paris-150x150.jpg 150w, https:\/\/oi-paris.com\/wordpress\/wp-content\/uploads\/2016\/05\/Trouble-amaury-marquez-OI-Paris-160x160.jpg 160w, https:\/\/oi-paris.com\/wordpress\/wp-content\/uploads\/2016\/05\/Trouble-amaury-marquez-OI-Paris-320x320.jpg 320w\" sizes=\"auto, (max-width: 150px) 100vw, 150px\" \/><\/a>\n\t\t\t<\/dt><\/dl><dl class='gallery-item'>\n\t\t\t<dt class='gallery-icon landscape'>\n\t\t\t\t<a href='https:\/\/oi-paris.com\/wordpress\/wp-content\/uploads\/2016\/05\/crypte-nadir-merkal-OI-Paris.jpg' title=\"\" data-rl_title=\"\" class=\"rl-gallery-link\" data-rl_caption=\"\" data-rel=\"lightbox-gallery-2\"><img loading=\"lazy\" decoding=\"async\" width=\"150\" height=\"150\" src=\"https:\/\/oi-paris.com\/wordpress\/wp-content\/uploads\/2016\/05\/crypte-nadir-merkal-OI-Paris-150x150.jpg\" class=\"attachment-thumbnail size-thumbnail\" alt=\"\" srcset=\"https:\/\/oi-paris.com\/wordpress\/wp-content\/uploads\/2016\/05\/crypte-nadir-merkal-OI-Paris-150x150.jpg 150w, https:\/\/oi-paris.com\/wordpress\/wp-content\/uploads\/2016\/05\/crypte-nadir-merkal-OI-Paris-160x160.jpg 160w, https:\/\/oi-paris.com\/wordpress\/wp-content\/uploads\/2016\/05\/crypte-nadir-merkal-OI-Paris-320x320.jpg 320w\" sizes=\"auto, (max-width: 150px) 100vw, 150px\" \/><\/a>\n\t\t\t<\/dt><\/dl><br style=\"clear: both\" \/><dl class='gallery-item'>\n\t\t\t<dt class='gallery-icon landscape'>\n\t\t\t\t<a href='https:\/\/oi-paris.com\/wordpress\/wp-content\/uploads\/2016\/05\/Pluie_rose_borezee_annie_OI_Paris.jpg' title=\"\" data-rl_title=\"\" class=\"rl-gallery-link\" data-rl_caption=\"\" data-rel=\"lightbox-gallery-2\"><img loading=\"lazy\" decoding=\"async\" width=\"150\" height=\"150\" src=\"https:\/\/oi-paris.com\/wordpress\/wp-content\/uploads\/2016\/05\/Pluie_rose_borezee_annie_OI_Paris-150x150.jpg\" class=\"attachment-thumbnail size-thumbnail\" alt=\"\" srcset=\"https:\/\/oi-paris.com\/wordpress\/wp-content\/uploads\/2016\/05\/Pluie_rose_borezee_annie_OI_Paris-150x150.jpg 150w, https:\/\/oi-paris.com\/wordpress\/wp-content\/uploads\/2016\/05\/Pluie_rose_borezee_annie_OI_Paris-160x160.jpg 160w, https:\/\/oi-paris.com\/wordpress\/wp-content\/uploads\/2016\/05\/Pluie_rose_borezee_annie_OI_Paris-320x320.jpg 320w\" sizes=\"auto, (max-width: 150px) 100vw, 150px\" \/><\/a>\n\t\t\t<\/dt><\/dl><dl class='gallery-item'>\n\t\t\t<dt class='gallery-icon landscape'>\n\t\t\t\t<a href='https:\/\/oi-paris.com\/wordpress\/wp-content\/uploads\/2016\/05\/vertige-Laure-Rousville-OI-Paris.jpg.jpg' title=\"\" data-rl_title=\"\" class=\"rl-gallery-link\" data-rl_caption=\"\" data-rel=\"lightbox-gallery-2\"><img loading=\"lazy\" decoding=\"async\" width=\"150\" height=\"150\" src=\"https:\/\/oi-paris.com\/wordpress\/wp-content\/uploads\/2016\/05\/vertige-Laure-Rousville-OI-Paris.jpg-150x150.jpg\" class=\"attachment-thumbnail size-thumbnail\" alt=\"\" srcset=\"https:\/\/oi-paris.com\/wordpress\/wp-content\/uploads\/2016\/05\/vertige-Laure-Rousville-OI-Paris.jpg-150x150.jpg 150w, https:\/\/oi-paris.com\/wordpress\/wp-content\/uploads\/2016\/05\/vertige-Laure-Rousville-OI-Paris.jpg-160x160.jpg 160w, https:\/\/oi-paris.com\/wordpress\/wp-content\/uploads\/2016\/05\/vertige-Laure-Rousville-OI-Paris.jpg-320x320.jpg 320w\" sizes=\"auto, (max-width: 150px) 100vw, 150px\" \/><\/a>\n\t\t\t<\/dt><\/dl><dl class='gallery-item'>\n\t\t\t<dt class='gallery-icon portrait'>\n\t\t\t\t<a href='https:\/\/oi-paris.com\/wordpress\/wp-content\/uploads\/2016\/05\/Tableau-rouge-amaury-marquez-OI-Paris.jpg' title=\"\" data-rl_title=\"\" class=\"rl-gallery-link\" data-rl_caption=\"\" data-rel=\"lightbox-gallery-2\"><img loading=\"lazy\" decoding=\"async\" width=\"150\" height=\"150\" src=\"https:\/\/oi-paris.com\/wordpress\/wp-content\/uploads\/2016\/05\/Tableau-rouge-amaury-marquez-OI-Paris-150x150.jpg\" class=\"attachment-thumbnail size-thumbnail\" alt=\"\" srcset=\"https:\/\/oi-paris.com\/wordpress\/wp-content\/uploads\/2016\/05\/Tableau-rouge-amaury-marquez-OI-Paris-150x150.jpg 150w, https:\/\/oi-paris.com\/wordpress\/wp-content\/uploads\/2016\/05\/Tableau-rouge-amaury-marquez-OI-Paris-160x160.jpg 160w, https:\/\/oi-paris.com\/wordpress\/wp-content\/uploads\/2016\/05\/Tableau-rouge-amaury-marquez-OI-Paris-320x320.jpg 320w\" sizes=\"auto, (max-width: 150px) 100vw, 150px\" \/><\/a>\n\t\t\t<\/dt><\/dl><br style=\"clear: both\" \/><dl class='gallery-item'>\n\t\t\t<dt class='gallery-icon landscape'>\n\t\t\t\t<a href='https:\/\/oi-paris.com\/wordpress\/wp-content\/uploads\/2016\/05\/La_fin_des_voyages-artaux-pierre_marie-OI-Paris.jpg' title=\"\" data-rl_title=\"\" class=\"rl-gallery-link\" data-rl_caption=\"\" data-rel=\"lightbox-gallery-2\"><img loading=\"lazy\" decoding=\"async\" width=\"150\" height=\"150\" src=\"https:\/\/oi-paris.com\/wordpress\/wp-content\/uploads\/2016\/05\/La_fin_des_voyages-artaux-pierre_marie-OI-Paris-150x150.jpg\" class=\"attachment-thumbnail size-thumbnail\" alt=\"\" srcset=\"https:\/\/oi-paris.com\/wordpress\/wp-content\/uploads\/2016\/05\/La_fin_des_voyages-artaux-pierre_marie-OI-Paris-150x150.jpg 150w, https:\/\/oi-paris.com\/wordpress\/wp-content\/uploads\/2016\/05\/La_fin_des_voyages-artaux-pierre_marie-OI-Paris-160x160.jpg 160w, https:\/\/oi-paris.com\/wordpress\/wp-content\/uploads\/2016\/05\/La_fin_des_voyages-artaux-pierre_marie-OI-Paris-320x320.jpg 320w\" sizes=\"auto, (max-width: 150px) 100vw, 150px\" \/><\/a>\n\t\t\t<\/dt><\/dl>\n\t\t\t<br style='clear: both' \/>\n\t\t<\/div>\n\n<p><span style=\"color: #000000;\">Les auteurs sont :<\/span><\/p>\n<p><span style=\"color: #000000;\">\u00a0<\/span><\/li>\n<li><span style=\"color: #000000;\">Annie B<\/span><\/li>\n<li><span style=\"color: #000000;\">Laure R<\/span><\/li>\n<li><span style=\"color: #000000;\">Amaury M<\/span><\/li>\n<li><span style=\"color: #000000;\">Nadir M<\/span><\/li>\n<li><span style=\"color: #000000;\">Pierre-Marie A<\/span><\/li>\n<\/ul>\n<p>&nbsp;<\/p>\n<p><span style=\"color: #000000;\"><strong>F\u00e9licitations \u00e0 Laure R dont la photo a \u00e9t\u00e9 remarqu\u00e9e.<\/strong><\/span><\/p>\n<p>&nbsp;<\/p>\n<p><span style=\"color: #000000;\">Les photos retenues lors du jugement seront expos\u00e9es \u00e0 la Poterne \u00e0 partir du 6\/06\/2016 avec un vernissage le 7\/06\/2016.<\/span><\/p>\n","protected":false},"excerpt":{"rendered":"<p>Le jugement du Salon individuel ayant eu lieu le 30 avril 2016, voici les photos qui seront expos\u00e9es : Monochrome Les auteurs sont : Michele D Aline U Nadir M &nbsp; Couleur Les auteurs&#46;&#46;&#46;<\/p>\n","protected":false},"author":1,"featured_media":3803,"comment_status":"closed","ping_status":"closed","sticky":false,"template":"","format":"standard","meta":{"_acf_changed":false,"_oasis_is_in_workflow":0,"_oasis_original":0,"_uag_custom_page_level_css":"","footnotes":""},"categories":[4,9],"tags":[],"class_list":["post-3798","post","type-post","status-publish","format-standard","has-post-thumbnail","hentry","category-concours","category-photo"],"acf":[],"uagb_featured_image_src":{"full":["https:\/\/oi-paris.com\/wordpress\/wp-content\/uploads\/2016\/05\/vertige-Laure-Rousville-OI-Paris.jpg.jpg",1440,1080,false],"thumbnail":["https:\/\/oi-paris.com\/wordpress\/wp-content\/uploads\/2016\/05\/vertige-Laure-Rousville-OI-Paris.jpg-150x150.jpg",150,150,true],"medium":["https:\/\/oi-paris.com\/wordpress\/wp-content\/uploads\/2016\/05\/vertige-Laure-Rousville-OI-Paris.jpg-300x225.jpg",300,225,true],"medium_large":["https:\/\/oi-paris.com\/wordpress\/wp-content\/uploads\/2016\/05\/vertige-Laure-Rousville-OI-Paris.jpg-768x576.jpg",768,576,true],"large":["https:\/\/oi-paris.com\/wordpress\/wp-content\/uploads\/2016\/05\/vertige-Laure-Rousville-OI-Paris.jpg-1024x768.jpg",1024,768,true],"1536x1536":["https:\/\/oi-paris.com\/wordpress\/wp-content\/uploads\/2016\/05\/vertige-Laure-Rousville-OI-Paris.jpg.jpg",1440,1080,false],"2048x2048":["https:\/\/oi-paris.com\/wordpress\/wp-content\/uploads\/2016\/05\/vertige-Laure-Rousville-OI-Paris.jpg.jpg",1440,1080,false],"thumb-small":["https:\/\/oi-paris.com\/wordpress\/wp-content\/uploads\/2016\/05\/vertige-Laure-Rousville-OI-Paris.jpg-160x160.jpg",80,80,true],"thumb-standard":["https:\/\/oi-paris.com\/wordpress\/wp-content\/uploads\/2016\/05\/vertige-Laure-Rousville-OI-Paris.jpg-320x320.jpg",320,320,true],"thumb-medium":["https:\/\/oi-paris.com\/wordpress\/wp-content\/uploads\/2016\/05\/vertige-Laure-Rousville-OI-Paris.jpg-520x245.jpg",520,245,true],"thumb-large":["https:\/\/oi-paris.com\/wordpress\/wp-content\/uploads\/2016\/05\/vertige-Laure-Rousville-OI-Paris.jpg-720x340.jpg",720,340,true],"thumb-xlarge":["https:\/\/oi-paris.com\/wordpress\/wp-content\/uploads\/2016\/05\/vertige-Laure-Rousville-OI-Paris.jpg.jpg",600,450,false],"thumb-xxlarge":["https:\/\/oi-paris.com\/wordpress\/wp-content\/uploads\/2016\/05\/vertige-Laure-Rousville-OI-Paris.jpg.jpg",667,500,false],"mailpoet_newsletter_max":["https:\/\/oi-paris.com\/wordpress\/wp-content\/uploads\/2016\/05\/vertige-Laure-Rousville-OI-Paris.jpg.jpg",1320,990,false]},"uagb_author_info":{"display_name":"stephane D","author_link":"https:\/\/oi-paris.com\/wordpress\/author\/stephane\/"},"uagb_comment_info":0,"uagb_excerpt":"Le jugement du Salon individuel ayant eu lieu le 30 avril 2016, voici les photos qui seront expos\u00e9es : Monochrome Les auteurs sont : Michele D Aline U Nadir M &nbsp; Couleur Les auteurs&#46;&#46;&#46;","_links":{"self":[{"href":"https:\/\/oi-paris.com\/wordpress\/wp-json\/wp\/v2\/posts\/3798","targetHints":{"allow":["GET"]}}],"collection":[{"href":"https:\/\/oi-paris.com\/wordpress\/wp-json\/wp\/v2\/posts"}],"about":[{"href":"https:\/\/oi-paris.com\/wordpress\/wp-json\/wp\/v2\/types\/post"}],"author":[{"embeddable":true,"href":"https:\/\/oi-paris.com\/wordpress\/wp-json\/wp\/v2\/users\/1"}],"replies":[{"embeddable":true,"href":"https:\/\/oi-paris.com\/wordpress\/wp-json\/wp\/v2\/comments?post=3798"}],"version-history":[{"count":3,"href":"https:\/\/oi-paris.com\/wordpress\/wp-json\/wp\/v2\/posts\/3798\/revisions"}],"predecessor-version":[{"id":3812,"href":"https:\/\/oi-paris.com\/wordpress\/wp-json\/wp\/v2\/posts\/3798\/revisions\/3812"}],"wp:featuredmedia":[{"embeddable":true,"href":"https:\/\/oi-paris.com\/wordpress\/wp-json\/wp\/v2\/media\/3803"}],"wp:attachment":[{"href":"https:\/\/oi-paris.com\/wordpress\/wp-json\/wp\/v2\/media?parent=3798"}],"wp:term":[{"taxonomy":"category","embeddable":true,"href":"https:\/\/oi-paris.com\/wordpress\/wp-json\/wp\/v2\/categories?post=3798"},{"taxonomy":"post_tag","embeddable":true,"href":"https:\/\/oi-paris.com\/wordpress\/wp-json\/wp\/v2\/tags?post=3798"}],"curies":[{"name":"wp","href":"https:\/\/api.w.org\/{rel}","templated":true}]}}