{"id":3894,"date":"2016-05-11T13:20:41","date_gmt":"2016-05-11T11:20:41","guid":{"rendered":"http:\/\/oi-paris.com\/wordpress\/?p=3894"},"modified":"2016-05-11T17:46:57","modified_gmt":"2016-05-11T15:46:57","slug":"exposition-au-musee-de-leternelle-la-preparation","status":"publish","type":"post","link":"https:\/\/oi-paris.com\/wordpress\/2016\/05\/11\/exposition-au-musee-de-leternelle-la-preparation\/","title":{"rendered":"Exposition au mus\u00e9e de l&#8217;\u00e9ternelle : La pr\u00e9paration"},"content":{"rendered":"<p><a style=\"color: #000000;\" href=\"http:\/\/oi-paris.com\/wordpress\/wp-content\/uploads\/2015\/08\/Photo-carre.jpg\" data-rel=\"lightbox-image-0\" data-rl_title=\"\" data-rl_caption=\"\" title=\"\"><img loading=\"lazy\" decoding=\"async\" class=\"alignnone wp-image-1415 size-thumbnail\" src=\"http:\/\/oi-paris.com\/wordpress\/wp-content\/uploads\/2015\/08\/Photo-carre-150x150.jpg\" alt=\"Photo-carre\" width=\"150\" height=\"150\" srcset=\"https:\/\/oi-paris.com\/wordpress\/wp-content\/uploads\/2015\/08\/Photo-carre-150x150.jpg 150w, https:\/\/oi-paris.com\/wordpress\/wp-content\/uploads\/2015\/08\/Photo-carre-300x300.jpg 300w, https:\/\/oi-paris.com\/wordpress\/wp-content\/uploads\/2015\/08\/Photo-carre-160x160.jpg 160w, https:\/\/oi-paris.com\/wordpress\/wp-content\/uploads\/2015\/08\/Photo-carre-320x320.jpg 320w, https:\/\/oi-paris.com\/wordpress\/wp-content\/uploads\/2015\/08\/Photo-carre.jpg 463w\" sizes=\"auto, (max-width: 150px) 100vw, 150px\" \/><\/a><\/p>\n<p><span style=\"color: #000000;\">Le mus\u00e9e de l&#8217;\u00e9ternelle nous propose d&#8217;exposer au sein de sa galerie associative durant le mois de juin. <\/span><\/p>\n<p><span style=\"color: #000000;\">Le th\u00e8me pour cette exposition est ax\u00e9 sur la ville (photo de rue, photo urbaine etc &#8230;). Pour les photographes voulant participer, pouvez vous pr\u00e9parer, imprimer et mettre sous marie-louise 1 \u00e0 2 photos pour le 31 mai 2016 ?<\/span><\/p>\n<p><span style=\"color: #000000;\">Les membres qui ne sont pas autonomes pour l&#8217;impression veuillez venir le 31 mai 2016 \u00e0 partir de 18h30 avec vos fichiers\u00a0en haute r\u00e9solution et pr\u00eates \u00e0 \u00eatre imprim\u00e9es.<\/span><\/p>\n<p><span style=\"color: #000000;\">\u00a0Une boite est \u00e0 disposition au club pour stocker vos photos pr\u00eates.<\/span><\/p>\n<p><span style=\"color: #000000;\">L&#8217;accrochage aura lieu le jour m\u00eame.<\/span><\/p>\n<p><span style=\"color: #000000;\">C&#8217;est o\u00f9 ?<\/span><\/p>\n<p><span style=\"color: #000000;\">Maison des associations 8 rue Brillat-Savarin 75013 Paris.<br \/>\n<\/span><\/p>\n<h3><span style=\"color: #000000;\">C&#8217;est quand ?<\/span><\/h3>\n<p><span style=\"color: #000000;\">Mardi 31 Mai 2016 \u00e0 partir de 18h30<\/span><\/p>\n<h3><span style=\"color: #000000;\">Contacts<\/span><\/h3>\n<p><span style=\"color: #000000;\">\u00a0<span style=\"color: #0000ff;\"><a style=\"color: #0000ff;\" href=\"mailto:pebeauchaud@free.fr\">Pierre-Emmanuel<\/a><\/span><\/span><\/p>\n","protected":false},"excerpt":{"rendered":"<p>Le mus\u00e9e de l&#8217;\u00e9ternelle nous propose d&#8217;exposer au sein de sa galerie associative durant le mois de juin. Le th\u00e8me pour cette exposition est ax\u00e9 sur la ville (photo de rue, photo urbaine etc&#46;&#46;&#46;<\/p>\n","protected":false},"author":1,"featured_media":3906,"comment_status":"closed","ping_status":"closed","sticky":false,"template":"","format":"standard","meta":{"_acf_changed":false,"_oasis_is_in_workflow":0,"_oasis_original":0,"_uag_custom_page_level_css":"","footnotes":""},"categories":[25,5,9],"tags":[],"class_list":["post-3894","post","type-post","status-publish","format-standard","has-post-thumbnail","hentry","category-ca-se-passe-au-club","category-exposition","category-photo"],"acf":[],"uagb_featured_image_src":{"full":["https:\/\/oi-paris.com\/wordpress\/wp-content\/uploads\/2016\/05\/Une-musee-eternelle.jpg",980,463,false],"thumbnail":["https:\/\/oi-paris.com\/wordpress\/wp-content\/uploads\/2016\/05\/Une-musee-eternelle-150x150.jpg",150,150,true],"medium":["https:\/\/oi-paris.com\/wordpress\/wp-content\/uploads\/2016\/05\/Une-musee-eternelle-300x142.jpg",300,142,true],"medium_large":["https:\/\/oi-paris.com\/wordpress\/wp-content\/uploads\/2016\/05\/Une-musee-eternelle-768x363.jpg",768,363,true],"large":["https:\/\/oi-paris.com\/wordpress\/wp-content\/uploads\/2016\/05\/Une-musee-eternelle.jpg",980,463,false],"1536x1536":["https:\/\/oi-paris.com\/wordpress\/wp-content\/uploads\/2016\/05\/Une-musee-eternelle.jpg",980,463,false],"2048x2048":["https:\/\/oi-paris.com\/wordpress\/wp-content\/uploads\/2016\/05\/Une-musee-eternelle.jpg",980,463,false],"thumb-small":["https:\/\/oi-paris.com\/wordpress\/wp-content\/uploads\/2016\/05\/Une-musee-eternelle-160x160.jpg",80,80,true],"thumb-standard":["https:\/\/oi-paris.com\/wordpress\/wp-content\/uploads\/2016\/05\/Une-musee-eternelle-320x320.jpg",320,320,true],"thumb-medium":["https:\/\/oi-paris.com\/wordpress\/wp-content\/uploads\/2016\/05\/Une-musee-eternelle-520x245.jpg",520,245,true],"thumb-large":["https:\/\/oi-paris.com\/wordpress\/wp-content\/uploads\/2016\/05\/Une-musee-eternelle-720x340.jpg",720,340,true],"thumb-xlarge":["https:\/\/oi-paris.com\/wordpress\/wp-content\/uploads\/2016\/05\/Une-musee-eternelle.jpg",952,450,false],"thumb-xxlarge":["https:\/\/oi-paris.com\/wordpress\/wp-content\/uploads\/2016\/05\/Une-musee-eternelle.jpg",980,463,false],"mailpoet_newsletter_max":["https:\/\/oi-paris.com\/wordpress\/wp-content\/uploads\/2016\/05\/Une-musee-eternelle.jpg",980,463,false]},"uagb_author_info":{"display_name":"stephane D","author_link":"https:\/\/oi-paris.com\/wordpress\/author\/stephane\/"},"uagb_comment_info":0,"uagb_excerpt":"Le mus\u00e9e de l&#8217;\u00e9ternelle nous propose d&#8217;exposer au sein de sa galerie associative durant le mois de juin. Le th\u00e8me pour cette exposition est ax\u00e9 sur la ville (photo de rue, photo urbaine etc&#46;&#46;&#46;","_links":{"self":[{"href":"https:\/\/oi-paris.com\/wordpress\/wp-json\/wp\/v2\/posts\/3894","targetHints":{"allow":["GET"]}}],"collection":[{"href":"https:\/\/oi-paris.com\/wordpress\/wp-json\/wp\/v2\/posts"}],"about":[{"href":"https:\/\/oi-paris.com\/wordpress\/wp-json\/wp\/v2\/types\/post"}],"author":[{"embeddable":true,"href":"https:\/\/oi-paris.com\/wordpress\/wp-json\/wp\/v2\/users\/1"}],"replies":[{"embeddable":true,"href":"https:\/\/oi-paris.com\/wordpress\/wp-json\/wp\/v2\/comments?post=3894"}],"version-history":[{"count":5,"href":"https:\/\/oi-paris.com\/wordpress\/wp-json\/wp\/v2\/posts\/3894\/revisions"}],"predecessor-version":[{"id":3913,"href":"https:\/\/oi-paris.com\/wordpress\/wp-json\/wp\/v2\/posts\/3894\/revisions\/3913"}],"wp:featuredmedia":[{"embeddable":true,"href":"https:\/\/oi-paris.com\/wordpress\/wp-json\/wp\/v2\/media\/3906"}],"wp:attachment":[{"href":"https:\/\/oi-paris.com\/wordpress\/wp-json\/wp\/v2\/media?parent=3894"}],"wp:term":[{"taxonomy":"category","embeddable":true,"href":"https:\/\/oi-paris.com\/wordpress\/wp-json\/wp\/v2\/categories?post=3894"},{"taxonomy":"post_tag","embeddable":true,"href":"https:\/\/oi-paris.com\/wordpress\/wp-json\/wp\/v2\/tags?post=3894"}],"curies":[{"name":"wp","href":"https:\/\/api.w.org\/{rel}","templated":true}]}}