{"id":4688,"date":"2016-11-17T16:35:00","date_gmt":"2016-11-17T14:35:00","guid":{"rendered":"http:\/\/oi-paris.com\/wordpress\/?p=4688"},"modified":"2016-11-18T17:10:35","modified_gmt":"2016-11-18T15:10:35","slug":"quest-ce-quune-photo-panoramique","status":"publish","type":"post","link":"https:\/\/oi-paris.com\/wordpress\/2016\/11\/17\/quest-ce-quune-photo-panoramique\/","title":{"rendered":"Qu&#8217;est ce qu&#8217;une photo panoramique ?"},"content":{"rendered":"<p><span style=\"color: #000000;\"><img loading=\"lazy\" decoding=\"async\" class=\"alignnone wp-image-1414\" src=\"http:\/\/oi-paris.com\/wordpress\/wp-content\/uploads\/2015\/08\/Outils-carre-300x300.jpg\" alt=\"Outils-carre\" width=\"211\" height=\"211\" srcset=\"https:\/\/oi-paris.com\/wordpress\/wp-content\/uploads\/2015\/08\/Outils-carre-300x300.jpg 300w, https:\/\/oi-paris.com\/wordpress\/wp-content\/uploads\/2015\/08\/Outils-carre-150x150.jpg 150w, https:\/\/oi-paris.com\/wordpress\/wp-content\/uploads\/2015\/08\/Outils-carre-160x160.jpg 160w, https:\/\/oi-paris.com\/wordpress\/wp-content\/uploads\/2015\/08\/Outils-carre-320x320.jpg 320w, https:\/\/oi-paris.com\/wordpress\/wp-content\/uploads\/2015\/08\/Outils-carre.jpg 463w\" sizes=\"auto, (max-width: 211px) 100vw, 211px\" \/><\/span><\/p>\n<p><span style=\"text-decoration: underline; color: #000000;\"><strong>D\u00e9finition :<\/strong><\/span><\/p>\n<p><span style=\"color: #000000;\">&#8220;Photo panoramique&#8221; est le terme commun pour photo \u00e0 large champ de vision. Ce terme englobe toutes les photos dont le rapport est sup\u00e9rieur \u00e0 1:3.<\/span><\/p>\n<p><span style=\"color: #000000;\">Si L est le grand cot\u00e9 de la photo et l le petit cot\u00e9 :<\/span><\/p>\n<p><span style=\"color: #000000;\">L\/l &gt;3<\/span><\/p>\n<p><span style=\"color: #000000;\">voici des exemples :<\/span><\/p>\n<p>&nbsp;<\/p>\n<p><span style=\"color: #000000;\"><img loading=\"lazy\" decoding=\"async\" class=\"aligncenter wp-image-4689 size-full\" src=\"http:\/\/oi-paris.com\/wordpress\/wp-content\/uploads\/2016\/11\/rapport-hauteur-largeur-1-7.jpg\" alt=\"rapport-hauteur-largeur-1-7\" width=\"600\" height=\"171\" srcset=\"https:\/\/oi-paris.com\/wordpress\/wp-content\/uploads\/2016\/11\/rapport-hauteur-largeur-1-7.jpg 600w, https:\/\/oi-paris.com\/wordpress\/wp-content\/uploads\/2016\/11\/rapport-hauteur-largeur-1-7-300x86.jpg 300w\" sizes=\"auto, (max-width: 600px) 100vw, 600px\" \/><\/span><\/p>\n<p><span style=\"color: #000000;\"><img loading=\"lazy\" decoding=\"async\" class=\"aligncenter wp-image-4690 size-full\" src=\"http:\/\/oi-paris.com\/wordpress\/wp-content\/uploads\/2016\/11\/rapport-hauteur-largeur-1-3.jpg\" alt=\"rapport-hauteur-largeur-1-3\" width=\"600\" height=\"291\" srcset=\"https:\/\/oi-paris.com\/wordpress\/wp-content\/uploads\/2016\/11\/rapport-hauteur-largeur-1-3.jpg 600w, https:\/\/oi-paris.com\/wordpress\/wp-content\/uploads\/2016\/11\/rapport-hauteur-largeur-1-3-300x146.jpg 300w\" sizes=\"auto, (max-width: 600px) 100vw, 600px\" \/><\/span><\/p>\n<p><span style=\"color: #000000;\">Si le rapport est inf\u00e9rieure \u00e0 3 la photo n&#8217;est pas plaisante \u00e0 regarder<\/span><\/p>\n<p><span style=\"text-decoration: underline; color: #000000;\"><strong>Technique :<\/strong><\/span><\/p>\n<p><span style=\"color: #000000;\">Il y a plusieurs 3 fa\u00e7ons d&#8217;obtenir ce type de photo :<\/span><\/p>\n<ul>\n<li><span style=\"color: #000000;\">\u00e0 la prise de vue<\/span><\/li>\n<li><span style=\"color: #000000;\">par collage ou assemblage de plusieurs photos<\/span><\/li>\n<li><span style=\"color: #000000;\">par recadrage<\/span><\/li>\n<\/ul>\n<p><span style=\"color: #000000;\">prise de vue :<\/span><\/p>\n<p><span style=\"color: #000000;\">Certains\u00a0appareils photo num\u00e9riques ou smartphones ont un mode de photo panoramique. Ce type d\u2019appareils permettent des prises de vue directement en grand format. Il existe aussi des appareils photo argentiques qui permettent de faire des prises de vue &#8220;panoramique&#8221;.<\/span><\/p>\n<p><span style=\"color: #000000;\">Il faut s\u00e9lectionner le mode panoramique et suivre les instructions pour la prise de vue.<\/span><\/p>\n<p><span style=\"color: #000000;\">Assemblage de photos :<\/span><\/p>\n<p><span style=\"color: #000000;\">Lors de la prise de vue, il faut faire plusieurs photos. Ces photos doivent se superposer \u00e0 environ 20%. Il faut r\u00e9gler son appareil \u00e0 priorit\u00e9 \u00e0 l&#8217;ouverture et utiliser une ouverture sup\u00e9rieur \u00e0 f\/8. La balance des blanc ne doit pas \u00eatre en automatique et il faut contr\u00f4ler l&#8217;exposition.<\/span><\/p>\n<p><span style=\"color: #000000;\">L&#8217;assemblage en argentique se fait \u00e0 l&#8217;aide de bandes autocollantes.<\/span><\/p>\n<p><span style=\"color: #000000;\"><img loading=\"lazy\" decoding=\"async\" class=\"aligncenter wp-image-4695 size-full\" src=\"http:\/\/oi-paris.com\/wordpress\/wp-content\/uploads\/2016\/11\/Panorama_de_Verdun_vue_prise_du_Fort_de_la_Chaume_1917.jpg\" alt=\"panorama_de_verdun_vue_prise_du_fort_de_la_chaume_1917\" width=\"800\" height=\"87\" srcset=\"https:\/\/oi-paris.com\/wordpress\/wp-content\/uploads\/2016\/11\/Panorama_de_Verdun_vue_prise_du_Fort_de_la_Chaume_1917.jpg 800w, https:\/\/oi-paris.com\/wordpress\/wp-content\/uploads\/2016\/11\/Panorama_de_Verdun_vue_prise_du_Fort_de_la_Chaume_1917-300x33.jpg 300w, https:\/\/oi-paris.com\/wordpress\/wp-content\/uploads\/2016\/11\/Panorama_de_Verdun_vue_prise_du_Fort_de_la_Chaume_1917-768x84.jpg 768w, https:\/\/oi-paris.com\/wordpress\/wp-content\/uploads\/2016\/11\/Panorama_de_Verdun_vue_prise_du_Fort_de_la_Chaume_1917-600x65.jpg 600w\" sizes=\"auto, (max-width: 800px) 100vw, 800px\" \/><\/span><\/p>\n<p><span style=\"color: #000000;\">En num\u00e9rique, l&#8217;assemblage se fait gr\u00e2ce \u00e0 un logiciel. Il en existe plusieurs :<\/span><\/p>\n<ul>\n<li><span style=\"color: #000000;\">Photoshop<\/span><\/li>\n<li><span style=\"color: #000000;\">Lightroom<\/span><\/li>\n<li><span style=\"color: #000000;\">Hugin \u00a0<a style=\"color: #000000;\" href=\"http:\/\/hugin.sourceforge.net\/\">Site de t\u00e9l\u00e9chargement<\/a>\u00a0(gratuit)<\/span><\/li>\n<li><span style=\"color: #000000;\">Etc &#8230;<\/span><\/li>\n<\/ul>\n<p><span style=\"color: #000000;\"><img loading=\"lazy\" decoding=\"async\" class=\"aligncenter wp-image-4697 size-full\" src=\"http:\/\/oi-paris.com\/wordpress\/wp-content\/uploads\/2016\/11\/Piste_dentrainement_de_Groenendael.jpg\" alt=\"piste_dentrainement_de_groenendael\" width=\"800\" height=\"179\" srcset=\"https:\/\/oi-paris.com\/wordpress\/wp-content\/uploads\/2016\/11\/Piste_dentrainement_de_Groenendael.jpg 800w, https:\/\/oi-paris.com\/wordpress\/wp-content\/uploads\/2016\/11\/Piste_dentrainement_de_Groenendael-300x67.jpg 300w, https:\/\/oi-paris.com\/wordpress\/wp-content\/uploads\/2016\/11\/Piste_dentrainement_de_Groenendael-768x172.jpg 768w, https:\/\/oi-paris.com\/wordpress\/wp-content\/uploads\/2016\/11\/Piste_dentrainement_de_Groenendael-600x134.jpg 600w\" sizes=\"auto, (max-width: 800px) 100vw, 800px\" \/><\/span><\/p>\n<p><span style=\"color: #000000;\">ou<\/span><\/p>\n<p><img loading=\"lazy\" decoding=\"async\" class=\"aligncenter wp-image-4710 size-full\" src=\"http:\/\/oi-paris.com\/wordpress\/wp-content\/uploads\/2016\/11\/Tour_Eiffel_-_First_Panography_by_Alexandre_Duret-Lutz.png\" alt=\"tour_eiffel_-_first_panography_by_alexandre_duret-lutz\" width=\"400\" height=\"600\" srcset=\"https:\/\/oi-paris.com\/wordpress\/wp-content\/uploads\/2016\/11\/Tour_Eiffel_-_First_Panography_by_Alexandre_Duret-Lutz.png 400w, https:\/\/oi-paris.com\/wordpress\/wp-content\/uploads\/2016\/11\/Tour_Eiffel_-_First_Panography_by_Alexandre_Duret-Lutz-200x300.png 200w\" sizes=\"auto, (max-width: 400px) 100vw, 400px\" \/><\/p>\n<p><span style=\"color: #000000;\">Il est aussi possible d&#8217;obtenir par recadrage de la photo dans un outil de traitement. Il suffit alors de prendre une partie de la photo.<\/span><\/p>\n<p><span style=\"color: #000000;\"><img loading=\"lazy\" decoding=\"async\" class=\"aligncenter wp-image-4699 size-full\" src=\"http:\/\/oi-paris.com\/wordpress\/wp-content\/uploads\/2016\/11\/photo-pano-reperage-1236.jpg\" alt=\"photo-pano-reperage-1236\" width=\"600\" height=\"190\" srcset=\"https:\/\/oi-paris.com\/wordpress\/wp-content\/uploads\/2016\/11\/photo-pano-reperage-1236.jpg 600w, https:\/\/oi-paris.com\/wordpress\/wp-content\/uploads\/2016\/11\/photo-pano-reperage-1236-300x95.jpg 300w\" sizes=\"auto, (max-width: 600px) 100vw, 600px\" \/><\/span><\/p>\n<p>&nbsp;<\/p>\n<p><span style=\"color: #000000;\"><img loading=\"lazy\" decoding=\"async\" class=\"aligncenter wp-image-4700 size-full\" src=\"http:\/\/oi-paris.com\/wordpress\/wp-content\/uploads\/2016\/11\/Photo-2436-recadree.jpg\" alt=\"photo-2436-recadree\" width=\"300\" height=\"200\" \/><\/span><\/p>\n<p><span style=\"color: #000000;\"><strong>Composition :<\/strong><\/span><\/p>\n<p><span style=\"color: #000000;\">Les r\u00e8gles de compositions classiques s&#8217;appliquent \u00e0 la &#8220;photo panoramique&#8221;. Le format permet de mettre en avant des lignes, des fuyantes ou une composition graphique.<\/span><\/p>\n<p><span style=\"color: #000000;\"><img loading=\"lazy\" decoding=\"async\" class=\"aligncenter wp-image-4701 size-large\" src=\"http:\/\/oi-paris.com\/wordpress\/wp-content\/uploads\/2016\/11\/13581-france-Alpes-de-Haute-Provence-Lavandes-plateau-de-Valensole-panorama-sentucq.h-1024x342.jpg\" alt=\"13581-france-alpes-de-haute-provence-lavandes-plateau-de-valensole-panorama-sentucq-h\" width=\"1024\" height=\"342\" srcset=\"https:\/\/oi-paris.com\/wordpress\/wp-content\/uploads\/2016\/11\/13581-france-Alpes-de-Haute-Provence-Lavandes-plateau-de-Valensole-panorama-sentucq.h-1024x342.jpg 1024w, https:\/\/oi-paris.com\/wordpress\/wp-content\/uploads\/2016\/11\/13581-france-Alpes-de-Haute-Provence-Lavandes-plateau-de-Valensole-panorama-sentucq.h-300x100.jpg 300w, https:\/\/oi-paris.com\/wordpress\/wp-content\/uploads\/2016\/11\/13581-france-Alpes-de-Haute-Provence-Lavandes-plateau-de-Valensole-panorama-sentucq.h-768x256.jpg 768w, https:\/\/oi-paris.com\/wordpress\/wp-content\/uploads\/2016\/11\/13581-france-Alpes-de-Haute-Provence-Lavandes-plateau-de-Valensole-panorama-sentucq.h-600x200.jpg 600w, https:\/\/oi-paris.com\/wordpress\/wp-content\/uploads\/2016\/11\/13581-france-Alpes-de-Haute-Provence-Lavandes-plateau-de-Valensole-panorama-sentucq.h.jpg 2000w\" sizes=\"auto, (max-width: 1024px) 100vw, 1024px\" \/><\/span><\/p>\n<p><span style=\"color: #000000;\">La photo peut \u00eatre verticale pour mettre en avant un immeuble, un \u00e9l\u00e9ment architectural, &#8230;<\/span><\/p>\n<p>&nbsp;<\/p>\n<p class=\"aligncenter\"><span style=\"color: #000000;\"><img loading=\"lazy\" decoding=\"async\" class=\"aligncenter wp-image-4702 size-full\" src=\"http:\/\/oi-paris.com\/wordpress\/wp-content\/uploads\/2016\/11\/Richard-Silver-vertical-churches-5.jpg\" alt=\"richard-silver-vertical-churches-5\" width=\"610\" height=\"1830\" srcset=\"https:\/\/oi-paris.com\/wordpress\/wp-content\/uploads\/2016\/11\/Richard-Silver-vertical-churches-5.jpg 610w, https:\/\/oi-paris.com\/wordpress\/wp-content\/uploads\/2016\/11\/Richard-Silver-vertical-churches-5-100x300.jpg 100w, https:\/\/oi-paris.com\/wordpress\/wp-content\/uploads\/2016\/11\/Richard-Silver-vertical-churches-5-341x1024.jpg 341w, https:\/\/oi-paris.com\/wordpress\/wp-content\/uploads\/2016\/11\/Richard-Silver-vertical-churches-5-600x1800.jpg 600w\" sizes=\"auto, (max-width: 610px) 100vw, 610px\" \/><\/span><\/p>\n<p class=\"aligncenter\"><span style=\"color: #000000;\"> <img loading=\"lazy\" decoding=\"async\" class=\"aligncenter wp-image-4703 size-full\" src=\"http:\/\/oi-paris.com\/wordpress\/wp-content\/uploads\/2016\/11\/philippe-hugonnard-vertical-panoramique-d-harlem-a-new-york.jpg\" alt=\"philippe-hugonnard-vertical-panoramique-d-harlem-a-new-york\" width=\"163\" height=\"488\" srcset=\"https:\/\/oi-paris.com\/wordpress\/wp-content\/uploads\/2016\/11\/philippe-hugonnard-vertical-panoramique-d-harlem-a-new-york.jpg 163w, https:\/\/oi-paris.com\/wordpress\/wp-content\/uploads\/2016\/11\/philippe-hugonnard-vertical-panoramique-d-harlem-a-new-york-100x300.jpg 100w\" sizes=\"auto, (max-width: 163px) 100vw, 163px\" \/><\/span><\/p>\n<p class=\"aligncenter\"><span style=\"color: #000000;\"> <img loading=\"lazy\" decoding=\"async\" class=\"aligncenter wp-image-4704 size-full\" src=\"http:\/\/oi-paris.com\/wordpress\/wp-content\/uploads\/2016\/11\/pia0001000395.jpg\" alt=\"pia0001000395\" width=\"1920\" height=\"4912\" srcset=\"https:\/\/oi-paris.com\/wordpress\/wp-content\/uploads\/2016\/11\/pia0001000395.jpg 1920w, https:\/\/oi-paris.com\/wordpress\/wp-content\/uploads\/2016\/11\/pia0001000395-117x300.jpg 117w, https:\/\/oi-paris.com\/wordpress\/wp-content\/uploads\/2016\/11\/pia0001000395-768x1965.jpg 768w, https:\/\/oi-paris.com\/wordpress\/wp-content\/uploads\/2016\/11\/pia0001000395-400x1024.jpg 400w, https:\/\/oi-paris.com\/wordpress\/wp-content\/uploads\/2016\/11\/pia0001000395-600x1535.jpg 600w\" sizes=\"auto, (max-width: 1920px) 100vw, 1920px\" \/><\/span><\/p>\n<p class=\"aligncenter\"><span style=\"color: #000000;\">Le format peut servir aussi \u00e0 mettre en avant une sc\u00e8ne de vie.<\/span><\/p>\n<p class=\"aligncenter\"><span style=\"color: #000000;\">\u00a0<img loading=\"lazy\" decoding=\"async\" class=\"aligncenter wp-image-4705 size-full\" src=\"http:\/\/oi-paris.com\/wordpress\/wp-content\/uploads\/2016\/11\/marrakech_1600x605_panoramique.jpg\" alt=\"marrakech_1600x605_panoramique\" width=\"1600\" height=\"605\" srcset=\"https:\/\/oi-paris.com\/wordpress\/wp-content\/uploads\/2016\/11\/marrakech_1600x605_panoramique.jpg 1600w, https:\/\/oi-paris.com\/wordpress\/wp-content\/uploads\/2016\/11\/marrakech_1600x605_panoramique-300x113.jpg 300w, https:\/\/oi-paris.com\/wordpress\/wp-content\/uploads\/2016\/11\/marrakech_1600x605_panoramique-768x290.jpg 768w, https:\/\/oi-paris.com\/wordpress\/wp-content\/uploads\/2016\/11\/marrakech_1600x605_panoramique-1024x387.jpg 1024w, https:\/\/oi-paris.com\/wordpress\/wp-content\/uploads\/2016\/11\/marrakech_1600x605_panoramique-600x227.jpg 600w\" sizes=\"auto, (max-width: 1600px) 100vw, 1600px\" \/><\/span><\/p>\n<p class=\"aligncenter\"><span style=\"color: #000000;\"> <img loading=\"lazy\" decoding=\"async\" class=\"aligncenter wp-image-4706 size-full\" src=\"http:\/\/oi-paris.com\/wordpress\/wp-content\/uploads\/2016\/11\/ghana_1600x605_panoramique.jpg\" alt=\"ghana_1600x605_panoramique\" width=\"1600\" height=\"605\" srcset=\"https:\/\/oi-paris.com\/wordpress\/wp-content\/uploads\/2016\/11\/ghana_1600x605_panoramique.jpg 1600w, https:\/\/oi-paris.com\/wordpress\/wp-content\/uploads\/2016\/11\/ghana_1600x605_panoramique-300x113.jpg 300w, https:\/\/oi-paris.com\/wordpress\/wp-content\/uploads\/2016\/11\/ghana_1600x605_panoramique-768x290.jpg 768w, https:\/\/oi-paris.com\/wordpress\/wp-content\/uploads\/2016\/11\/ghana_1600x605_panoramique-1024x387.jpg 1024w, https:\/\/oi-paris.com\/wordpress\/wp-content\/uploads\/2016\/11\/ghana_1600x605_panoramique-600x227.jpg 600w\" sizes=\"auto, (max-width: 1600px) 100vw, 1600px\" \/><\/span><\/p>\n<p class=\"aligncenter\"><span style=\"color: #000000;\">ou un paysage.<\/span><\/p>\n<p class=\"aligncenter\"><span style=\"color: #000000;\"><img loading=\"lazy\" decoding=\"async\" class=\"aligncenter wp-image-4707 size-full\" src=\"http:\/\/oi-paris.com\/wordpress\/wp-content\/uploads\/2016\/11\/14563-espagne-Recif-des-Sirenes-Cabo-de-Gata-panorama-sentucq.h.jpg\" alt=\"14563-espagne-recif-des-sirenes-cabo-de-gata-panorama-sentucq-h\" width=\"2000\" height=\"667\" srcset=\"https:\/\/oi-paris.com\/wordpress\/wp-content\/uploads\/2016\/11\/14563-espagne-Recif-des-Sirenes-Cabo-de-Gata-panorama-sentucq.h.jpg 2000w, https:\/\/oi-paris.com\/wordpress\/wp-content\/uploads\/2016\/11\/14563-espagne-Recif-des-Sirenes-Cabo-de-Gata-panorama-sentucq.h-300x100.jpg 300w, https:\/\/oi-paris.com\/wordpress\/wp-content\/uploads\/2016\/11\/14563-espagne-Recif-des-Sirenes-Cabo-de-Gata-panorama-sentucq.h-768x256.jpg 768w, https:\/\/oi-paris.com\/wordpress\/wp-content\/uploads\/2016\/11\/14563-espagne-Recif-des-Sirenes-Cabo-de-Gata-panorama-sentucq.h-1024x342.jpg 1024w, https:\/\/oi-paris.com\/wordpress\/wp-content\/uploads\/2016\/11\/14563-espagne-Recif-des-Sirenes-Cabo-de-Gata-panorama-sentucq.h-600x200.jpg 600w\" sizes=\"auto, (max-width: 2000px) 100vw, 2000px\" \/><\/span><\/p>\n<p class=\"aligncenter\"><span style=\"color: #000000;\">Il est aussi possible d&#8217;utiliser ce format pour du portrait ou de la photo studio.<\/span><\/p>\n<p class=\"aligncenter\"><img loading=\"lazy\" decoding=\"async\" class=\"aligncenter wp-image-4708 size-full\" src=\"http:\/\/oi-paris.com\/wordpress\/wp-content\/uploads\/2016\/11\/Prendre-sa-vie-en-main_imagePanoramique647_286.jpg\" alt=\"prendre-sa-vie-en-main_imagepanoramique647_286\" width=\"647\" height=\"286\" srcset=\"https:\/\/oi-paris.com\/wordpress\/wp-content\/uploads\/2016\/11\/Prendre-sa-vie-en-main_imagePanoramique647_286.jpg 647w, https:\/\/oi-paris.com\/wordpress\/wp-content\/uploads\/2016\/11\/Prendre-sa-vie-en-main_imagePanoramique647_286-300x133.jpg 300w, https:\/\/oi-paris.com\/wordpress\/wp-content\/uploads\/2016\/11\/Prendre-sa-vie-en-main_imagePanoramique647_286-600x265.jpg 600w\" sizes=\"auto, (max-width: 647px) 100vw, 647px\" \/><\/p>\n","protected":false},"excerpt":{"rendered":"<p>D\u00e9finition : &#8220;Photo panoramique&#8221; est le terme commun pour photo \u00e0 large champ de vision. Ce terme englobe toutes les photos dont le rapport est sup\u00e9rieur \u00e0 1:3. Si L est le grand cot\u00e9&#46;&#46;&#46;<\/p>\n","protected":false},"author":1,"featured_media":4692,"comment_status":"closed","ping_status":"closed","sticky":false,"template":"","format":"standard","meta":{"_acf_changed":false,"_oasis_is_in_workflow":0,"_oasis_original":0,"_uag_custom_page_level_css":"","footnotes":""},"categories":[9,11],"tags":[],"class_list":["post-4688","post","type-post","status-publish","format-standard","has-post-thumbnail","hentry","category-photo","category-trucs-et-astuces"],"acf":[],"uagb_featured_image_src":{"full":["https:\/\/oi-paris.com\/wordpress\/wp-content\/uploads\/2016\/11\/poster-mer-2.jpg",1900,950,false],"thumbnail":["https:\/\/oi-paris.com\/wordpress\/wp-content\/uploads\/2016\/11\/poster-mer-2-150x150.jpg",150,150,true],"medium":["https:\/\/oi-paris.com\/wordpress\/wp-content\/uploads\/2016\/11\/poster-mer-2-300x150.jpg",300,150,true],"medium_large":["https:\/\/oi-paris.com\/wordpress\/wp-content\/uploads\/2016\/11\/poster-mer-2-768x384.jpg",768,384,true],"large":["https:\/\/oi-paris.com\/wordpress\/wp-content\/uploads\/2016\/11\/poster-mer-2-1024x512.jpg",1024,512,true],"1536x1536":["https:\/\/oi-paris.com\/wordpress\/wp-content\/uploads\/2016\/11\/poster-mer-2.jpg",1536,768,false],"2048x2048":["https:\/\/oi-paris.com\/wordpress\/wp-content\/uploads\/2016\/11\/poster-mer-2.jpg",1900,950,false],"thumb-small":["https:\/\/oi-paris.com\/wordpress\/wp-content\/uploads\/2016\/11\/poster-mer-2-160x160.jpg",80,80,true],"thumb-standard":["https:\/\/oi-paris.com\/wordpress\/wp-content\/uploads\/2016\/11\/poster-mer-2-320x320.jpg",320,320,true],"thumb-medium":["https:\/\/oi-paris.com\/wordpress\/wp-content\/uploads\/2016\/11\/poster-mer-2-520x245.jpg",520,245,true],"thumb-large":["https:\/\/oi-paris.com\/wordpress\/wp-content\/uploads\/2016\/11\/poster-mer-2-720x340.jpg",720,340,true],"thumb-xlarge":["https:\/\/oi-paris.com\/wordpress\/wp-content\/uploads\/2016\/11\/poster-mer-2.jpg",900,450,false],"thumb-xxlarge":["https:\/\/oi-paris.com\/wordpress\/wp-content\/uploads\/2016\/11\/poster-mer-2.jpg",1000,500,false],"mailpoet_newsletter_max":["https:\/\/oi-paris.com\/wordpress\/wp-content\/uploads\/2016\/11\/poster-mer-2.jpg",1320,660,false]},"uagb_author_info":{"display_name":"stephane D","author_link":"https:\/\/oi-paris.com\/wordpress\/author\/stephane\/"},"uagb_comment_info":0,"uagb_excerpt":"D\u00e9finition : &#8220;Photo panoramique&#8221; est le terme commun pour photo \u00e0 large champ de vision. Ce terme englobe toutes les photos dont le rapport est sup\u00e9rieur \u00e0 1:3. Si L est le grand cot\u00e9&#46;&#46;&#46;","_links":{"self":[{"href":"https:\/\/oi-paris.com\/wordpress\/wp-json\/wp\/v2\/posts\/4688","targetHints":{"allow":["GET"]}}],"collection":[{"href":"https:\/\/oi-paris.com\/wordpress\/wp-json\/wp\/v2\/posts"}],"about":[{"href":"https:\/\/oi-paris.com\/wordpress\/wp-json\/wp\/v2\/types\/post"}],"author":[{"embeddable":true,"href":"https:\/\/oi-paris.com\/wordpress\/wp-json\/wp\/v2\/users\/1"}],"replies":[{"embeddable":true,"href":"https:\/\/oi-paris.com\/wordpress\/wp-json\/wp\/v2\/comments?post=4688"}],"version-history":[{"count":4,"href":"https:\/\/oi-paris.com\/wordpress\/wp-json\/wp\/v2\/posts\/4688\/revisions"}],"predecessor-version":[{"id":4711,"href":"https:\/\/oi-paris.com\/wordpress\/wp-json\/wp\/v2\/posts\/4688\/revisions\/4711"}],"wp:featuredmedia":[{"embeddable":true,"href":"https:\/\/oi-paris.com\/wordpress\/wp-json\/wp\/v2\/media\/4692"}],"wp:attachment":[{"href":"https:\/\/oi-paris.com\/wordpress\/wp-json\/wp\/v2\/media?parent=4688"}],"wp:term":[{"taxonomy":"category","embeddable":true,"href":"https:\/\/oi-paris.com\/wordpress\/wp-json\/wp\/v2\/categories?post=4688"},{"taxonomy":"post_tag","embeddable":true,"href":"https:\/\/oi-paris.com\/wordpress\/wp-json\/wp\/v2\/tags?post=4688"}],"curies":[{"name":"wp","href":"https:\/\/api.w.org\/{rel}","templated":true}]}}