{"id":5228,"date":"2017-01-17T16:59:00","date_gmt":"2017-01-17T14:59:00","guid":{"rendered":"http:\/\/oi-paris.com\/wordpress\/?p=5228"},"modified":"2017-01-18T12:00:06","modified_gmt":"2017-01-18T10:00:06","slug":"jeannine-propose-son-livre-de-photographies","status":"publish","type":"post","link":"https:\/\/oi-paris.com\/wordpress\/2017\/01\/17\/jeannine-propose-son-livre-de-photographies\/","title":{"rendered":"Jeannine propose son livre de photographies"},"content":{"rendered":"<p><span style=\"color: #000000;\">Jeannine Laik vient de publier son premier livre de photographies qui retrace dans un ordre chronologique, les diff\u00e9rents th\u00e8mes qu&#8217;elle a abord\u00e9s depuis son arriv\u00e9e \u00e0 Objectif Image Paris.<\/span><\/p>\n<p><span style=\"color: #000000;\">Une r\u00e9duction est accord\u00e9e aux adh\u00e9rents d&#8217;Objectif Image, soit : 30 euros<\/span><\/p>\n<p><span style=\"color: #000000;\">Bon de commande ci-joint<\/span><\/p>\n<p><a href=\"http:\/\/oi-paris.com\/wordpress\/wp-content\/uploads\/2017\/01\/invit-1.pdf\">invit-1<\/a><\/p>\n<p>&nbsp;<\/p>\n","protected":false},"excerpt":{"rendered":"<p>Jeannine Laik vient de publier son premier livre de photographies qui retrace dans un ordre chronologique, les diff\u00e9rents th\u00e8mes qu&#8217;elle a abord\u00e9s depuis son arriv\u00e9e \u00e0 Objectif Image Paris. Une r\u00e9duction est accord\u00e9e aux&#46;&#46;&#46;<\/p>\n","protected":false},"author":1,"featured_media":5230,"comment_status":"closed","ping_status":"closed","sticky":false,"template":"","format":"standard","meta":{"_acf_changed":false,"_oasis_is_in_workflow":0,"_oasis_original":0,"_uag_custom_page_level_css":"","footnotes":""},"categories":[22,9],"tags":[],"class_list":["post-5228","post","type-post","status-publish","format-standard","has-post-thumbnail","hentry","category-et-si-on-allait-voir","category-photo"],"acf":[],"uagb_featured_image_src":{"full":["https:\/\/oi-paris.com\/wordpress\/wp-content\/uploads\/2017\/01\/jeannine-livre.jpg",980,463,false],"thumbnail":["https:\/\/oi-paris.com\/wordpress\/wp-content\/uploads\/2017\/01\/jeannine-livre-150x150.jpg",150,150,true],"medium":["https:\/\/oi-paris.com\/wordpress\/wp-content\/uploads\/2017\/01\/jeannine-livre-300x142.jpg",300,142,true],"medium_large":["https:\/\/oi-paris.com\/wordpress\/wp-content\/uploads\/2017\/01\/jeannine-livre-768x363.jpg",768,363,true],"large":["https:\/\/oi-paris.com\/wordpress\/wp-content\/uploads\/2017\/01\/jeannine-livre.jpg",980,463,false],"1536x1536":["https:\/\/oi-paris.com\/wordpress\/wp-content\/uploads\/2017\/01\/jeannine-livre.jpg",980,463,false],"2048x2048":["https:\/\/oi-paris.com\/wordpress\/wp-content\/uploads\/2017\/01\/jeannine-livre.jpg",980,463,false],"thumb-small":["https:\/\/oi-paris.com\/wordpress\/wp-content\/uploads\/2017\/01\/jeannine-livre-160x160.jpg",80,80,true],"thumb-standard":["https:\/\/oi-paris.com\/wordpress\/wp-content\/uploads\/2017\/01\/jeannine-livre-320x320.jpg",320,320,true],"thumb-medium":["https:\/\/oi-paris.com\/wordpress\/wp-content\/uploads\/2017\/01\/jeannine-livre-520x245.jpg",520,245,true],"thumb-large":["https:\/\/oi-paris.com\/wordpress\/wp-content\/uploads\/2017\/01\/jeannine-livre-720x340.jpg",720,340,true],"thumb-xlarge":["https:\/\/oi-paris.com\/wordpress\/wp-content\/uploads\/2017\/01\/jeannine-livre.jpg",952,450,false],"thumb-xxlarge":["https:\/\/oi-paris.com\/wordpress\/wp-content\/uploads\/2017\/01\/jeannine-livre.jpg",980,463,false],"mailpoet_newsletter_max":["https:\/\/oi-paris.com\/wordpress\/wp-content\/uploads\/2017\/01\/jeannine-livre.jpg",980,463,false]},"uagb_author_info":{"display_name":"stephane D","author_link":"https:\/\/oi-paris.com\/wordpress\/author\/stephane\/"},"uagb_comment_info":0,"uagb_excerpt":"Jeannine Laik vient de publier son premier livre de photographies qui retrace dans un ordre chronologique, les diff\u00e9rents th\u00e8mes qu&#8217;elle a abord\u00e9s depuis son arriv\u00e9e \u00e0 Objectif Image Paris. Une r\u00e9duction est accord\u00e9e aux&#46;&#46;&#46;","_links":{"self":[{"href":"https:\/\/oi-paris.com\/wordpress\/wp-json\/wp\/v2\/posts\/5228","targetHints":{"allow":["GET"]}}],"collection":[{"href":"https:\/\/oi-paris.com\/wordpress\/wp-json\/wp\/v2\/posts"}],"about":[{"href":"https:\/\/oi-paris.com\/wordpress\/wp-json\/wp\/v2\/types\/post"}],"author":[{"embeddable":true,"href":"https:\/\/oi-paris.com\/wordpress\/wp-json\/wp\/v2\/users\/1"}],"replies":[{"embeddable":true,"href":"https:\/\/oi-paris.com\/wordpress\/wp-json\/wp\/v2\/comments?post=5228"}],"version-history":[{"count":5,"href":"https:\/\/oi-paris.com\/wordpress\/wp-json\/wp\/v2\/posts\/5228\/revisions"}],"predecessor-version":[{"id":5236,"href":"https:\/\/oi-paris.com\/wordpress\/wp-json\/wp\/v2\/posts\/5228\/revisions\/5236"}],"wp:featuredmedia":[{"embeddable":true,"href":"https:\/\/oi-paris.com\/wordpress\/wp-json\/wp\/v2\/media\/5230"}],"wp:attachment":[{"href":"https:\/\/oi-paris.com\/wordpress\/wp-json\/wp\/v2\/media?parent=5228"}],"wp:term":[{"taxonomy":"category","embeddable":true,"href":"https:\/\/oi-paris.com\/wordpress\/wp-json\/wp\/v2\/categories?post=5228"},{"taxonomy":"post_tag","embeddable":true,"href":"https:\/\/oi-paris.com\/wordpress\/wp-json\/wp\/v2\/tags?post=5228"}],"curies":[{"name":"wp","href":"https:\/\/api.w.org\/{rel}","templated":true}]}}