{"id":5239,"date":"2017-01-23T11:22:20","date_gmt":"2017-01-23T09:22:20","guid":{"rendered":"http:\/\/oi-paris.com\/wordpress\/?p=5239"},"modified":"2017-01-23T11:24:20","modified_gmt":"2017-01-23T09:24:20","slug":"trophee-jean-masson-2017","status":"publish","type":"post","link":"https:\/\/oi-paris.com\/wordpress\/2017\/01\/23\/trophee-jean-masson-2017\/","title":{"rendered":"Troph\u00e9e Jean Masson 2017"},"content":{"rendered":"<div class=\"page\" title=\"Page 1\">\n<div class=\"layoutArea\">\n<div class=\"column\">\n<p><span style=\"color: #000000;\"><strong>De quoi s&#8217;agit-il ?<\/strong><\/span><\/p>\n<p><span style=\"color: #000000;\">D&#8217;une projection de courts m\u00e9trages s\u00e9lectionn\u00e9s lors des rencontres nationales vid\u00e9o OI, au cours de laquelle les spectateurs sont sollicit\u00e9s pour \u00e9tablir leur classement.<br \/>\nLors des Rencontres Nationales de la Vid\u00e9o 2016 \u00e0 Quimper \u2013 Tregunc du 14 au 16 Octobre 2016, il y avait 38 films en comp\u00e9tition.\u00a0Pour le\u00a0Troph\u00e9e Jean Masson 2017, 10 films ont \u00e9t\u00e9 s\u00e9lectionn\u00e9s.<\/span><\/p>\n<p><span style=\"color: #000000;\"><strong>C&#8217;est quand ?<\/strong><\/span><\/p>\n<p><span style=\"color: #000000;\">Mercredi 8 f\u00e9vrier 2017 \u00e0 20h <\/span><\/p>\n<p><span style=\"color: #000000;\"><strong>C&#8217;est ou ?<\/strong><\/span><\/p>\n<p><span style=\"color: #000000;\">8, rue Brillat-Savarin 75013 Paris (Salle RC1)<\/span><\/p>\n<\/div>\n<\/div>\n<\/div>\n","protected":false},"excerpt":{"rendered":"<p>De quoi s&#8217;agit-il ? D&#8217;une projection de courts m\u00e9trages s\u00e9lectionn\u00e9s lors des rencontres nationales vid\u00e9o OI, au cours de laquelle les spectateurs sont sollicit\u00e9s pour \u00e9tablir leur classement. Lors des Rencontres Nationales de la&#46;&#46;&#46;<\/p>\n","protected":false},"author":4,"featured_media":5241,"comment_status":"closed","ping_status":"closed","sticky":false,"template":"","format":"standard","meta":{"_acf_changed":false,"_oasis_is_in_workflow":0,"_oasis_original":0,"_uag_custom_page_level_css":"","footnotes":""},"categories":[12],"tags":[],"class_list":["post-5239","post","type-post","status-publish","format-standard","has-post-thumbnail","hentry","category-video"],"acf":[],"uagb_featured_image_src":{"full":["https:\/\/oi-paris.com\/wordpress\/wp-content\/uploads\/2017\/01\/TJM.jpg",1040,720,false],"thumbnail":["https:\/\/oi-paris.com\/wordpress\/wp-content\/uploads\/2017\/01\/TJM-150x150.jpg",150,150,true],"medium":["https:\/\/oi-paris.com\/wordpress\/wp-content\/uploads\/2017\/01\/TJM-300x208.jpg",300,208,true],"medium_large":["https:\/\/oi-paris.com\/wordpress\/wp-content\/uploads\/2017\/01\/TJM-768x532.jpg",768,532,true],"large":["https:\/\/oi-paris.com\/wordpress\/wp-content\/uploads\/2017\/01\/TJM-1024x709.jpg",1024,709,true],"1536x1536":["https:\/\/oi-paris.com\/wordpress\/wp-content\/uploads\/2017\/01\/TJM.jpg",1040,720,false],"2048x2048":["https:\/\/oi-paris.com\/wordpress\/wp-content\/uploads\/2017\/01\/TJM.jpg",1040,720,false],"thumb-small":["https:\/\/oi-paris.com\/wordpress\/wp-content\/uploads\/2017\/01\/TJM-160x160.jpg",80,80,true],"thumb-standard":["https:\/\/oi-paris.com\/wordpress\/wp-content\/uploads\/2017\/01\/TJM-320x320.jpg",320,320,true],"thumb-medium":["https:\/\/oi-paris.com\/wordpress\/wp-content\/uploads\/2017\/01\/TJM-520x245.jpg",520,245,true],"thumb-large":["https:\/\/oi-paris.com\/wordpress\/wp-content\/uploads\/2017\/01\/TJM-720x340.jpg",720,340,true],"thumb-xlarge":["https:\/\/oi-paris.com\/wordpress\/wp-content\/uploads\/2017\/01\/TJM.jpg",650,450,false],"thumb-xxlarge":["https:\/\/oi-paris.com\/wordpress\/wp-content\/uploads\/2017\/01\/TJM.jpg",722,500,false],"mailpoet_newsletter_max":["https:\/\/oi-paris.com\/wordpress\/wp-content\/uploads\/2017\/01\/TJM.jpg",1040,720,false]},"uagb_author_info":{"display_name":"Jean Paul Petit","author_link":"https:\/\/oi-paris.com\/wordpress\/author\/jean-paul\/"},"uagb_comment_info":0,"uagb_excerpt":"De quoi s&#8217;agit-il ? D&#8217;une projection de courts m\u00e9trages s\u00e9lectionn\u00e9s lors des rencontres nationales vid\u00e9o OI, au cours de laquelle les spectateurs sont sollicit\u00e9s pour \u00e9tablir leur classement. Lors des Rencontres Nationales de la&#46;&#46;&#46;","_links":{"self":[{"href":"https:\/\/oi-paris.com\/wordpress\/wp-json\/wp\/v2\/posts\/5239","targetHints":{"allow":["GET"]}}],"collection":[{"href":"https:\/\/oi-paris.com\/wordpress\/wp-json\/wp\/v2\/posts"}],"about":[{"href":"https:\/\/oi-paris.com\/wordpress\/wp-json\/wp\/v2\/types\/post"}],"author":[{"embeddable":true,"href":"https:\/\/oi-paris.com\/wordpress\/wp-json\/wp\/v2\/users\/4"}],"replies":[{"embeddable":true,"href":"https:\/\/oi-paris.com\/wordpress\/wp-json\/wp\/v2\/comments?post=5239"}],"version-history":[{"count":3,"href":"https:\/\/oi-paris.com\/wordpress\/wp-json\/wp\/v2\/posts\/5239\/revisions"}],"predecessor-version":[{"id":5243,"href":"https:\/\/oi-paris.com\/wordpress\/wp-json\/wp\/v2\/posts\/5239\/revisions\/5243"}],"wp:featuredmedia":[{"embeddable":true,"href":"https:\/\/oi-paris.com\/wordpress\/wp-json\/wp\/v2\/media\/5241"}],"wp:attachment":[{"href":"https:\/\/oi-paris.com\/wordpress\/wp-json\/wp\/v2\/media?parent=5239"}],"wp:term":[{"taxonomy":"category","embeddable":true,"href":"https:\/\/oi-paris.com\/wordpress\/wp-json\/wp\/v2\/categories?post=5239"},{"taxonomy":"post_tag","embeddable":true,"href":"https:\/\/oi-paris.com\/wordpress\/wp-json\/wp\/v2\/tags?post=5239"}],"curies":[{"name":"wp","href":"https:\/\/api.w.org\/{rel}","templated":true}]}}