{"id":5257,"date":"2017-02-03T23:17:39","date_gmt":"2017-02-03T21:17:39","guid":{"rendered":"http:\/\/oi-paris.com\/wordpress\/?p=5257"},"modified":"2017-02-06T11:40:28","modified_gmt":"2017-02-06T09:40:28","slug":"stage-lightroom","status":"publish","type":"post","link":"https:\/\/oi-paris.com\/wordpress\/2017\/02\/03\/stage-lightroom\/","title":{"rendered":"Stage Lightroom"},"content":{"rendered":"<div><span style=\"color: #000000;\">Il\u00a0reste encore des places pour la formation LIGHTROOM DECOUVERTE du 11 f\u00e9vrier prochain organis\u00e9e par l&#8217;UR 18<\/span><\/div>\n<div><span style=\"color: #000000;\">Son faible co\u00fbt de 35 \u20ac est attractif.<\/span><\/div>\n<div><span style=\"color: #000000;\">Alors pas d&#8217;h\u00e9sitation venez d\u00e9couvrir Lightroom\u00a0<\/span><\/div>\n<div><span style=\"color: #000000;\">\u00a0<\/span><\/div>\n<div><span style=\"color: #000000;\"><strong>C&#8217;est quand ?<\/strong><\/span><\/div>\n<ul>\n<li><span style=\"color: #000000;\">Samedi 11 f\u00e9vrier de 9h \u00e0 17h<\/span><\/li>\n<\/ul>\n<div><span style=\"color: #000000;\"><strong>C&#8217;est o\u00f9 ?<\/strong><\/span><\/div>\n<ul>\n<li><span style=\"color: #000000;\">8 rue Brillat Savarin 75013 Partis Salle RC1<\/span><\/li>\n<\/ul>\n<div><strong>Contact et inscriptions<\/strong><\/div>\n<ul>\n<li><a href=\"mailto:martinelegallo92@gmail.com\" target=\"_blank\">\u00a0Martine LEGALLO<\/a><\/li>\n<li><a href=\"mailto:paugam.sophie@wanadoo.fr\" target=\"_blank\">Sophie\u00a0<\/a><\/li>\n<\/ul>\n<div><span style=\"color: #000000;\"><b>Animateur\u00a0:<\/b><\/span><\/div>\n<div>\n<ul>\n<li class=\"western\"><span style=\"color: #000000;\">Laurent Marinier. Photographe professionnel. Formateur Lightroom depuis 5 ans<\/span><\/li>\n<\/ul>\n<\/div>\n","protected":false},"excerpt":{"rendered":"<p>Il\u00a0reste encore des places pour la formation LIGHTROOM DECOUVERTE du 11 f\u00e9vrier prochain organis\u00e9e par l&#8217;UR 18 Son faible co\u00fbt de 35 \u20ac est attractif. Alors pas d&#8217;h\u00e9sitation venez d\u00e9couvrir Lightroom\u00a0 \u00a0 C&#8217;est quand&#46;&#46;&#46;<\/p>\n","protected":false},"author":4,"featured_media":1191,"comment_status":"closed","ping_status":"closed","sticky":false,"template":"","format":"standard","meta":{"_acf_changed":false,"_oasis_is_in_workflow":0,"_oasis_original":0,"_uag_custom_page_level_css":"","footnotes":""},"categories":[26,9],"tags":[],"class_list":["post-5257","post","type-post","status-publish","format-standard","has-post-thumbnail","hentry","category-formation","category-photo"],"acf":[],"uagb_featured_image_src":{"full":["https:\/\/oi-paris.com\/wordpress\/wp-content\/uploads\/2015\/04\/Mardi_d_OI11.jpg",980,463,false],"thumbnail":["https:\/\/oi-paris.com\/wordpress\/wp-content\/uploads\/2015\/04\/Mardi_d_OI11-150x150.jpg",150,150,true],"medium":["https:\/\/oi-paris.com\/wordpress\/wp-content\/uploads\/2015\/04\/Mardi_d_OI11-300x142.jpg",300,142,true],"medium_large":["https:\/\/oi-paris.com\/wordpress\/wp-content\/uploads\/2015\/04\/Mardi_d_OI11.jpg",768,363,false],"large":["https:\/\/oi-paris.com\/wordpress\/wp-content\/uploads\/2015\/04\/Mardi_d_OI11.jpg",980,463,false],"1536x1536":["https:\/\/oi-paris.com\/wordpress\/wp-content\/uploads\/2015\/04\/Mardi_d_OI11.jpg",980,463,false],"2048x2048":["https:\/\/oi-paris.com\/wordpress\/wp-content\/uploads\/2015\/04\/Mardi_d_OI11.jpg",980,463,false],"thumb-small":["https:\/\/oi-paris.com\/wordpress\/wp-content\/uploads\/2015\/04\/Mardi_d_OI11.jpg",80,38,false],"thumb-standard":["https:\/\/oi-paris.com\/wordpress\/wp-content\/uploads\/2015\/04\/Mardi_d_OI11.jpg",320,151,false],"thumb-medium":["https:\/\/oi-paris.com\/wordpress\/wp-content\/uploads\/2015\/04\/Mardi_d_OI11.jpg",520,245,false],"thumb-large":["https:\/\/oi-paris.com\/wordpress\/wp-content\/uploads\/2015\/04\/Mardi_d_OI11.jpg",720,340,false],"thumb-xlarge":["https:\/\/oi-paris.com\/wordpress\/wp-content\/uploads\/2015\/04\/Mardi_d_OI11.jpg",952,450,false],"thumb-xxlarge":["https:\/\/oi-paris.com\/wordpress\/wp-content\/uploads\/2015\/04\/Mardi_d_OI11.jpg",980,463,false],"mailpoet_newsletter_max":["https:\/\/oi-paris.com\/wordpress\/wp-content\/uploads\/2015\/04\/Mardi_d_OI11.jpg",980,463,false]},"uagb_author_info":{"display_name":"Jean Paul Petit","author_link":"https:\/\/oi-paris.com\/wordpress\/author\/jean-paul\/"},"uagb_comment_info":0,"uagb_excerpt":"Il\u00a0reste encore des places pour la formation LIGHTROOM DECOUVERTE du 11 f\u00e9vrier prochain organis\u00e9e par l&#8217;UR 18 Son faible co\u00fbt de 35 \u20ac est attractif. Alors pas d&#8217;h\u00e9sitation venez d\u00e9couvrir Lightroom\u00a0 \u00a0 C&#8217;est quand&#46;&#46;&#46;","_links":{"self":[{"href":"https:\/\/oi-paris.com\/wordpress\/wp-json\/wp\/v2\/posts\/5257","targetHints":{"allow":["GET"]}}],"collection":[{"href":"https:\/\/oi-paris.com\/wordpress\/wp-json\/wp\/v2\/posts"}],"about":[{"href":"https:\/\/oi-paris.com\/wordpress\/wp-json\/wp\/v2\/types\/post"}],"author":[{"embeddable":true,"href":"https:\/\/oi-paris.com\/wordpress\/wp-json\/wp\/v2\/users\/4"}],"replies":[{"embeddable":true,"href":"https:\/\/oi-paris.com\/wordpress\/wp-json\/wp\/v2\/comments?post=5257"}],"version-history":[{"count":3,"href":"https:\/\/oi-paris.com\/wordpress\/wp-json\/wp\/v2\/posts\/5257\/revisions"}],"predecessor-version":[{"id":5260,"href":"https:\/\/oi-paris.com\/wordpress\/wp-json\/wp\/v2\/posts\/5257\/revisions\/5260"}],"wp:featuredmedia":[{"embeddable":true,"href":"https:\/\/oi-paris.com\/wordpress\/wp-json\/wp\/v2\/media\/1191"}],"wp:attachment":[{"href":"https:\/\/oi-paris.com\/wordpress\/wp-json\/wp\/v2\/media?parent=5257"}],"wp:term":[{"taxonomy":"category","embeddable":true,"href":"https:\/\/oi-paris.com\/wordpress\/wp-json\/wp\/v2\/categories?post=5257"},{"taxonomy":"post_tag","embeddable":true,"href":"https:\/\/oi-paris.com\/wordpress\/wp-json\/wp\/v2\/tags?post=5257"}],"curies":[{"name":"wp","href":"https:\/\/api.w.org\/{rel}","templated":true}]}}