{"id":5262,"date":"2017-02-08T18:58:47","date_gmt":"2017-02-08T16:58:47","guid":{"rendered":"http:\/\/oi-paris.com\/wordpress\/?p=5262"},"modified":"2017-02-09T17:09:29","modified_gmt":"2017-02-09T15:09:29","slug":"resume-du-mardi-doi-du-7-fevrier-2017","status":"publish","type":"post","link":"https:\/\/oi-paris.com\/wordpress\/2017\/02\/08\/resume-du-mardi-doi-du-7-fevrier-2017\/","title":{"rendered":"R\u00e9sum\u00e9 du Mardi d&#8217;OI du 7 f\u00e9vrier 2017"},"content":{"rendered":"<p><span style=\"color: #000000;\"><a href=\"http:\/\/oi-paris.com\/wordpress\/wp-content\/uploads\/2015\/08\/Reunion-carre.jpg\" data-rel=\"lightbox-image-0\" data-rl_title=\"\" data-rl_caption=\"\" title=\"\"><img loading=\"lazy\" decoding=\"async\" class=\"alignnone size-thumbnail wp-image-1743\" src=\"http:\/\/oi-paris.com\/wordpress\/wp-content\/uploads\/2015\/08\/Reunion-carre-150x150.jpg\" alt=\"Reunion-carre\" width=\"150\" height=\"150\" srcset=\"https:\/\/oi-paris.com\/wordpress\/wp-content\/uploads\/2015\/08\/Reunion-carre-150x150.jpg 150w, https:\/\/oi-paris.com\/wordpress\/wp-content\/uploads\/2015\/08\/Reunion-carre-300x300.jpg 300w, https:\/\/oi-paris.com\/wordpress\/wp-content\/uploads\/2015\/08\/Reunion-carre-160x160.jpg 160w, https:\/\/oi-paris.com\/wordpress\/wp-content\/uploads\/2015\/08\/Reunion-carre-320x320.jpg 320w, https:\/\/oi-paris.com\/wordpress\/wp-content\/uploads\/2015\/08\/Reunion-carre.jpg 463w\" sizes=\"auto, (max-width: 150px) 100vw, 150px\" \/><\/a><\/span><\/p>\n<p><span style=\"color: #000000;\">Nous \u00e9tions 42\u00a0\u00e0 participer \u00e0 cette\u00a0r\u00e9union. En bref, ce qu&#8217;il s&#8217;est pass\u00e9 :<\/span><br \/>\n<!--more--><\/p>\n<h2><span style=\"color: #000000;\"><strong>La vie au\u00a0club<\/strong><\/span><\/h2>\n<h3><span style=\"color: #000000;\"><strong>\u00c9v\u00e9nements<\/strong><\/span><\/h3>\n<p><span style=\"color: #000000;\">Mercredi <strong>8\/02<\/strong> \u00e0 19h30 &#8211; Troph\u00e9e Jean Masson, venez voter pour le meilleur court m\u00e9trage. Plus d&#8217;informations <a href=\"http:\/\/oi-paris.com\/wordpress\/2017\/01\/23\/trophee-jean-masson-2017\/\">ici<\/a>.<\/span><\/p>\n<h3><span style=\"color: #000000;\"><strong>Formations<\/strong><\/span><\/h3>\n<p><span style=\"color: #000000;\">Week-ends du<strong> 11-12<\/strong> et <strong>25-26\/02<\/strong> &#8211; Initiation au light painting avec Yannick et Roger.\u00a0Plus d&#8217;informations <a href=\"http:\/\/oi-paris.com\/wordpress\/2017\/01\/23\/initiation-au-light-painting\/\">ici<\/a>.<\/span><\/p>\n<p><span style=\"color: #000000;\">Samedi<strong> 11\/02<\/strong> &#8211; L&#8217;UR18 tiendra une formation Lightroom dans nos locaux samedi. Il reste 4 places. Plus d&#8217;informations <a href=\"http:\/\/oi-paris.com\/wordpress\/2017\/02\/03\/stage-lightroom\/\">ici<\/a>.<\/span><\/p>\n<h3><span style=\"color: #000000;\"><strong>R\u00e9unions<\/strong><\/span><\/h3>\n<p><span style=\"color: #000000;\">Mardi\u00a0<strong>14\/02<\/strong>\u00a0&#8211; R\u00e9union technique sp\u00e9ciale &#8220;Vin &amp; Photo&#8221; : Pr\u00e9paration\u00a0sur les th\u00e8mes &#8220;Minimalisme&#8221;\u00a0et &#8220;Panoramique grand format&#8221;. Aucune question technique n&#8217;a encore \u00e9t\u00e9 pos\u00e9e, n&#8217;h\u00e9sitez pas \u00e0 \u00e9crire \u00e0 <a href=\"mailto:pebeauchaud@free.fr\">Pierre-Emmanuel<\/a> si vous en avez une ! Plus d&#8217;informations <a href=\"http:\/\/oi-paris.com\/wordpress\/2017\/02\/09\/mardi-technique-de-fevrier-vin-et-photo\/\">ici<\/a>.<\/span><\/p>\n<h3><span style=\"color: #000000;\"><strong>Sorties<\/strong><\/span><\/h3>\n<p><span style=\"color: #000000;\">Vendredi <strong>10\/02<\/strong> &#8211; <a href=\"mailto:laurexpress@hotmail.fr\">Laure<\/a>\u00a0vous donne rendez-vous au Lab 14 \u00e0 19h. \u00a0Plus d&#8217;informations <a href=\"http:\/\/oi-paris.com\/wordpress\/2017\/01\/30\/sortie-photo\/\">ici<\/a>.<\/span><\/p>\n<p><span style=\"color: #000000;\"><em>Les dates\u00a0des diff\u00e9rents \u00e9v\u00e9nements sont not\u00e9es dans <span style=\"color: #0000ff;\"><a style=\"color: #0000ff;\" href=\"http:\/\/oi-paris.com\/wordpress\/accueil\/\" target=\"_blank\">l&#8217;agenda<\/a><\/span>.<\/em><\/span><\/p>\n<h2><span style=\"color: #000000;\"><strong>Le photographe myst\u00e8re<\/strong><\/span><\/h2>\n<p><span style=\"color: #000000;\">Il nous a \u00e9t\u00e9 pr\u00e9sent\u00e9 par Philippe D (article \u00e0 venir bient\u00f4t).<\/span><\/p>\n<h2><span style=\"color: #000000;\"><strong>L&#8217;adh\u00e9rent du mois<\/strong><\/span><\/h2>\n<p><span style=\"color: #000000;\">Ce mois-ci, l&#8217;adh\u00e9rent invit\u00e9 \u00e0 pr\u00e9senter ses photos \u00e9tait Philippe D.<\/span><\/p>\n\n\t\t<style>\n\t\t\t#gallery-1 {\n\t\t\t\tmargin: auto;\n\t\t\t}\n\t\t\t#gallery-1 .gallery-item {\n\t\t\t\tfloat: left;\n\t\t\t\tmargin-top: 10px;\n\t\t\t\ttext-align: center;\n\t\t\t\twidth: 33%;\n\t\t\t}\n\t\t\t#gallery-1 img {\n\t\t\t\tborder: 2px solid #cfcfcf;\n\t\t\t}\n\t\t\t#gallery-1 .gallery-caption {\n\t\t\t\tmargin-left: 0;\n\t\t\t}\n\t\t\t\/* see gallery_shortcode() in wp-includes\/media.php *\/\n\t\t<\/style>\n\t\t<div id='gallery-1' class='gallery galleryid-5262 gallery-columns-3 gallery-size-thumbnail'><dl class='gallery-item'>\n\t\t\t<dt class='gallery-icon landscape'>\n\t\t\t\t<a href='https:\/\/oi-paris.com\/wordpress\/wp-content\/uploads\/2017\/02\/@@@-Duyck-Philippe-1-1.jpg' title=\"\" data-rl_title=\"\" class=\"rl-gallery-link\" data-rl_caption=\"\" data-rel=\"lightbox-gallery-1\"><img loading=\"lazy\" decoding=\"async\" width=\"150\" height=\"150\" src=\"https:\/\/oi-paris.com\/wordpress\/wp-content\/uploads\/2017\/02\/@@@-Duyck-Philippe-1-1-150x150.jpg\" class=\"attachment-thumbnail size-thumbnail\" alt=\"\" aria-describedby=\"gallery-1-5317\" srcset=\"https:\/\/oi-paris.com\/wordpress\/wp-content\/uploads\/2017\/02\/@@@-Duyck-Philippe-1-1-150x150.jpg 150w, https:\/\/oi-paris.com\/wordpress\/wp-content\/uploads\/2017\/02\/@@@-Duyck-Philippe-1-1-300x300.jpg 300w, https:\/\/oi-paris.com\/wordpress\/wp-content\/uploads\/2017\/02\/@@@-Duyck-Philippe-1-1-768x768.jpg 768w, https:\/\/oi-paris.com\/wordpress\/wp-content\/uploads\/2017\/02\/@@@-Duyck-Philippe-1-1-600x600.jpg 600w, https:\/\/oi-paris.com\/wordpress\/wp-content\/uploads\/2017\/02\/@@@-Duyck-Philippe-1-1-160x160.jpg 160w, https:\/\/oi-paris.com\/wordpress\/wp-content\/uploads\/2017\/02\/@@@-Duyck-Philippe-1-1-320x320.jpg 320w, https:\/\/oi-paris.com\/wordpress\/wp-content\/uploads\/2017\/02\/@@@-Duyck-Philippe-1-1.jpg 1024w\" sizes=\"auto, (max-width: 150px) 100vw, 150px\" \/><\/a>\n\t\t\t<\/dt>\n\t\t\t\t<dd class='wp-caption-text gallery-caption' id='gallery-1-5317'>\n\t\t\t\tLuis devant chez lui\n\t\t\t\t<\/dd><\/dl><dl class='gallery-item'>\n\t\t\t<dt class='gallery-icon portrait'>\n\t\t\t\t<a href='https:\/\/oi-paris.com\/wordpress\/wp-content\/uploads\/2017\/02\/@@@-Duyck-Philippe-1-2.jpg' title=\"\" data-rl_title=\"\" class=\"rl-gallery-link\" data-rl_caption=\"\" data-rel=\"lightbox-gallery-1\"><img loading=\"lazy\" decoding=\"async\" width=\"150\" height=\"150\" src=\"https:\/\/oi-paris.com\/wordpress\/wp-content\/uploads\/2017\/02\/@@@-Duyck-Philippe-1-2-150x150.jpg\" class=\"attachment-thumbnail size-thumbnail\" alt=\"\" srcset=\"https:\/\/oi-paris.com\/wordpress\/wp-content\/uploads\/2017\/02\/@@@-Duyck-Philippe-1-2-150x150.jpg 150w, https:\/\/oi-paris.com\/wordpress\/wp-content\/uploads\/2017\/02\/@@@-Duyck-Philippe-1-2-160x160.jpg 160w, https:\/\/oi-paris.com\/wordpress\/wp-content\/uploads\/2017\/02\/@@@-Duyck-Philippe-1-2-320x320.jpg 320w\" sizes=\"auto, (max-width: 150px) 100vw, 150px\" \/><\/a>\n\t\t\t<\/dt><\/dl><dl class='gallery-item'>\n\t\t\t<dt class='gallery-icon portrait'>\n\t\t\t\t<a href='https:\/\/oi-paris.com\/wordpress\/wp-content\/uploads\/2017\/02\/@@@-Duyck-Philippe-1-3.jpg' title=\"\" data-rl_title=\"\" class=\"rl-gallery-link\" data-rl_caption=\"\" data-rel=\"lightbox-gallery-1\"><img loading=\"lazy\" decoding=\"async\" width=\"150\" height=\"150\" src=\"https:\/\/oi-paris.com\/wordpress\/wp-content\/uploads\/2017\/02\/@@@-Duyck-Philippe-1-3-150x150.jpg\" class=\"attachment-thumbnail size-thumbnail\" alt=\"\" srcset=\"https:\/\/oi-paris.com\/wordpress\/wp-content\/uploads\/2017\/02\/@@@-Duyck-Philippe-1-3-150x150.jpg 150w, https:\/\/oi-paris.com\/wordpress\/wp-content\/uploads\/2017\/02\/@@@-Duyck-Philippe-1-3-160x160.jpg 160w, https:\/\/oi-paris.com\/wordpress\/wp-content\/uploads\/2017\/02\/@@@-Duyck-Philippe-1-3-320x320.jpg 320w\" sizes=\"auto, (max-width: 150px) 100vw, 150px\" \/><\/a>\n\t\t\t<\/dt><\/dl><br style=\"clear: both\" \/><dl class='gallery-item'>\n\t\t\t<dt class='gallery-icon portrait'>\n\t\t\t\t<a href='https:\/\/oi-paris.com\/wordpress\/wp-content\/uploads\/2017\/02\/@@@-Duyck-Philippe-1-4.jpg' title=\"\" data-rl_title=\"\" class=\"rl-gallery-link\" data-rl_caption=\"\" data-rel=\"lightbox-gallery-1\"><img loading=\"lazy\" decoding=\"async\" width=\"150\" height=\"150\" src=\"https:\/\/oi-paris.com\/wordpress\/wp-content\/uploads\/2017\/02\/@@@-Duyck-Philippe-1-4-150x150.jpg\" class=\"attachment-thumbnail size-thumbnail\" alt=\"\" srcset=\"https:\/\/oi-paris.com\/wordpress\/wp-content\/uploads\/2017\/02\/@@@-Duyck-Philippe-1-4-150x150.jpg 150w, https:\/\/oi-paris.com\/wordpress\/wp-content\/uploads\/2017\/02\/@@@-Duyck-Philippe-1-4-160x160.jpg 160w, https:\/\/oi-paris.com\/wordpress\/wp-content\/uploads\/2017\/02\/@@@-Duyck-Philippe-1-4-320x320.jpg 320w\" sizes=\"auto, (max-width: 150px) 100vw, 150px\" \/><\/a>\n\t\t\t<\/dt><\/dl><dl class='gallery-item'>\n\t\t\t<dt class='gallery-icon portrait'>\n\t\t\t\t<a href='https:\/\/oi-paris.com\/wordpress\/wp-content\/uploads\/2017\/02\/@@@-Duyck-Philippe-1-5.jpg' title=\"\" data-rl_title=\"\" class=\"rl-gallery-link\" data-rl_caption=\"\" data-rel=\"lightbox-gallery-1\"><img loading=\"lazy\" decoding=\"async\" width=\"150\" height=\"150\" src=\"https:\/\/oi-paris.com\/wordpress\/wp-content\/uploads\/2017\/02\/@@@-Duyck-Philippe-1-5-150x150.jpg\" class=\"attachment-thumbnail size-thumbnail\" alt=\"\" aria-describedby=\"gallery-1-5321\" srcset=\"https:\/\/oi-paris.com\/wordpress\/wp-content\/uploads\/2017\/02\/@@@-Duyck-Philippe-1-5-150x150.jpg 150w, https:\/\/oi-paris.com\/wordpress\/wp-content\/uploads\/2017\/02\/@@@-Duyck-Philippe-1-5-160x160.jpg 160w, https:\/\/oi-paris.com\/wordpress\/wp-content\/uploads\/2017\/02\/@@@-Duyck-Philippe-1-5-320x320.jpg 320w\" sizes=\"auto, (max-width: 150px) 100vw, 150px\" \/><\/a>\n\t\t\t<\/dt>\n\t\t\t\t<dd class='wp-caption-text gallery-caption' id='gallery-1-5321'>\n\t\t\t\tJeannot\n\t\t\t\t<\/dd><\/dl><dl class='gallery-item'>\n\t\t\t<dt class='gallery-icon landscape'>\n\t\t\t\t<a href='https:\/\/oi-paris.com\/wordpress\/wp-content\/uploads\/2017\/02\/@@@-Duyck-Philippe-1-6.jpg' title=\"\" data-rl_title=\"\" class=\"rl-gallery-link\" data-rl_caption=\"\" data-rel=\"lightbox-gallery-1\"><img loading=\"lazy\" decoding=\"async\" width=\"150\" height=\"150\" src=\"https:\/\/oi-paris.com\/wordpress\/wp-content\/uploads\/2017\/02\/@@@-Duyck-Philippe-1-6-150x150.jpg\" class=\"attachment-thumbnail size-thumbnail\" alt=\"\" srcset=\"https:\/\/oi-paris.com\/wordpress\/wp-content\/uploads\/2017\/02\/@@@-Duyck-Philippe-1-6-150x150.jpg 150w, https:\/\/oi-paris.com\/wordpress\/wp-content\/uploads\/2017\/02\/@@@-Duyck-Philippe-1-6-300x300.jpg 300w, https:\/\/oi-paris.com\/wordpress\/wp-content\/uploads\/2017\/02\/@@@-Duyck-Philippe-1-6-768x768.jpg 768w, https:\/\/oi-paris.com\/wordpress\/wp-content\/uploads\/2017\/02\/@@@-Duyck-Philippe-1-6-600x600.jpg 600w, https:\/\/oi-paris.com\/wordpress\/wp-content\/uploads\/2017\/02\/@@@-Duyck-Philippe-1-6-160x160.jpg 160w, https:\/\/oi-paris.com\/wordpress\/wp-content\/uploads\/2017\/02\/@@@-Duyck-Philippe-1-6-320x320.jpg 320w, https:\/\/oi-paris.com\/wordpress\/wp-content\/uploads\/2017\/02\/@@@-Duyck-Philippe-1-6.jpg 1024w\" sizes=\"auto, (max-width: 150px) 100vw, 150px\" \/><\/a>\n\t\t\t<\/dt><\/dl><br style=\"clear: both\" \/><dl class='gallery-item'>\n\t\t\t<dt class='gallery-icon landscape'>\n\t\t\t\t<a href='https:\/\/oi-paris.com\/wordpress\/wp-content\/uploads\/2017\/02\/@@@-Duyck-Philippe-1-7.jpg' title=\"\" data-rl_title=\"\" class=\"rl-gallery-link\" data-rl_caption=\"\" data-rel=\"lightbox-gallery-1\"><img loading=\"lazy\" decoding=\"async\" width=\"150\" height=\"150\" src=\"https:\/\/oi-paris.com\/wordpress\/wp-content\/uploads\/2017\/02\/@@@-Duyck-Philippe-1-7-150x150.jpg\" class=\"attachment-thumbnail size-thumbnail\" alt=\"\" srcset=\"https:\/\/oi-paris.com\/wordpress\/wp-content\/uploads\/2017\/02\/@@@-Duyck-Philippe-1-7-150x150.jpg 150w, https:\/\/oi-paris.com\/wordpress\/wp-content\/uploads\/2017\/02\/@@@-Duyck-Philippe-1-7-300x300.jpg 300w, https:\/\/oi-paris.com\/wordpress\/wp-content\/uploads\/2017\/02\/@@@-Duyck-Philippe-1-7-768x768.jpg 768w, https:\/\/oi-paris.com\/wordpress\/wp-content\/uploads\/2017\/02\/@@@-Duyck-Philippe-1-7-600x600.jpg 600w, https:\/\/oi-paris.com\/wordpress\/wp-content\/uploads\/2017\/02\/@@@-Duyck-Philippe-1-7-160x160.jpg 160w, https:\/\/oi-paris.com\/wordpress\/wp-content\/uploads\/2017\/02\/@@@-Duyck-Philippe-1-7-320x320.jpg 320w, https:\/\/oi-paris.com\/wordpress\/wp-content\/uploads\/2017\/02\/@@@-Duyck-Philippe-1-7.jpg 1024w\" sizes=\"auto, (max-width: 150px) 100vw, 150px\" \/><\/a>\n\t\t\t<\/dt><\/dl><dl class='gallery-item'>\n\t\t\t<dt class='gallery-icon landscape'>\n\t\t\t\t<a href='https:\/\/oi-paris.com\/wordpress\/wp-content\/uploads\/2017\/02\/@@@-Duyck-Philippe-1-8.jpg' title=\"\" data-rl_title=\"\" class=\"rl-gallery-link\" data-rl_caption=\"\" data-rel=\"lightbox-gallery-1\"><img loading=\"lazy\" decoding=\"async\" width=\"150\" height=\"150\" src=\"https:\/\/oi-paris.com\/wordpress\/wp-content\/uploads\/2017\/02\/@@@-Duyck-Philippe-1-8-150x150.jpg\" class=\"attachment-thumbnail size-thumbnail\" alt=\"\" srcset=\"https:\/\/oi-paris.com\/wordpress\/wp-content\/uploads\/2017\/02\/@@@-Duyck-Philippe-1-8-150x150.jpg 150w, https:\/\/oi-paris.com\/wordpress\/wp-content\/uploads\/2017\/02\/@@@-Duyck-Philippe-1-8-160x160.jpg 160w, https:\/\/oi-paris.com\/wordpress\/wp-content\/uploads\/2017\/02\/@@@-Duyck-Philippe-1-8-320x320.jpg 320w\" sizes=\"auto, (max-width: 150px) 100vw, 150px\" \/><\/a>\n\t\t\t<\/dt><\/dl><dl class='gallery-item'>\n\t\t\t<dt class='gallery-icon landscape'>\n\t\t\t\t<a href='https:\/\/oi-paris.com\/wordpress\/wp-content\/uploads\/2017\/02\/@@@-Duyck-Philippe-1-9.jpg' title=\"\" data-rl_title=\"\" class=\"rl-gallery-link\" data-rl_caption=\"\" data-rel=\"lightbox-gallery-1\"><img loading=\"lazy\" decoding=\"async\" width=\"150\" height=\"150\" src=\"https:\/\/oi-paris.com\/wordpress\/wp-content\/uploads\/2017\/02\/@@@-Duyck-Philippe-1-9-150x150.jpg\" class=\"attachment-thumbnail size-thumbnail\" alt=\"\" aria-describedby=\"gallery-1-5309\" srcset=\"https:\/\/oi-paris.com\/wordpress\/wp-content\/uploads\/2017\/02\/@@@-Duyck-Philippe-1-9-150x150.jpg 150w, https:\/\/oi-paris.com\/wordpress\/wp-content\/uploads\/2017\/02\/@@@-Duyck-Philippe-1-9-160x160.jpg 160w, https:\/\/oi-paris.com\/wordpress\/wp-content\/uploads\/2017\/02\/@@@-Duyck-Philippe-1-9-320x320.jpg 320w\" sizes=\"auto, (max-width: 150px) 100vw, 150px\" \/><\/a>\n\t\t\t<\/dt>\n\t\t\t\t<dd class='wp-caption-text gallery-caption' id='gallery-1-5309'>\n\t\t\t\tPrise \u00e0 Los Marmoles, Extr\u00e9madure &#8211; Espagne\rConcours PCCMM 2010\n\t\t\t\t<\/dd><\/dl><br style=\"clear: both\" \/><dl class='gallery-item'>\n\t\t\t<dt class='gallery-icon portrait'>\n\t\t\t\t<a href='https:\/\/oi-paris.com\/wordpress\/wp-content\/uploads\/2017\/02\/@@@-Duyck-Philippe-1-10.jpg' title=\"\" data-rl_title=\"\" class=\"rl-gallery-link\" data-rl_caption=\"\" data-rel=\"lightbox-gallery-1\"><img loading=\"lazy\" decoding=\"async\" width=\"150\" height=\"150\" src=\"https:\/\/oi-paris.com\/wordpress\/wp-content\/uploads\/2017\/02\/@@@-Duyck-Philippe-1-10-150x150.jpg\" class=\"attachment-thumbnail size-thumbnail\" alt=\"\" srcset=\"https:\/\/oi-paris.com\/wordpress\/wp-content\/uploads\/2017\/02\/@@@-Duyck-Philippe-1-10-150x150.jpg 150w, https:\/\/oi-paris.com\/wordpress\/wp-content\/uploads\/2017\/02\/@@@-Duyck-Philippe-1-10-160x160.jpg 160w, https:\/\/oi-paris.com\/wordpress\/wp-content\/uploads\/2017\/02\/@@@-Duyck-Philippe-1-10-320x320.jpg 320w\" sizes=\"auto, (max-width: 150px) 100vw, 150px\" \/><\/a>\n\t\t\t<\/dt><\/dl><dl class='gallery-item'>\n\t\t\t<dt class='gallery-icon landscape'>\n\t\t\t\t<a href='https:\/\/oi-paris.com\/wordpress\/wp-content\/uploads\/2017\/02\/@@@-Duyck-Philippe-1-11.jpg' title=\"\" data-rl_title=\"\" class=\"rl-gallery-link\" data-rl_caption=\"\" data-rel=\"lightbox-gallery-1\"><img loading=\"lazy\" decoding=\"async\" width=\"150\" height=\"150\" src=\"https:\/\/oi-paris.com\/wordpress\/wp-content\/uploads\/2017\/02\/@@@-Duyck-Philippe-1-11-150x150.jpg\" class=\"attachment-thumbnail size-thumbnail\" alt=\"\" srcset=\"https:\/\/oi-paris.com\/wordpress\/wp-content\/uploads\/2017\/02\/@@@-Duyck-Philippe-1-11-150x150.jpg 150w, https:\/\/oi-paris.com\/wordpress\/wp-content\/uploads\/2017\/02\/@@@-Duyck-Philippe-1-11-300x300.jpg 300w, https:\/\/oi-paris.com\/wordpress\/wp-content\/uploads\/2017\/02\/@@@-Duyck-Philippe-1-11-768x768.jpg 768w, https:\/\/oi-paris.com\/wordpress\/wp-content\/uploads\/2017\/02\/@@@-Duyck-Philippe-1-11-600x600.jpg 600w, https:\/\/oi-paris.com\/wordpress\/wp-content\/uploads\/2017\/02\/@@@-Duyck-Philippe-1-11-160x160.jpg 160w, https:\/\/oi-paris.com\/wordpress\/wp-content\/uploads\/2017\/02\/@@@-Duyck-Philippe-1-11-320x320.jpg 320w, https:\/\/oi-paris.com\/wordpress\/wp-content\/uploads\/2017\/02\/@@@-Duyck-Philippe-1-11.jpg 1024w\" sizes=\"auto, (max-width: 150px) 100vw, 150px\" \/><\/a>\n\t\t\t<\/dt><\/dl><dl class='gallery-item'>\n\t\t\t<dt class='gallery-icon landscape'>\n\t\t\t\t<a href='https:\/\/oi-paris.com\/wordpress\/wp-content\/uploads\/2017\/02\/@@@-Duyck-Philippe-1-12.jpg' title=\"\" data-rl_title=\"\" class=\"rl-gallery-link\" data-rl_caption=\"\" data-rel=\"lightbox-gallery-1\"><img loading=\"lazy\" decoding=\"async\" width=\"150\" height=\"150\" src=\"https:\/\/oi-paris.com\/wordpress\/wp-content\/uploads\/2017\/02\/@@@-Duyck-Philippe-1-12-150x150.jpg\" class=\"attachment-thumbnail size-thumbnail\" alt=\"\" aria-describedby=\"gallery-1-5312\" srcset=\"https:\/\/oi-paris.com\/wordpress\/wp-content\/uploads\/2017\/02\/@@@-Duyck-Philippe-1-12-150x150.jpg 150w, https:\/\/oi-paris.com\/wordpress\/wp-content\/uploads\/2017\/02\/@@@-Duyck-Philippe-1-12-300x300.jpg 300w, https:\/\/oi-paris.com\/wordpress\/wp-content\/uploads\/2017\/02\/@@@-Duyck-Philippe-1-12-768x768.jpg 768w, https:\/\/oi-paris.com\/wordpress\/wp-content\/uploads\/2017\/02\/@@@-Duyck-Philippe-1-12-600x600.jpg 600w, https:\/\/oi-paris.com\/wordpress\/wp-content\/uploads\/2017\/02\/@@@-Duyck-Philippe-1-12-160x160.jpg 160w, https:\/\/oi-paris.com\/wordpress\/wp-content\/uploads\/2017\/02\/@@@-Duyck-Philippe-1-12-320x320.jpg 320w, https:\/\/oi-paris.com\/wordpress\/wp-content\/uploads\/2017\/02\/@@@-Duyck-Philippe-1-12.jpg 1024w\" sizes=\"auto, (max-width: 150px) 100vw, 150px\" \/><\/a>\n\t\t\t<\/dt>\n\t\t\t\t<dd class='wp-caption-text gallery-caption' id='gallery-1-5312'>\n\t\t\t\tLe Crotoy, Somme\n\t\t\t\t<\/dd><\/dl><br style=\"clear: both\" \/><dl class='gallery-item'>\n\t\t\t<dt class='gallery-icon portrait'>\n\t\t\t\t<a href='https:\/\/oi-paris.com\/wordpress\/wp-content\/uploads\/2017\/02\/@@@-Duyck-Philippe-1-13.jpg' title=\"\" data-rl_title=\"\" class=\"rl-gallery-link\" data-rl_caption=\"\" data-rel=\"lightbox-gallery-1\"><img loading=\"lazy\" decoding=\"async\" width=\"150\" height=\"150\" src=\"https:\/\/oi-paris.com\/wordpress\/wp-content\/uploads\/2017\/02\/@@@-Duyck-Philippe-1-13-150x150.jpg\" class=\"attachment-thumbnail size-thumbnail\" alt=\"\" srcset=\"https:\/\/oi-paris.com\/wordpress\/wp-content\/uploads\/2017\/02\/@@@-Duyck-Philippe-1-13-150x150.jpg 150w, https:\/\/oi-paris.com\/wordpress\/wp-content\/uploads\/2017\/02\/@@@-Duyck-Philippe-1-13-160x160.jpg 160w, https:\/\/oi-paris.com\/wordpress\/wp-content\/uploads\/2017\/02\/@@@-Duyck-Philippe-1-13-320x320.jpg 320w\" sizes=\"auto, (max-width: 150px) 100vw, 150px\" \/><\/a>\n\t\t\t<\/dt><\/dl><dl class='gallery-item'>\n\t\t\t<dt class='gallery-icon landscape'>\n\t\t\t\t<a href='https:\/\/oi-paris.com\/wordpress\/wp-content\/uploads\/2017\/02\/@@@-Duyck-Philippe-1-14.jpg' title=\"\" data-rl_title=\"\" class=\"rl-gallery-link\" data-rl_caption=\"\" data-rel=\"lightbox-gallery-1\"><img loading=\"lazy\" decoding=\"async\" width=\"150\" height=\"150\" src=\"https:\/\/oi-paris.com\/wordpress\/wp-content\/uploads\/2017\/02\/@@@-Duyck-Philippe-1-14-150x150.jpg\" class=\"attachment-thumbnail size-thumbnail\" alt=\"\" srcset=\"https:\/\/oi-paris.com\/wordpress\/wp-content\/uploads\/2017\/02\/@@@-Duyck-Philippe-1-14-150x150.jpg 150w, https:\/\/oi-paris.com\/wordpress\/wp-content\/uploads\/2017\/02\/@@@-Duyck-Philippe-1-14-300x300.jpg 300w, https:\/\/oi-paris.com\/wordpress\/wp-content\/uploads\/2017\/02\/@@@-Duyck-Philippe-1-14-768x768.jpg 768w, https:\/\/oi-paris.com\/wordpress\/wp-content\/uploads\/2017\/02\/@@@-Duyck-Philippe-1-14-600x600.jpg 600w, https:\/\/oi-paris.com\/wordpress\/wp-content\/uploads\/2017\/02\/@@@-Duyck-Philippe-1-14-160x160.jpg 160w, https:\/\/oi-paris.com\/wordpress\/wp-content\/uploads\/2017\/02\/@@@-Duyck-Philippe-1-14-320x320.jpg 320w, https:\/\/oi-paris.com\/wordpress\/wp-content\/uploads\/2017\/02\/@@@-Duyck-Philippe-1-14.jpg 1024w\" sizes=\"auto, (max-width: 150px) 100vw, 150px\" \/><\/a>\n\t\t\t<\/dt><\/dl><dl class='gallery-item'>\n\t\t\t<dt class='gallery-icon landscape'>\n\t\t\t\t<a href='https:\/\/oi-paris.com\/wordpress\/wp-content\/uploads\/2017\/02\/@@@-Duyck-Philippe-1-15.jpg' title=\"\" data-rl_title=\"\" class=\"rl-gallery-link\" data-rl_caption=\"\" data-rel=\"lightbox-gallery-1\"><img loading=\"lazy\" decoding=\"async\" width=\"150\" height=\"150\" src=\"https:\/\/oi-paris.com\/wordpress\/wp-content\/uploads\/2017\/02\/@@@-Duyck-Philippe-1-15-150x150.jpg\" class=\"attachment-thumbnail size-thumbnail\" alt=\"\" srcset=\"https:\/\/oi-paris.com\/wordpress\/wp-content\/uploads\/2017\/02\/@@@-Duyck-Philippe-1-15-150x150.jpg 150w, https:\/\/oi-paris.com\/wordpress\/wp-content\/uploads\/2017\/02\/@@@-Duyck-Philippe-1-15-160x160.jpg 160w, https:\/\/oi-paris.com\/wordpress\/wp-content\/uploads\/2017\/02\/@@@-Duyck-Philippe-1-15-320x320.jpg 320w\" sizes=\"auto, (max-width: 150px) 100vw, 150px\" \/><\/a>\n\t\t\t<\/dt><\/dl><br style=\"clear: both\" \/><dl class='gallery-item'>\n\t\t\t<dt class='gallery-icon landscape'>\n\t\t\t\t<a href='https:\/\/oi-paris.com\/wordpress\/wp-content\/uploads\/2017\/02\/@@@-Duyck-Philippe-1-16.jpg' title=\"\" data-rl_title=\"\" class=\"rl-gallery-link\" data-rl_caption=\"\" data-rel=\"lightbox-gallery-1\"><img loading=\"lazy\" decoding=\"async\" width=\"150\" height=\"150\" src=\"https:\/\/oi-paris.com\/wordpress\/wp-content\/uploads\/2017\/02\/@@@-Duyck-Philippe-1-16-150x150.jpg\" class=\"attachment-thumbnail size-thumbnail\" alt=\"\" srcset=\"https:\/\/oi-paris.com\/wordpress\/wp-content\/uploads\/2017\/02\/@@@-Duyck-Philippe-1-16-150x150.jpg 150w, https:\/\/oi-paris.com\/wordpress\/wp-content\/uploads\/2017\/02\/@@@-Duyck-Philippe-1-16-160x160.jpg 160w, https:\/\/oi-paris.com\/wordpress\/wp-content\/uploads\/2017\/02\/@@@-Duyck-Philippe-1-16-320x320.jpg 320w\" sizes=\"auto, (max-width: 150px) 100vw, 150px\" \/><\/a>\n\t\t\t<\/dt><\/dl>\n\t\t\t<br style='clear: both' \/>\n\t\t<\/div>\n\n<h2><span style=\"color: #000000;\"><strong>Les expositions dont on a parl\u00e9<\/strong><\/span><\/h2>\n<ul>\n<li><span style=\"color: #000000;\">Jusqu&#8217;au 5\/03\u00a0au <a href=\"http:\/\/www.museedemontmartre.fr\/expositions-temporaires\" target=\"_blank\">mus\u00e9e de Montmartre<\/a> : Bernard Buffet &#8220;Intimement&#8221;<\/span><\/li>\n<li><span style=\"color: #000000;\">Jusqu&#8217;au 9\/04 au\u00a0<a href=\"http:\/\/www.le-bal.fr\/2016\/12\/stephane-duroy\" target=\"_blank\">BAL<\/a> : St\u00e9phane Duroy &#8220;Again and again&#8221;<\/span><\/li>\n<li><span style=\"color: #000000;\">Jusqu&#8217;au 24\/04 \u00e0 la <a href=\"http:\/\/www.henricartierbresson.org\/expositions\/\" target=\"_blank\">Fondation Henri Cartier-Bresson<\/a> sur lui-m\u00eame<\/span><\/li>\n<li><span style=\"color: #000000;\">Jusqu&#8217;au 30\/04 \u00e0 la <a href=\"http:\/\/www.thierrybigaignon.com\/next\" target=\"_blank\">galerie Thierry Bigaignon<\/a> (<span class=\"_Xbe\">9 rue Charlot, 3\u00e8me)<\/span>: Harold Feinstein<\/span><\/li>\n<\/ul>\n<h2><span style=\"color: #000000;\"><strong>L&#8217;auberge espagnole<\/strong><\/span><\/h2>\n<p><span style=\"color: #000000;\"><span style=\"text-decoration: underline;\">3 diaporamas et 81\u00a0photos<\/span> de :<\/span><\/p>\n<ul>\n<li><span style=\"color: #000000;\">Jean-Pierre C\u00a0: 3 photos<\/span><\/li>\n<li><span style=\"color: #000000;\">Jeannine : 3 photos<\/span><\/li>\n<li><span style=\"color: #000000;\">Mustapha\u00a0: 3 photos<\/span><\/li>\n<li><span style=\"color: #000000;\">H\u00e9l\u00e8ne\u00a0: 3 photos<\/span><\/li>\n<li><span style=\"color: #000000;\">Jacques A\u00a0: 3 photos<\/span><\/li>\n<li><span style=\"color: #000000;\">Annie\u00a0: 3 photos<\/span><\/li>\n<li><span style=\"color: #000000;\">Pierre-Emmanuel\u00a0: 3 photos<\/span><\/li>\n<li><span style=\"color: #000000;\">Christelle : 3 photos<\/span><\/li>\n<li><span style=\"color: #000000;\">Roger\u00a0: 3 photos<\/span><\/li>\n<li><span style=\"color: #000000;\">Philippe DG : 3 photos<\/span><\/li>\n<li><span style=\"color: #000000;\">Rozenn\u00a0: 3 photos<\/span><\/li>\n<li><span style=\"color: #000000;\">Flory : 3 photos<\/span><\/li>\n<li><span style=\"color: #000000;\">Isabelle\u00a0: 3 photos<\/span><\/li>\n<li><span style=\"color: #000000;\">Jean P\u00a0: 3\u00a0photos<\/span><\/li>\n<li><span style=\"color: #000000;\">Christophe\u00a0: 3 photos<\/span><\/li>\n<li><span style=\"color: #000000;\">Jean-Paul : 1 diaporama + 3 photos<\/span><\/li>\n<li><span style=\"color: #000000;\">Patrice\u00a0: 3 photos<\/span><\/li>\n<li><span style=\"color: #000000;\">B\u00e9n\u00e9dicte\u00a0: 3 photos<\/span><\/li>\n<li><span style=\"color: #000000;\">Pierre-Marie\u00a0: 1 diaporama + 3 photos<\/span><\/li>\n<li><span style=\"color: #000000;\">Philippe G\u00a0: 3 photos<\/span><\/li>\n<li><span style=\"color: #000000;\">Philippe R\u00a0: 3 photos<\/span><\/li>\n<li><span style=\"color: #000000;\">Pierre : 3 photos<\/span><\/li>\n<li><span style=\"color: #000000;\">Sandra\u00a0: 3 photos<\/span><\/li>\n<li><span style=\"color: #000000;\">St\u00e9phane D : 3\u00a0photos<\/span><\/li>\n<li><span style=\"color: #000000;\">Mickaela : 1 diaporama<\/span><\/li>\n<li><span style=\"color: #000000;\">Yannick : 3 photos<\/span><\/li>\n<li><span style=\"color: #000000;\">Sophie\u00a0: 1 diaporama<\/span><\/li>\n<li><span style=\"color: #000000;\">Taraneh\u00a0: 3 photos<\/span><\/li>\n<li><span style=\"color: #000000;\">Fatma : 3 photos<\/span><\/li>\n<\/ul>\n<p><span style=\"color: #000000;\">C&#8217;est la photo de Jacques A\u00a0qui a\u00a0\u00e9t\u00e9 choisie :<\/span><\/p>\n<p><a href=\"http:\/\/oi-paris.com\/wordpress\/wp-content\/uploads\/2017\/02\/Amiel-jacques-1.jpg\" data-rel=\"lightbox-image-17\" data-rl_title=\"\" data-rl_caption=\"\" title=\"\"><img loading=\"lazy\" decoding=\"async\" class=\"alignnone size-medium wp-image-5271\" src=\"http:\/\/oi-paris.com\/wordpress\/wp-content\/uploads\/2017\/02\/Amiel-jacques-1-126x300.jpg\" alt=\"\" width=\"126\" height=\"300\" srcset=\"https:\/\/oi-paris.com\/wordpress\/wp-content\/uploads\/2017\/02\/Amiel-jacques-1-126x300.jpg 126w, https:\/\/oi-paris.com\/wordpress\/wp-content\/uploads\/2017\/02\/Amiel-jacques-1-768x1825.jpg 768w, https:\/\/oi-paris.com\/wordpress\/wp-content\/uploads\/2017\/02\/Amiel-jacques-1-431x1024.jpg 431w, https:\/\/oi-paris.com\/wordpress\/wp-content\/uploads\/2017\/02\/Amiel-jacques-1-600x1426.jpg 600w, https:\/\/oi-paris.com\/wordpress\/wp-content\/uploads\/2017\/02\/Amiel-jacques-1.jpg 808w\" sizes=\"auto, (max-width: 126px) 100vw, 126px\" \/><\/a><\/p>\n<p><span style=\"color: #000000;\">Merci \u00e0 Laure pour toutes les cr\u00eapes qui ont d\u00e9licieusement cl\u00f4tur\u00e9 cette r\u00e9union !<\/span><\/p>\n<p><span style=\"color: #000000;\"><strong>Rappel des r\u00e8gles<\/strong> \u00e0 respecter pour pr\u00e9senter sa production lors du Mardi d&#8217;OI :<\/span><\/p>\n<ul>\n<li><span style=\"color: #000000;\">Les photos (<strong>3 au maximum<\/strong>) sont \u00e0 envoyer au format <span style=\"color: #ff0000;\"><strong>jpeg<\/strong><\/span>, aux dimensions maximum de <span style=\"color: #ff0000;\"><strong>1920 x 1080 pixels<\/strong><\/span>, et doivent \u00eatre <strong><span style=\"color: #ff0000;\">nomm\u00e9es<\/span> avec le nom de l\u2019auteur<\/strong> suivi du num\u00e9ro dans lequel elles doivent \u00eatre projet\u00e9es (exemple : Bertheau-Juliette-1.jpg)<\/span><\/li>\n<li><span style=\"color: #000000;\">Les diaporamas sont \u00e0 envoyer au format exe, mpeg, mp4 ou wmv.<\/span><\/li>\n<li><span style=\"color: #000000;\">Les vid\u00e9os sont \u00e0 envoyer au format mpeg, mp4 ou wmv.<\/span><\/li>\n<li><span style=\"color: #000000;\">Tous les fichiers doivent \u00eatre d\u00e9pos\u00e9s sur le serveur du club la veille au soir (<\/span><strong><span style=\"color: #000000;\">acc\u00e8s sur demande aupr\u00e8s de<\/span> <a href=\"mailto:stephane@derny.com\">St\u00e9phane<\/a><\/strong>) <span style=\"color: #000000;\">ou apport\u00e9s sur cl\u00e9 usb le jour m\u00eame, mais \u00e0 19h au plus tard.<\/span><\/li>\n<\/ul>\n<p><strong><span style=\"color: #000000;\">Rendez-vous le 7 mars\u00a0pour le prochain mardi d&#8217;OI !<\/span><\/strong><\/p>\n","protected":false},"excerpt":{"rendered":"<p>Nous \u00e9tions 42\u00a0\u00e0 participer \u00e0 cette\u00a0r\u00e9union. En bref, ce qu&#8217;il s&#8217;est pass\u00e9 :<\/p>\n","protected":false},"author":2,"featured_media":5272,"comment_status":"closed","ping_status":"closed","sticky":false,"template":"","format":"standard","meta":{"_acf_changed":false,"_oasis_is_in_workflow":0,"_oasis_original":0,"_uag_custom_page_level_css":"","footnotes":""},"categories":[8],"tags":[],"class_list":["post-5262","post","type-post","status-publish","format-standard","has-post-thumbnail","hentry","category-mardi-doi"],"acf":[],"uagb_featured_image_src":{"full":["https:\/\/oi-paris.com\/wordpress\/wp-content\/uploads\/2017\/02\/UNE-Amiel-jacques-1.jpg",808,382,false],"thumbnail":["https:\/\/oi-paris.com\/wordpress\/wp-content\/uploads\/2017\/02\/UNE-Amiel-jacques-1-150x150.jpg",150,150,true],"medium":["https:\/\/oi-paris.com\/wordpress\/wp-content\/uploads\/2017\/02\/UNE-Amiel-jacques-1-300x142.jpg",300,142,true],"medium_large":["https:\/\/oi-paris.com\/wordpress\/wp-content\/uploads\/2017\/02\/UNE-Amiel-jacques-1-768x363.jpg",768,363,true],"large":["https:\/\/oi-paris.com\/wordpress\/wp-content\/uploads\/2017\/02\/UNE-Amiel-jacques-1.jpg",808,382,false],"1536x1536":["https:\/\/oi-paris.com\/wordpress\/wp-content\/uploads\/2017\/02\/UNE-Amiel-jacques-1.jpg",808,382,false],"2048x2048":["https:\/\/oi-paris.com\/wordpress\/wp-content\/uploads\/2017\/02\/UNE-Amiel-jacques-1.jpg",808,382,false],"thumb-small":["https:\/\/oi-paris.com\/wordpress\/wp-content\/uploads\/2017\/02\/UNE-Amiel-jacques-1-160x160.jpg",80,80,true],"thumb-standard":["https:\/\/oi-paris.com\/wordpress\/wp-content\/uploads\/2017\/02\/UNE-Amiel-jacques-1-320x320.jpg",320,320,true],"thumb-medium":["https:\/\/oi-paris.com\/wordpress\/wp-content\/uploads\/2017\/02\/UNE-Amiel-jacques-1-520x245.jpg",520,245,true],"thumb-large":["https:\/\/oi-paris.com\/wordpress\/wp-content\/uploads\/2017\/02\/UNE-Amiel-jacques-1-720x340.jpg",720,340,true],"thumb-xlarge":["https:\/\/oi-paris.com\/wordpress\/wp-content\/uploads\/2017\/02\/UNE-Amiel-jacques-1.jpg",808,382,false],"thumb-xxlarge":["https:\/\/oi-paris.com\/wordpress\/wp-content\/uploads\/2017\/02\/UNE-Amiel-jacques-1.jpg",808,382,false],"mailpoet_newsletter_max":["https:\/\/oi-paris.com\/wordpress\/wp-content\/uploads\/2017\/02\/UNE-Amiel-jacques-1.jpg",808,382,false]},"uagb_author_info":{"display_name":"Rozenn D","author_link":"https:\/\/oi-paris.com\/wordpress\/author\/rozenn\/"},"uagb_comment_info":0,"uagb_excerpt":"Nous \u00e9tions 42\u00a0\u00e0 participer \u00e0 cette\u00a0r\u00e9union. En bref, ce qu&#8217;il s&#8217;est pass\u00e9 :","_links":{"self":[{"href":"https:\/\/oi-paris.com\/wordpress\/wp-json\/wp\/v2\/posts\/5262","targetHints":{"allow":["GET"]}}],"collection":[{"href":"https:\/\/oi-paris.com\/wordpress\/wp-json\/wp\/v2\/posts"}],"about":[{"href":"https:\/\/oi-paris.com\/wordpress\/wp-json\/wp\/v2\/types\/post"}],"author":[{"embeddable":true,"href":"https:\/\/oi-paris.com\/wordpress\/wp-json\/wp\/v2\/users\/2"}],"replies":[{"embeddable":true,"href":"https:\/\/oi-paris.com\/wordpress\/wp-json\/wp\/v2\/comments?post=5262"}],"version-history":[{"count":5,"href":"https:\/\/oi-paris.com\/wordpress\/wp-json\/wp\/v2\/posts\/5262\/revisions"}],"predecessor-version":[{"id":5324,"href":"https:\/\/oi-paris.com\/wordpress\/wp-json\/wp\/v2\/posts\/5262\/revisions\/5324"}],"wp:featuredmedia":[{"embeddable":true,"href":"https:\/\/oi-paris.com\/wordpress\/wp-json\/wp\/v2\/media\/5272"}],"wp:attachment":[{"href":"https:\/\/oi-paris.com\/wordpress\/wp-json\/wp\/v2\/media?parent=5262"}],"wp:term":[{"taxonomy":"category","embeddable":true,"href":"https:\/\/oi-paris.com\/wordpress\/wp-json\/wp\/v2\/categories?post=5262"},{"taxonomy":"post_tag","embeddable":true,"href":"https:\/\/oi-paris.com\/wordpress\/wp-json\/wp\/v2\/tags?post=5262"}],"curies":[{"name":"wp","href":"https:\/\/api.w.org\/{rel}","templated":true}]}}