{"id":5437,"date":"2017-03-08T14:20:28","date_gmt":"2017-03-08T12:20:28","guid":{"rendered":"http:\/\/oi-paris.com\/wordpress\/?p=5437"},"modified":"2017-04-05T11:49:19","modified_gmt":"2017-04-05T09:49:19","slug":"resume-du-mardi-doi-du-7-mars-2017","status":"publish","type":"post","link":"https:\/\/oi-paris.com\/wordpress\/2017\/03\/08\/resume-du-mardi-doi-du-7-mars-2017\/","title":{"rendered":"R\u00e9sum\u00e9 du Mardi d&#8217;OI du 7 mars 2017"},"content":{"rendered":"<p><span style=\"color: #000000;\"><a href=\"http:\/\/oi-paris.com\/wordpress\/wp-content\/uploads\/2015\/08\/Reunion-carre.jpg\" data-rel=\"lightbox-image-0\" data-rl_title=\"\" data-rl_caption=\"\" title=\"\"><img loading=\"lazy\" decoding=\"async\" class=\"alignnone size-thumbnail wp-image-1743\" src=\"http:\/\/oi-paris.com\/wordpress\/wp-content\/uploads\/2015\/08\/Reunion-carre-150x150.jpg\" alt=\"Reunion-carre\" width=\"150\" height=\"150\" srcset=\"https:\/\/oi-paris.com\/wordpress\/wp-content\/uploads\/2015\/08\/Reunion-carre-150x150.jpg 150w, https:\/\/oi-paris.com\/wordpress\/wp-content\/uploads\/2015\/08\/Reunion-carre-300x300.jpg 300w, https:\/\/oi-paris.com\/wordpress\/wp-content\/uploads\/2015\/08\/Reunion-carre-160x160.jpg 160w, https:\/\/oi-paris.com\/wordpress\/wp-content\/uploads\/2015\/08\/Reunion-carre-320x320.jpg 320w, https:\/\/oi-paris.com\/wordpress\/wp-content\/uploads\/2015\/08\/Reunion-carre.jpg 463w\" sizes=\"auto, (max-width: 150px) 100vw, 150px\" \/><\/a><\/span><\/p>\n<p><span style=\"color: #000000;\">Nous \u00e9tions 45 \u00e0 participer \u00e0 cette\u00a0r\u00e9union. En bref, ce qu&#8217;il s&#8217;est pass\u00e9 :<\/span><br \/>\n<!--more--><\/p>\n<h2><span style=\"color: #000000;\"><strong>La vie au\u00a0club<\/strong><\/span><\/h2>\n<h3><span style=\"color: #000000;\"><strong>Formations<\/strong><\/span><\/h3>\n<p><span style=\"color: #000000;\">Jeudi<strong> 9\/03<\/strong> &#8211; Initiation Lightroom. Sur inscription aupr\u00e8s de <a href=\"mailto:stephane@oi-paris.com\">St\u00e9phane<\/a> (places limit\u00e9es).<br \/>\n<\/span><\/p>\n<h3><span style=\"color: #000000;\"><strong>R\u00e9unions<\/strong><\/span><\/h3>\n<p><span style=\"color: #000000;\">Mardi\u00a0<strong>14\/03<\/strong> &#8211; R\u00e9union technique : Pr\u00e9paration\u00a0sur les th\u00e8mes &#8220;Minimalisme&#8221;\u00a0et &#8220;Panoramique grand format&#8221;.<br \/>\n<\/span><\/p>\n<p><span style=\"color: #000000;\">Mardi<strong> 21\/03<\/strong> &#8211; Atelier &#8220;Culture de l&#8217;image&#8221; avec <a href=\"mailto:benepenn@gmil.com\">B\u00e9n\u00e9dicte<\/a>. Troisi\u00e8me et derni\u00e8re s\u00e9ance sur le portrait (judiciaire et anthropologique \/ ethnologique). Vous pouvez apporter 2-3 photos d&#8217;apr\u00e8s la timeline.<\/span><\/p>\n<h3><span style=\"color: #000000;\"><strong>Surprise<\/strong><\/span><\/h3>\n<p><span style=\"color: #000000;\">La surprise du jour \u00e9tait la sortie du N\u00b067 de la revue Images, \u00e9dit\u00e9e par Objectif Image National, avec en couverture, notre cher Hergo, qui nous a fait le plaisir d&#8217;une s\u00e9ance de d\u00e9dicace en fin de r\u00e9union.<br \/>\n<\/span><\/p>\n\n\t\t<style>\n\t\t\t#gallery-1 {\n\t\t\t\tmargin: auto;\n\t\t\t}\n\t\t\t#gallery-1 .gallery-item {\n\t\t\t\tfloat: left;\n\t\t\t\tmargin-top: 10px;\n\t\t\t\ttext-align: center;\n\t\t\t\twidth: 33%;\n\t\t\t}\n\t\t\t#gallery-1 img {\n\t\t\t\tborder: 2px solid #cfcfcf;\n\t\t\t}\n\t\t\t#gallery-1 .gallery-caption {\n\t\t\t\tmargin-left: 0;\n\t\t\t}\n\t\t\t\/* see gallery_shortcode() in wp-includes\/media.php *\/\n\t\t<\/style>\n\t\t<div id='gallery-1' class='gallery galleryid-5437 gallery-columns-3 gallery-size-large'><dl class='gallery-item'>\n\t\t\t<dt class='gallery-icon landscape'>\n\t\t\t\t<a href='https:\/\/oi-paris.com\/wordpress\/wp-content\/uploads\/2017\/03\/@-La-Vie-au-club-Image-67-.jpg' title=\"\" data-rl_title=\"\" class=\"rl-gallery-link\" data-rl_caption=\"\" data-rel=\"lightbox-gallery-1\"><img loading=\"lazy\" decoding=\"async\" width=\"1024\" height=\"576\" src=\"https:\/\/oi-paris.com\/wordpress\/wp-content\/uploads\/2017\/03\/@-La-Vie-au-club-Image-67--1024x576.jpg\" class=\"attachment-large size-large\" alt=\"\" srcset=\"https:\/\/oi-paris.com\/wordpress\/wp-content\/uploads\/2017\/03\/@-La-Vie-au-club-Image-67--1024x576.jpg 1024w, https:\/\/oi-paris.com\/wordpress\/wp-content\/uploads\/2017\/03\/@-La-Vie-au-club-Image-67--300x169.jpg 300w, https:\/\/oi-paris.com\/wordpress\/wp-content\/uploads\/2017\/03\/@-La-Vie-au-club-Image-67--768x432.jpg 768w, https:\/\/oi-paris.com\/wordpress\/wp-content\/uploads\/2017\/03\/@-La-Vie-au-club-Image-67--600x338.jpg 600w, https:\/\/oi-paris.com\/wordpress\/wp-content\/uploads\/2017\/03\/@-La-Vie-au-club-Image-67-.jpg 1920w\" sizes=\"auto, (max-width: 1024px) 100vw, 1024px\" \/><\/a>\n\t\t\t<\/dt><\/dl><dl class='gallery-item'>\n\t\t\t<dt class='gallery-icon landscape'>\n\t\t\t\t<a href='https:\/\/oi-paris.com\/wordpress\/wp-content\/uploads\/2017\/03\/4.jpg' title=\"\" data-rl_title=\"\" class=\"rl-gallery-link\" data-rl_caption=\"\" data-rel=\"lightbox-gallery-1\"><img loading=\"lazy\" decoding=\"async\" width=\"1024\" height=\"768\" src=\"https:\/\/oi-paris.com\/wordpress\/wp-content\/uploads\/2017\/03\/4-1024x768.jpg\" class=\"attachment-large size-large\" alt=\"\" srcset=\"https:\/\/oi-paris.com\/wordpress\/wp-content\/uploads\/2017\/03\/4.jpg 1024w, https:\/\/oi-paris.com\/wordpress\/wp-content\/uploads\/2017\/03\/4-300x225.jpg 300w, https:\/\/oi-paris.com\/wordpress\/wp-content\/uploads\/2017\/03\/4-768x576.jpg 768w, https:\/\/oi-paris.com\/wordpress\/wp-content\/uploads\/2017\/03\/4-600x450.jpg 600w\" sizes=\"auto, (max-width: 1024px) 100vw, 1024px\" \/><\/a>\n\t\t\t<\/dt><\/dl><dl class='gallery-item'>\n\t\t\t<dt class='gallery-icon landscape'>\n\t\t\t\t<a href='https:\/\/oi-paris.com\/wordpress\/wp-content\/uploads\/2017\/03\/5.jpg' title=\"\" data-rl_title=\"\" class=\"rl-gallery-link\" data-rl_caption=\"\" data-rel=\"lightbox-gallery-1\"><img loading=\"lazy\" decoding=\"async\" width=\"1024\" height=\"768\" src=\"https:\/\/oi-paris.com\/wordpress\/wp-content\/uploads\/2017\/03\/5-1024x768.jpg\" class=\"attachment-large size-large\" alt=\"\" srcset=\"https:\/\/oi-paris.com\/wordpress\/wp-content\/uploads\/2017\/03\/5.jpg 1024w, https:\/\/oi-paris.com\/wordpress\/wp-content\/uploads\/2017\/03\/5-300x225.jpg 300w, https:\/\/oi-paris.com\/wordpress\/wp-content\/uploads\/2017\/03\/5-768x576.jpg 768w, https:\/\/oi-paris.com\/wordpress\/wp-content\/uploads\/2017\/03\/5-600x450.jpg 600w\" sizes=\"auto, (max-width: 1024px) 100vw, 1024px\" \/><\/a>\n\t\t\t<\/dt><\/dl><br style=\"clear: both\" \/>\n\t\t<\/div>\n\n<p><span style=\"color: #000000;\"><em>Les dates\u00a0des diff\u00e9rents \u00e9v\u00e9nements sont not\u00e9es dans <span style=\"color: #0000ff;\"><a style=\"color: #0000ff;\" href=\"http:\/\/oi-paris.com\/wordpress\/accueil\/\" target=\"_blank\">l&#8217;agenda<\/a><\/span>.<\/em><\/span><\/p>\n<h2><span style=\"color: #000000;\"><strong>Le photographe myst\u00e8re<\/strong><\/span><\/h2>\n<p><span style=\"color: #000000;\">Il nous a \u00e9t\u00e9 pr\u00e9sent\u00e9 par Jacques A. Article <a href=\"http:\/\/oi-paris.com\/wordpress\/2017\/03\/08\/le-photographe-mystere-de-mars-2017\/\">ici<\/a>.<br \/>\n<\/span><\/p>\n<h2><span style=\"color: #000000;\"><strong>L&#8217;adh\u00e9rent du mois<\/strong><\/span><\/h2>\n<p><span style=\"color: #000000;\">Ce mois-ci, l&#8217;adh\u00e9rent invit\u00e9 \u00e0 pr\u00e9senter ses photos \u00e9tait Jacques A.<\/span><\/p>\n\n\t\t<style>\n\t\t\t#gallery-2 {\n\t\t\t\tmargin: auto;\n\t\t\t}\n\t\t\t#gallery-2 .gallery-item {\n\t\t\t\tfloat: left;\n\t\t\t\tmargin-top: 10px;\n\t\t\t\ttext-align: center;\n\t\t\t\twidth: 33%;\n\t\t\t}\n\t\t\t#gallery-2 img {\n\t\t\t\tborder: 2px solid #cfcfcf;\n\t\t\t}\n\t\t\t#gallery-2 .gallery-caption {\n\t\t\t\tmargin-left: 0;\n\t\t\t}\n\t\t\t\/* see gallery_shortcode() in wp-includes\/media.php *\/\n\t\t<\/style>\n\t\t<div id='gallery-2' class='gallery galleryid-5437 gallery-columns-3 gallery-size-large'><dl class='gallery-item'>\n\t\t\t<dt class='gallery-icon portrait'>\n\t\t\t\t<a href='https:\/\/oi-paris.com\/wordpress\/wp-content\/uploads\/2017\/03\/1-place-Furstenberg_r.jpg' title=\"\" data-rl_title=\"\" class=\"rl-gallery-link\" data-rl_caption=\"\" data-rel=\"lightbox-gallery-2\"><img loading=\"lazy\" decoding=\"async\" width=\"991\" height=\"1024\" src=\"https:\/\/oi-paris.com\/wordpress\/wp-content\/uploads\/2017\/03\/1-place-Furstenberg_r-991x1024.jpg\" class=\"attachment-large size-large\" alt=\"\" srcset=\"https:\/\/oi-paris.com\/wordpress\/wp-content\/uploads\/2017\/03\/1-place-Furstenberg_r-991x1024.jpg 991w, https:\/\/oi-paris.com\/wordpress\/wp-content\/uploads\/2017\/03\/1-place-Furstenberg_r-290x300.jpg 290w, https:\/\/oi-paris.com\/wordpress\/wp-content\/uploads\/2017\/03\/1-place-Furstenberg_r-768x794.jpg 768w, https:\/\/oi-paris.com\/wordpress\/wp-content\/uploads\/2017\/03\/1-place-Furstenberg_r-600x620.jpg 600w, https:\/\/oi-paris.com\/wordpress\/wp-content\/uploads\/2017\/03\/1-place-Furstenberg_r.jpg 1045w\" sizes=\"auto, (max-width: 991px) 100vw, 991px\" \/><\/a>\n\t\t\t<\/dt><\/dl><dl class='gallery-item'>\n\t\t\t<dt class='gallery-icon landscape'>\n\t\t\t\t<a href='https:\/\/oi-paris.com\/wordpress\/wp-content\/uploads\/2017\/03\/2-2011-07-XX-n\u00b0-24-2_r.jpg' title=\"\" data-rl_title=\"\" class=\"rl-gallery-link\" data-rl_caption=\"\" data-rel=\"lightbox-gallery-2\"><img loading=\"lazy\" decoding=\"async\" width=\"1024\" height=\"732\" src=\"https:\/\/oi-paris.com\/wordpress\/wp-content\/uploads\/2017\/03\/2-2011-07-XX-n\u00b0-24-2_r-1024x732.jpg\" class=\"attachment-large size-large\" alt=\"\" srcset=\"https:\/\/oi-paris.com\/wordpress\/wp-content\/uploads\/2017\/03\/2-2011-07-XX-n\u00b0-24-2_r-1024x732.jpg 1024w, https:\/\/oi-paris.com\/wordpress\/wp-content\/uploads\/2017\/03\/2-2011-07-XX-n\u00b0-24-2_r-300x214.jpg 300w, https:\/\/oi-paris.com\/wordpress\/wp-content\/uploads\/2017\/03\/2-2011-07-XX-n\u00b0-24-2_r-768x549.jpg 768w, https:\/\/oi-paris.com\/wordpress\/wp-content\/uploads\/2017\/03\/2-2011-07-XX-n\u00b0-24-2_r-600x429.jpg 600w, https:\/\/oi-paris.com\/wordpress\/wp-content\/uploads\/2017\/03\/2-2011-07-XX-n\u00b0-24-2_r.jpg 1920w\" sizes=\"auto, (max-width: 1024px) 100vw, 1024px\" \/><\/a>\n\t\t\t<\/dt><\/dl><dl class='gallery-item'>\n\t\t\t<dt class='gallery-icon portrait'>\n\t\t\t\t<a href='https:\/\/oi-paris.com\/wordpress\/wp-content\/uploads\/2017\/03\/3-DSC05671_r.jpg' title=\"\" data-rl_title=\"\" class=\"rl-gallery-link\" data-rl_caption=\"\" data-rel=\"lightbox-gallery-2\"><img loading=\"lazy\" decoding=\"async\" width=\"768\" height=\"1024\" src=\"https:\/\/oi-paris.com\/wordpress\/wp-content\/uploads\/2017\/03\/3-DSC05671_r-768x1024.jpg\" class=\"attachment-large size-large\" alt=\"\" srcset=\"https:\/\/oi-paris.com\/wordpress\/wp-content\/uploads\/2017\/03\/3-DSC05671_r-768x1024.jpg 768w, https:\/\/oi-paris.com\/wordpress\/wp-content\/uploads\/2017\/03\/3-DSC05671_r-225x300.jpg 225w, https:\/\/oi-paris.com\/wordpress\/wp-content\/uploads\/2017\/03\/3-DSC05671_r-600x800.jpg 600w, https:\/\/oi-paris.com\/wordpress\/wp-content\/uploads\/2017\/03\/3-DSC05671_r.jpg 810w\" sizes=\"auto, (max-width: 768px) 100vw, 768px\" \/><\/a>\n\t\t\t<\/dt><\/dl><br style=\"clear: both\" \/><dl class='gallery-item'>\n\t\t\t<dt class='gallery-icon landscape'>\n\t\t\t\t<a href='https:\/\/oi-paris.com\/wordpress\/wp-content\/uploads\/2017\/03\/4-2004-03-14-I-n\u00b005_r.jpg' title=\"\" data-rl_title=\"\" class=\"rl-gallery-link\" data-rl_caption=\"\" data-rel=\"lightbox-gallery-2\"><img loading=\"lazy\" decoding=\"async\" width=\"1024\" height=\"703\" src=\"https:\/\/oi-paris.com\/wordpress\/wp-content\/uploads\/2017\/03\/4-2004-03-14-I-n\u00b005_r-1024x703.jpg\" class=\"attachment-large size-large\" alt=\"\" srcset=\"https:\/\/oi-paris.com\/wordpress\/wp-content\/uploads\/2017\/03\/4-2004-03-14-I-n\u00b005_r-1024x703.jpg 1024w, https:\/\/oi-paris.com\/wordpress\/wp-content\/uploads\/2017\/03\/4-2004-03-14-I-n\u00b005_r-300x206.jpg 300w, https:\/\/oi-paris.com\/wordpress\/wp-content\/uploads\/2017\/03\/4-2004-03-14-I-n\u00b005_r-768x527.jpg 768w, https:\/\/oi-paris.com\/wordpress\/wp-content\/uploads\/2017\/03\/4-2004-03-14-I-n\u00b005_r-600x412.jpg 600w, https:\/\/oi-paris.com\/wordpress\/wp-content\/uploads\/2017\/03\/4-2004-03-14-I-n\u00b005_r.jpg 1574w\" sizes=\"auto, (max-width: 1024px) 100vw, 1024px\" \/><\/a>\n\t\t\t<\/dt><\/dl><dl class='gallery-item'>\n\t\t\t<dt class='gallery-icon portrait'>\n\t\t\t\t<a href='https:\/\/oi-paris.com\/wordpress\/wp-content\/uploads\/2017\/03\/5-2000-02-05-n\u00b030-copie-2_r.jpg' title=\"\" data-rl_title=\"\" class=\"rl-gallery-link\" data-rl_caption=\"\" data-rel=\"lightbox-gallery-2\"><img loading=\"lazy\" decoding=\"async\" width=\"602\" height=\"1024\" src=\"https:\/\/oi-paris.com\/wordpress\/wp-content\/uploads\/2017\/03\/5-2000-02-05-n\u00b030-copie-2_r-602x1024.jpg\" class=\"attachment-large size-large\" alt=\"\" srcset=\"https:\/\/oi-paris.com\/wordpress\/wp-content\/uploads\/2017\/03\/5-2000-02-05-n\u00b030-copie-2_r-602x1024.jpg 602w, https:\/\/oi-paris.com\/wordpress\/wp-content\/uploads\/2017\/03\/5-2000-02-05-n\u00b030-copie-2_r-176x300.jpg 176w, https:\/\/oi-paris.com\/wordpress\/wp-content\/uploads\/2017\/03\/5-2000-02-05-n\u00b030-copie-2_r-600x1020.jpg 600w, https:\/\/oi-paris.com\/wordpress\/wp-content\/uploads\/2017\/03\/5-2000-02-05-n\u00b030-copie-2_r.jpg 635w\" sizes=\"auto, (max-width: 602px) 100vw, 602px\" \/><\/a>\n\t\t\t<\/dt><\/dl><dl class='gallery-item'>\n\t\t\t<dt class='gallery-icon landscape'>\n\t\t\t\t<a href='https:\/\/oi-paris.com\/wordpress\/wp-content\/uploads\/2017\/03\/6-2007-02-22-0407-n\u00b0-08-copie_r.jpg' title=\"\" data-rl_title=\"\" class=\"rl-gallery-link\" data-rl_caption=\"\" data-rel=\"lightbox-gallery-2\"><img loading=\"lazy\" decoding=\"async\" width=\"1024\" height=\"681\" src=\"https:\/\/oi-paris.com\/wordpress\/wp-content\/uploads\/2017\/03\/6-2007-02-22-0407-n\u00b0-08-copie_r-1024x681.jpg\" class=\"attachment-large size-large\" alt=\"\" srcset=\"https:\/\/oi-paris.com\/wordpress\/wp-content\/uploads\/2017\/03\/6-2007-02-22-0407-n\u00b0-08-copie_r-1024x681.jpg 1024w, https:\/\/oi-paris.com\/wordpress\/wp-content\/uploads\/2017\/03\/6-2007-02-22-0407-n\u00b0-08-copie_r-300x199.jpg 300w, https:\/\/oi-paris.com\/wordpress\/wp-content\/uploads\/2017\/03\/6-2007-02-22-0407-n\u00b0-08-copie_r-768x510.jpg 768w, https:\/\/oi-paris.com\/wordpress\/wp-content\/uploads\/2017\/03\/6-2007-02-22-0407-n\u00b0-08-copie_r-600x399.jpg 600w, https:\/\/oi-paris.com\/wordpress\/wp-content\/uploads\/2017\/03\/6-2007-02-22-0407-n\u00b0-08-copie_r.jpg 1625w\" sizes=\"auto, (max-width: 1024px) 100vw, 1024px\" \/><\/a>\n\t\t\t<\/dt><\/dl><br style=\"clear: both\" \/><dl class='gallery-item'>\n\t\t\t<dt class='gallery-icon landscape'>\n\t\t\t\t<a href='https:\/\/oi-paris.com\/wordpress\/wp-content\/uploads\/2017\/03\/7-2007-02-22-0407-n\u00b0-28_r.jpg' title=\"\" data-rl_title=\"\" class=\"rl-gallery-link\" data-rl_caption=\"\" data-rel=\"lightbox-gallery-2\"><img loading=\"lazy\" decoding=\"async\" width=\"1024\" height=\"684\" src=\"https:\/\/oi-paris.com\/wordpress\/wp-content\/uploads\/2017\/03\/7-2007-02-22-0407-n\u00b0-28_r-1024x684.jpg\" class=\"attachment-large size-large\" alt=\"\" srcset=\"https:\/\/oi-paris.com\/wordpress\/wp-content\/uploads\/2017\/03\/7-2007-02-22-0407-n\u00b0-28_r-1024x684.jpg 1024w, https:\/\/oi-paris.com\/wordpress\/wp-content\/uploads\/2017\/03\/7-2007-02-22-0407-n\u00b0-28_r-300x200.jpg 300w, https:\/\/oi-paris.com\/wordpress\/wp-content\/uploads\/2017\/03\/7-2007-02-22-0407-n\u00b0-28_r-768x513.jpg 768w, https:\/\/oi-paris.com\/wordpress\/wp-content\/uploads\/2017\/03\/7-2007-02-22-0407-n\u00b0-28_r-600x401.jpg 600w, https:\/\/oi-paris.com\/wordpress\/wp-content\/uploads\/2017\/03\/7-2007-02-22-0407-n\u00b0-28_r.jpg 1617w\" sizes=\"auto, (max-width: 1024px) 100vw, 1024px\" \/><\/a>\n\t\t\t<\/dt><\/dl><dl class='gallery-item'>\n\t\t\t<dt class='gallery-icon portrait'>\n\t\t\t\t<a href='https:\/\/oi-paris.com\/wordpress\/wp-content\/uploads\/2017\/03\/8-2000-11-28-n\u00b035A_r.jpg' title=\"\" data-rl_title=\"\" class=\"rl-gallery-link\" data-rl_caption=\"\" data-rel=\"lightbox-gallery-2\"><img loading=\"lazy\" decoding=\"async\" width=\"691\" height=\"1024\" src=\"https:\/\/oi-paris.com\/wordpress\/wp-content\/uploads\/2017\/03\/8-2000-11-28-n\u00b035A_r-691x1024.jpg\" class=\"attachment-large size-large\" alt=\"\" srcset=\"https:\/\/oi-paris.com\/wordpress\/wp-content\/uploads\/2017\/03\/8-2000-11-28-n\u00b035A_r-691x1024.jpg 691w, https:\/\/oi-paris.com\/wordpress\/wp-content\/uploads\/2017\/03\/8-2000-11-28-n\u00b035A_r-203x300.jpg 203w, https:\/\/oi-paris.com\/wordpress\/wp-content\/uploads\/2017\/03\/8-2000-11-28-n\u00b035A_r-600x889.jpg 600w, https:\/\/oi-paris.com\/wordpress\/wp-content\/uploads\/2017\/03\/8-2000-11-28-n\u00b035A_r.jpg 729w\" sizes=\"auto, (max-width: 691px) 100vw, 691px\" \/><\/a>\n\t\t\t<\/dt><\/dl><dl class='gallery-item'>\n\t\t\t<dt class='gallery-icon portrait'>\n\t\t\t\t<a href='https:\/\/oi-paris.com\/wordpress\/wp-content\/uploads\/2017\/03\/9-2009-XX-XX-16-0901_r.jpg' title=\"\" data-rl_title=\"\" class=\"rl-gallery-link\" data-rl_caption=\"\" data-rel=\"lightbox-gallery-2\"><img loading=\"lazy\" decoding=\"async\" width=\"786\" height=\"1024\" src=\"https:\/\/oi-paris.com\/wordpress\/wp-content\/uploads\/2017\/03\/9-2009-XX-XX-16-0901_r-786x1024.jpg\" class=\"attachment-large size-large\" alt=\"\" srcset=\"https:\/\/oi-paris.com\/wordpress\/wp-content\/uploads\/2017\/03\/9-2009-XX-XX-16-0901_r-786x1024.jpg 786w, https:\/\/oi-paris.com\/wordpress\/wp-content\/uploads\/2017\/03\/9-2009-XX-XX-16-0901_r-230x300.jpg 230w, https:\/\/oi-paris.com\/wordpress\/wp-content\/uploads\/2017\/03\/9-2009-XX-XX-16-0901_r-768x1001.jpg 768w, https:\/\/oi-paris.com\/wordpress\/wp-content\/uploads\/2017\/03\/9-2009-XX-XX-16-0901_r-600x782.jpg 600w, https:\/\/oi-paris.com\/wordpress\/wp-content\/uploads\/2017\/03\/9-2009-XX-XX-16-0901_r.jpg 829w\" sizes=\"auto, (max-width: 786px) 100vw, 786px\" \/><\/a>\n\t\t\t<\/dt><\/dl><br style=\"clear: both\" \/><dl class='gallery-item'>\n\t\t\t<dt class='gallery-icon portrait'>\n\t\t\t\t<a href='https:\/\/oi-paris.com\/wordpress\/wp-content\/uploads\/2017\/03\/10-2006-01-02-0601n\u00b009-copie-2.jpg' title=\"\" data-rl_title=\"\" class=\"rl-gallery-link\" data-rl_caption=\"\" data-rel=\"lightbox-gallery-2\"><img loading=\"lazy\" decoding=\"async\" width=\"684\" height=\"1024\" src=\"https:\/\/oi-paris.com\/wordpress\/wp-content\/uploads\/2017\/03\/10-2006-01-02-0601n\u00b009-copie-2-684x1024.jpg\" class=\"attachment-large size-large\" alt=\"\" srcset=\"https:\/\/oi-paris.com\/wordpress\/wp-content\/uploads\/2017\/03\/10-2006-01-02-0601n\u00b009-copie-2-684x1024.jpg 684w, https:\/\/oi-paris.com\/wordpress\/wp-content\/uploads\/2017\/03\/10-2006-01-02-0601n\u00b009-copie-2-200x300.jpg 200w, https:\/\/oi-paris.com\/wordpress\/wp-content\/uploads\/2017\/03\/10-2006-01-02-0601n\u00b009-copie-2-768x1149.jpg 768w, https:\/\/oi-paris.com\/wordpress\/wp-content\/uploads\/2017\/03\/10-2006-01-02-0601n\u00b009-copie-2-600x898.jpg 600w\" sizes=\"auto, (max-width: 684px) 100vw, 684px\" \/><\/a>\n\t\t\t<\/dt><\/dl><dl class='gallery-item'>\n\t\t\t<dt class='gallery-icon landscape'>\n\t\t\t\t<a href='https:\/\/oi-paris.com\/wordpress\/wp-content\/uploads\/2017\/03\/11-DSC05584-copie-recadre\u0301_r.jpg' title=\"\" data-rl_title=\"\" class=\"rl-gallery-link\" data-rl_caption=\"\" data-rel=\"lightbox-gallery-2\"><img loading=\"lazy\" decoding=\"async\" width=\"1024\" height=\"807\" src=\"https:\/\/oi-paris.com\/wordpress\/wp-content\/uploads\/2017\/03\/11-DSC05584-copie-recadre\u0301_r-1024x807.jpg\" class=\"attachment-large size-large\" alt=\"\" srcset=\"https:\/\/oi-paris.com\/wordpress\/wp-content\/uploads\/2017\/03\/11-DSC05584-copie-recadre\u0301_r-1024x807.jpg 1024w, https:\/\/oi-paris.com\/wordpress\/wp-content\/uploads\/2017\/03\/11-DSC05584-copie-recadre\u0301_r-300x236.jpg 300w, https:\/\/oi-paris.com\/wordpress\/wp-content\/uploads\/2017\/03\/11-DSC05584-copie-recadre\u0301_r-768x605.jpg 768w, https:\/\/oi-paris.com\/wordpress\/wp-content\/uploads\/2017\/03\/11-DSC05584-copie-recadre\u0301_r-600x473.jpg 600w, https:\/\/oi-paris.com\/wordpress\/wp-content\/uploads\/2017\/03\/11-DSC05584-copie-recadre\u0301_r.jpg 1370w\" sizes=\"auto, (max-width: 1024px) 100vw, 1024px\" \/><\/a>\n\t\t\t<\/dt><\/dl><dl class='gallery-item'>\n\t\t\t<dt class='gallery-icon portrait'>\n\t\t\t\t<a href='https:\/\/oi-paris.com\/wordpress\/wp-content\/uploads\/2017\/03\/12-2001-11-10-n\u00b0-17_r.jpg' title=\"\" data-rl_title=\"\" class=\"rl-gallery-link\" data-rl_caption=\"\" data-rel=\"lightbox-gallery-2\"><img loading=\"lazy\" decoding=\"async\" width=\"686\" height=\"1024\" src=\"https:\/\/oi-paris.com\/wordpress\/wp-content\/uploads\/2017\/03\/12-2001-11-10-n\u00b0-17_r-686x1024.jpg\" class=\"attachment-large size-large\" alt=\"\" srcset=\"https:\/\/oi-paris.com\/wordpress\/wp-content\/uploads\/2017\/03\/12-2001-11-10-n\u00b0-17_r-686x1024.jpg 686w, https:\/\/oi-paris.com\/wordpress\/wp-content\/uploads\/2017\/03\/12-2001-11-10-n\u00b0-17_r-201x300.jpg 201w, https:\/\/oi-paris.com\/wordpress\/wp-content\/uploads\/2017\/03\/12-2001-11-10-n\u00b0-17_r-600x896.jpg 600w, https:\/\/oi-paris.com\/wordpress\/wp-content\/uploads\/2017\/03\/12-2001-11-10-n\u00b0-17_r.jpg 723w\" sizes=\"auto, (max-width: 686px) 100vw, 686px\" \/><\/a>\n\t\t\t<\/dt><\/dl><br style=\"clear: both\" \/><dl class='gallery-item'>\n\t\t\t<dt class='gallery-icon landscape'>\n\t\t\t\t<a href='https:\/\/oi-paris.com\/wordpress\/wp-content\/uploads\/2017\/03\/13-2015-10-10-n\u00b019_r.jpg' title=\"\" data-rl_title=\"\" class=\"rl-gallery-link\" data-rl_caption=\"\" data-rel=\"lightbox-gallery-2\"><img loading=\"lazy\" decoding=\"async\" width=\"1024\" height=\"690\" src=\"https:\/\/oi-paris.com\/wordpress\/wp-content\/uploads\/2017\/03\/13-2015-10-10-n\u00b019_r-1024x690.jpg\" class=\"attachment-large size-large\" alt=\"\" srcset=\"https:\/\/oi-paris.com\/wordpress\/wp-content\/uploads\/2017\/03\/13-2015-10-10-n\u00b019_r-1024x690.jpg 1024w, https:\/\/oi-paris.com\/wordpress\/wp-content\/uploads\/2017\/03\/13-2015-10-10-n\u00b019_r-300x202.jpg 300w, https:\/\/oi-paris.com\/wordpress\/wp-content\/uploads\/2017\/03\/13-2015-10-10-n\u00b019_r-768x518.jpg 768w, https:\/\/oi-paris.com\/wordpress\/wp-content\/uploads\/2017\/03\/13-2015-10-10-n\u00b019_r-600x404.jpg 600w, https:\/\/oi-paris.com\/wordpress\/wp-content\/uploads\/2017\/03\/13-2015-10-10-n\u00b019_r.jpg 1601w\" sizes=\"auto, (max-width: 1024px) 100vw, 1024px\" \/><\/a>\n\t\t\t<\/dt><\/dl><dl class='gallery-item'>\n\t\t\t<dt class='gallery-icon landscape'>\n\t\t\t\t<a href='https:\/\/oi-paris.com\/wordpress\/wp-content\/uploads\/2017\/03\/14-2004-06-23-n\u00b023A_r.jpg' title=\"\" data-rl_title=\"\" class=\"rl-gallery-link\" data-rl_caption=\"\" data-rel=\"lightbox-gallery-2\"><img loading=\"lazy\" decoding=\"async\" width=\"1024\" height=\"692\" src=\"https:\/\/oi-paris.com\/wordpress\/wp-content\/uploads\/2017\/03\/14-2004-06-23-n\u00b023A_r-1024x692.jpg\" class=\"attachment-large size-large\" alt=\"\" srcset=\"https:\/\/oi-paris.com\/wordpress\/wp-content\/uploads\/2017\/03\/14-2004-06-23-n\u00b023A_r-1024x692.jpg 1024w, https:\/\/oi-paris.com\/wordpress\/wp-content\/uploads\/2017\/03\/14-2004-06-23-n\u00b023A_r-300x203.jpg 300w, https:\/\/oi-paris.com\/wordpress\/wp-content\/uploads\/2017\/03\/14-2004-06-23-n\u00b023A_r-768x519.jpg 768w, https:\/\/oi-paris.com\/wordpress\/wp-content\/uploads\/2017\/03\/14-2004-06-23-n\u00b023A_r-600x405.jpg 600w, https:\/\/oi-paris.com\/wordpress\/wp-content\/uploads\/2017\/03\/14-2004-06-23-n\u00b023A_r.jpg 1599w\" sizes=\"auto, (max-width: 1024px) 100vw, 1024px\" \/><\/a>\n\t\t\t<\/dt><\/dl><dl class='gallery-item'>\n\t\t\t<dt class='gallery-icon landscape'>\n\t\t\t\t<a href='https:\/\/oi-paris.com\/wordpress\/wp-content\/uploads\/2017\/03\/15-2004-06-23-n\u00b003A.jpg' title=\"\" data-rl_title=\"\" class=\"rl-gallery-link\" data-rl_caption=\"\" data-rel=\"lightbox-gallery-2\"><img loading=\"lazy\" decoding=\"async\" width=\"1024\" height=\"699\" src=\"https:\/\/oi-paris.com\/wordpress\/wp-content\/uploads\/2017\/03\/15-2004-06-23-n\u00b003A-1024x699.jpg\" class=\"attachment-large size-large\" alt=\"\" srcset=\"https:\/\/oi-paris.com\/wordpress\/wp-content\/uploads\/2017\/03\/15-2004-06-23-n\u00b003A-1024x699.jpg 1024w, https:\/\/oi-paris.com\/wordpress\/wp-content\/uploads\/2017\/03\/15-2004-06-23-n\u00b003A-300x205.jpg 300w, https:\/\/oi-paris.com\/wordpress\/wp-content\/uploads\/2017\/03\/15-2004-06-23-n\u00b003A-768x524.jpg 768w, https:\/\/oi-paris.com\/wordpress\/wp-content\/uploads\/2017\/03\/15-2004-06-23-n\u00b003A-600x409.jpg 600w, https:\/\/oi-paris.com\/wordpress\/wp-content\/uploads\/2017\/03\/15-2004-06-23-n\u00b003A.jpg 1583w\" sizes=\"auto, (max-width: 1024px) 100vw, 1024px\" \/><\/a>\n\t\t\t<\/dt><\/dl><br style=\"clear: both\" \/><dl class='gallery-item'>\n\t\t\t<dt class='gallery-icon landscape'>\n\t\t\t\t<a href='https:\/\/oi-paris.com\/wordpress\/wp-content\/uploads\/2017\/03\/16-2004-06-23-n\u00b015A_r.jpg' title=\"\" data-rl_title=\"\" class=\"rl-gallery-link\" data-rl_caption=\"\" data-rel=\"lightbox-gallery-2\"><img loading=\"lazy\" decoding=\"async\" width=\"1024\" height=\"685\" src=\"https:\/\/oi-paris.com\/wordpress\/wp-content\/uploads\/2017\/03\/16-2004-06-23-n\u00b015A_r-1024x685.jpg\" class=\"attachment-large size-large\" alt=\"\" srcset=\"https:\/\/oi-paris.com\/wordpress\/wp-content\/uploads\/2017\/03\/16-2004-06-23-n\u00b015A_r-1024x685.jpg 1024w, https:\/\/oi-paris.com\/wordpress\/wp-content\/uploads\/2017\/03\/16-2004-06-23-n\u00b015A_r-300x201.jpg 300w, https:\/\/oi-paris.com\/wordpress\/wp-content\/uploads\/2017\/03\/16-2004-06-23-n\u00b015A_r-768x514.jpg 768w, https:\/\/oi-paris.com\/wordpress\/wp-content\/uploads\/2017\/03\/16-2004-06-23-n\u00b015A_r-600x401.jpg 600w, https:\/\/oi-paris.com\/wordpress\/wp-content\/uploads\/2017\/03\/16-2004-06-23-n\u00b015A_r.jpg 1615w\" sizes=\"auto, (max-width: 1024px) 100vw, 1024px\" \/><\/a>\n\t\t\t<\/dt><\/dl>\n\t\t\t<br style='clear: both' \/>\n\t\t<\/div>\n\n<h2><span style=\"color: #000000;\"><strong>Les expositions dont on a parl\u00e9<\/strong><\/span><\/h2>\n<ul>\n<li><span style=\"color: #000000;\">Jusqu&#8217;au 9\/04 \u00e0 la MEP :<\/span> <a href=\"http:\/\/www.mep-fr.org\/evenement\/gao-bo\/\" target=\"_blank\">Gao Bo<\/a> <span style=\"color: #000000;\">et<\/span> <a href=\"http:\/\/www.mep-fr.org\/evenement\/rencontres-de-bernard-plossu\/\" target=\"_blank\">Bernard Plossu<\/a><\/li>\n<li><span style=\"color: #000000;\">Jusqu&#8217;au 23\/04 \u00e0 la Maison Doisneau \u00e0 Gentilly :<\/span> <a href=\"http:\/\/www.maisondoisneau.agglo-valdebievre.fr\/\" target=\"_blank\">Jean-Christophe B\u00e9chet &#8220;European Puzzle&#8221;<\/a><span style=\"color: #000000;\">, dans le cadre du<\/span> <a href=\"http:\/\/moisdelaphotodugrandparis.com\/\" target=\"_blank\">Mois de la Photo<\/a><\/li>\n<li><span style=\"color: #000000;\">Jusqu&#8217;au 21\/05 \u00e0 la Maison Rouge :<\/span> <a href=\"http:\/\/lamaisonrouge.org\/fr\/expositions-actuellement-detail\/0\/722\/\" target=\"_blank\">&#8220;L&#8217;esprit Fran\u00e7ais, contre-cultures&#8221;<\/a><\/li>\n<li><span style=\"color: #000000;\">Jusqu&#8217;au 22\/05 au Centre Pompidou : <a href=\"https:\/\/www.centrepompidou.fr\/cpv\/resource\/cx5KXpL\/re5K5Aj\" target=\"_blank\">Josef Koudelka\u00a0<\/a><\/span><\/li>\n<li><span style=\"color: #000000;\">Jusqu&#8217;au 28\/05 au Jeu de Paume : <a href=\"http:\/\/www.jeudepaume.org\/?page=article&amp;idArt=2686\" target=\"_blank\">Eli Lotar<\/a><\/span><\/li>\n<li><span style=\"color: #000000;\">Jusqu&#8217;au 28\/05 \u00e0 l&#8217;Espace Richaud \u00e0 Versailles :<\/span> <a href=\"https:\/\/www.versailles.fr\/actualites\/toute-lactualite\/detail-dune-actualite\/actualites\/doisneau-les-annees-vogue\/\" target=\"_blank\">Doisneau &#8220;Les ann\u00e9es Vogue&#8221;<\/a><span style=\"color: #000000;\">, dans le cadre du<\/span> <a href=\"http:\/\/moisdelaphotodugrandparis.com\/\" target=\"_blank\">Mois de la Photo<\/a><\/li>\n<li><span style=\"color: #000000;\">Jusqu&#8217;au 30\/06 sur les<\/span> <a href=\"http:\/\/www.ratp.fr\/fr\/ratp\/r_112621\/la-ratp-invite\/\" target=\"_blank\">murs du m\u00e9tro<\/a> <span style=\"color: #000000;\">: &#8220;La ville en Histoire(s)&#8221; dans le cadre des <a href=\"https:\/\/phototrend.fr\/2017\/03\/agence-magnum-70-ans-programme-anniversaire\/\" target=\"_blank\">70 ans de l&#8217;agence Magnum<\/a><\/span><\/li>\n<\/ul>\n<h2><span style=\"color: #000000;\"><strong>L&#8217;auberge espagnole<\/strong><\/span><\/h2>\n<p><span style=\"color: #000000;\"><span style=\"text-decoration: underline;\">2 vid\u00e9os et 84 photos<\/span> de :<\/span><\/p>\n<ul>\n<li><span style=\"color: #000000;\">Taraneh\u00a0: 3 photos<\/span><\/li>\n<li><span style=\"color: #000000;\">Nadia : \u00a0: 3 photos<\/span><\/li>\n<li><span style=\"color: #000000;\">H\u00e9l\u00e8ne\u00a0: 3 photos<\/span><\/li>\n<li><span style=\"color: #000000;\">Christelle\u00a0: 3 photos<\/span><\/li>\n<li><span style=\"color: #000000;\">Pierre-Emmanuel\u00a0: 3 photos<\/span><\/li>\n<li><span style=\"color: #000000;\">Jean-Marie\u00a0: 3 photos<\/span><\/li>\n<li><span style=\"color: #000000;\">Michel B\u00a0: 3 photos<\/span><\/li>\n<li><span style=\"color: #000000;\">Camille\u00a0: 3 photos<\/span><\/li>\n<li><span style=\"color: #000000;\">Corinne\u00a0: 3 photos<\/span><\/li>\n<li><span style=\"color: #000000;\">Eric\u00a0: 3 photos<\/span><\/li>\n<li><span style=\"color: #000000;\">Erik\u00a0: 3 photos<\/span><\/li>\n<li><span style=\"color: #000000;\">Fatma\u00a0: 3 photos<\/span><\/li>\n<li><span style=\"color: #000000;\">Corinne et l&#8217;\u00e9quipe Vid\u00e9o : 1 film &#8220;Europe Assist\u00e9&#8221;<\/span><\/li>\n<li><span style=\"color: #000000;\">Hergo\u00a0: 3 photos<\/span><\/li>\n<li><span style=\"color: #000000;\">Jeannine\u00a0: 3 photos<\/span><\/li>\n<li><span style=\"color: #000000;\">Jean-Paul\u00a0: 3 photos<\/span><\/li>\n<li><span style=\"color: #000000;\">Laure\u00a0: 3 photos<\/span><\/li>\n<li><span style=\"color: #000000;\">Jean-Paul : 1 vid\u00e9o sur la formation Light Painting organis\u00e9e par Roger et Yannick<\/span><\/li>\n<li><span style=\"color: #000000;\">Mickaela\u00a0: 3 photos<\/span><\/li>\n<li><span style=\"color: #000000;\">Marie-Fran\u00e7oise\u00a0: 3 photos<\/span><\/li>\n<li><span style=\"color: #000000;\">Nicolas\u00a0: 3 photos<\/span><\/li>\n<li><span style=\"color: #000000;\">Jena-Pierre\u00a0: 3 photos<\/span><\/li>\n<li><span style=\"color: #000000;\">Paul\u00a0: 3 photos<\/span><\/li>\n<li><span style=\"color: #000000;\">Philippe D\u00a0: 3 photos<\/span><\/li>\n<li><span style=\"color: #000000;\">Philippe R\u00a0: 3 photos<\/span><\/li>\n<li><span style=\"color: #000000;\">Pierre\u00a0: 3 photos<\/span><\/li>\n<li><span style=\"color: #000000;\">Pierre-Marie\u00a0: 3 photos<\/span><\/li>\n<li><span style=\"color: #000000;\">Robert\u00a0: 3 photos<\/span><\/li>\n<li><span style=\"color: #000000;\">St\u00e9phane\u00a0: 3 photos<\/span><\/li>\n<li><span style=\"color: #000000;\">Yannick\u00a0: 3 photos<\/span><\/li>\n<\/ul>\n<p><span style=\"color: #000000;\">C&#8217;est la photo d&#8217;Eric qui a\u00a0\u00e9t\u00e9 choisie :<\/span><\/p>\n<p><a href=\"http:\/\/oi-paris.com\/wordpress\/wp-content\/uploads\/2017\/03\/chatelin-OI-6-1024.jpg\" data-rel=\"lightbox-image-20\" data-rl_title=\"\" data-rl_caption=\"\" title=\"\"><img loading=\"lazy\" decoding=\"async\" class=\"alignnone size-medium wp-image-5467\" src=\"http:\/\/oi-paris.com\/wordpress\/wp-content\/uploads\/2017\/03\/chatelin-OI-6-1024-300x200.jpg\" alt=\"\" width=\"300\" height=\"200\" srcset=\"https:\/\/oi-paris.com\/wordpress\/wp-content\/uploads\/2017\/03\/chatelin-OI-6-1024-300x200.jpg 300w, https:\/\/oi-paris.com\/wordpress\/wp-content\/uploads\/2017\/03\/chatelin-OI-6-1024-768x512.jpg 768w, https:\/\/oi-paris.com\/wordpress\/wp-content\/uploads\/2017\/03\/chatelin-OI-6-1024.jpg 1024w, https:\/\/oi-paris.com\/wordpress\/wp-content\/uploads\/2017\/03\/chatelin-OI-6-1024-600x400.jpg 600w\" sizes=\"auto, (max-width: 300px) 100vw, 300px\" \/><\/a><\/p>\n<p><span style=\"color: #000000;\"><strong>Rappel des r\u00e8gles<\/strong> \u00e0 respecter pour pr\u00e9senter sa production lors du Mardi d&#8217;OI :<\/span><\/p>\n<ul>\n<li><span style=\"color: #000000;\">Les photos (<strong>3 au maximum<\/strong>) sont \u00e0 envoyer au format <span style=\"color: #ff0000;\"><strong>jpeg<\/strong><\/span>, aux dimensions maximum de <span style=\"color: #ff0000;\"><strong>1920 x 1080 pixels<\/strong><\/span>, et doivent \u00eatre <strong><span style=\"color: #ff0000;\">nomm\u00e9es<\/span> avec le nom de l\u2019auteur<\/strong> suivi du num\u00e9ro dans lequel elles doivent \u00eatre projet\u00e9es (exemple : Bertheau-Juliette-1.jpg)<\/span><\/li>\n<li><span style=\"color: #000000;\">Les diaporamas sont \u00e0 envoyer au format exe, mpeg, mp4 ou wmv.<\/span><\/li>\n<li><span style=\"color: #000000;\">Les vid\u00e9os sont \u00e0 envoyer au format mpeg, mp4 ou wmv.<\/span><\/li>\n<li><span style=\"color: #000000;\">Tous les fichiers doivent \u00eatre d\u00e9pos\u00e9s sur le serveur du club la veille au soir (<\/span><strong><span style=\"color: #000000;\">acc\u00e8s sur demande aupr\u00e8s de<\/span> <a href=\"mailto:stephane@derny.com\">St\u00e9phane<\/a><\/strong>) <span style=\"color: #000000;\">ou apport\u00e9s sur cl\u00e9 usb le jour m\u00eame, mais \u00e0 19h au plus tard.<\/span><\/li>\n<\/ul>\n<p><strong><span style=\"color: #000000;\">Rendez-vous le 4 avril pour le prochain mardi d&#8217;OI !<\/span><\/strong><\/p>\n","protected":false},"excerpt":{"rendered":"<p>Nous \u00e9tions 45 \u00e0 participer \u00e0 cette\u00a0r\u00e9union. En bref, ce qu&#8217;il s&#8217;est pass\u00e9 :<\/p>\n","protected":false},"author":2,"featured_media":5467,"comment_status":"closed","ping_status":"closed","sticky":false,"template":"","format":"standard","meta":{"_acf_changed":false,"_oasis_is_in_workflow":0,"_oasis_original":0,"_uag_custom_page_level_css":"","footnotes":""},"categories":[8],"tags":[],"class_list":["post-5437","post","type-post","status-publish","format-standard","has-post-thumbnail","hentry","category-mardi-doi"],"acf":[],"uagb_featured_image_src":{"full":["https:\/\/oi-paris.com\/wordpress\/wp-content\/uploads\/2017\/03\/chatelin-OI-6-1024.jpg",1024,683,false],"thumbnail":["https:\/\/oi-paris.com\/wordpress\/wp-content\/uploads\/2017\/03\/chatelin-OI-6-1024-150x150.jpg",150,150,true],"medium":["https:\/\/oi-paris.com\/wordpress\/wp-content\/uploads\/2017\/03\/chatelin-OI-6-1024-300x200.jpg",300,200,true],"medium_large":["https:\/\/oi-paris.com\/wordpress\/wp-content\/uploads\/2017\/03\/chatelin-OI-6-1024-768x512.jpg",768,512,true],"large":["https:\/\/oi-paris.com\/wordpress\/wp-content\/uploads\/2017\/03\/chatelin-OI-6-1024-1024x683.jpg",1024,683,true],"1536x1536":["https:\/\/oi-paris.com\/wordpress\/wp-content\/uploads\/2017\/03\/chatelin-OI-6-1024.jpg",1024,683,false],"2048x2048":["https:\/\/oi-paris.com\/wordpress\/wp-content\/uploads\/2017\/03\/chatelin-OI-6-1024.jpg",1024,683,false],"thumb-small":["https:\/\/oi-paris.com\/wordpress\/wp-content\/uploads\/2017\/03\/chatelin-OI-6-1024-160x160.jpg",80,80,true],"thumb-standard":["https:\/\/oi-paris.com\/wordpress\/wp-content\/uploads\/2017\/03\/chatelin-OI-6-1024-320x320.jpg",320,320,true],"thumb-medium":["https:\/\/oi-paris.com\/wordpress\/wp-content\/uploads\/2017\/03\/chatelin-OI-6-1024-520x245.jpg",520,245,true],"thumb-large":["https:\/\/oi-paris.com\/wordpress\/wp-content\/uploads\/2017\/03\/chatelin-OI-6-1024-720x340.jpg",720,340,true],"thumb-xlarge":["https:\/\/oi-paris.com\/wordpress\/wp-content\/uploads\/2017\/03\/chatelin-OI-6-1024.jpg",675,450,false],"thumb-xxlarge":["https:\/\/oi-paris.com\/wordpress\/wp-content\/uploads\/2017\/03\/chatelin-OI-6-1024.jpg",750,500,false],"mailpoet_newsletter_max":["https:\/\/oi-paris.com\/wordpress\/wp-content\/uploads\/2017\/03\/chatelin-OI-6-1024.jpg",1024,683,false]},"uagb_author_info":{"display_name":"Rozenn D","author_link":"https:\/\/oi-paris.com\/wordpress\/author\/rozenn\/"},"uagb_comment_info":0,"uagb_excerpt":"Nous \u00e9tions 45 \u00e0 participer \u00e0 cette\u00a0r\u00e9union. En bref, ce qu&#8217;il s&#8217;est pass\u00e9 :","_links":{"self":[{"href":"https:\/\/oi-paris.com\/wordpress\/wp-json\/wp\/v2\/posts\/5437","targetHints":{"allow":["GET"]}}],"collection":[{"href":"https:\/\/oi-paris.com\/wordpress\/wp-json\/wp\/v2\/posts"}],"about":[{"href":"https:\/\/oi-paris.com\/wordpress\/wp-json\/wp\/v2\/types\/post"}],"author":[{"embeddable":true,"href":"https:\/\/oi-paris.com\/wordpress\/wp-json\/wp\/v2\/users\/2"}],"replies":[{"embeddable":true,"href":"https:\/\/oi-paris.com\/wordpress\/wp-json\/wp\/v2\/comments?post=5437"}],"version-history":[{"count":5,"href":"https:\/\/oi-paris.com\/wordpress\/wp-json\/wp\/v2\/posts\/5437\/revisions"}],"predecessor-version":[{"id":5653,"href":"https:\/\/oi-paris.com\/wordpress\/wp-json\/wp\/v2\/posts\/5437\/revisions\/5653"}],"wp:featuredmedia":[{"embeddable":true,"href":"https:\/\/oi-paris.com\/wordpress\/wp-json\/wp\/v2\/media\/5467"}],"wp:attachment":[{"href":"https:\/\/oi-paris.com\/wordpress\/wp-json\/wp\/v2\/media?parent=5437"}],"wp:term":[{"taxonomy":"category","embeddable":true,"href":"https:\/\/oi-paris.com\/wordpress\/wp-json\/wp\/v2\/categories?post=5437"},{"taxonomy":"post_tag","embeddable":true,"href":"https:\/\/oi-paris.com\/wordpress\/wp-json\/wp\/v2\/tags?post=5437"}],"curies":[{"name":"wp","href":"https:\/\/api.w.org\/{rel}","templated":true}]}}