{"id":5479,"date":"2017-03-09T15:31:00","date_gmt":"2017-03-09T13:31:00","guid":{"rendered":"http:\/\/oi-paris.com\/wordpress\/?p=5479"},"modified":"2017-03-09T17:34:22","modified_gmt":"2017-03-09T15:34:22","slug":"mardi-technique-de-mars","status":"publish","type":"post","link":"https:\/\/oi-paris.com\/wordpress\/2017\/03\/09\/mardi-technique-de-mars\/","title":{"rendered":"Mardi technique de mars"},"content":{"rendered":"<h3><a style=\"color: #000000;\" href=\"http:\/\/oi-paris.com\/wordpress\/wp-content\/uploads\/2015\/08\/Photo-carre.jpg\" data-rel=\"lightbox-image-0\" data-rl_title=\"\" data-rl_caption=\"\" title=\"\"><img loading=\"lazy\" decoding=\"async\" class=\"alignnone wp-image-1415 size-thumbnail\" src=\"http:\/\/oi-paris.com\/wordpress\/wp-content\/uploads\/2015\/08\/Photo-carre-150x150.jpg\" alt=\"Photo-carre\" width=\"150\" height=\"150\" srcset=\"https:\/\/oi-paris.com\/wordpress\/wp-content\/uploads\/2015\/08\/Photo-carre-150x150.jpg 150w, https:\/\/oi-paris.com\/wordpress\/wp-content\/uploads\/2015\/08\/Photo-carre-300x300.jpg 300w, https:\/\/oi-paris.com\/wordpress\/wp-content\/uploads\/2015\/08\/Photo-carre-160x160.jpg 160w, https:\/\/oi-paris.com\/wordpress\/wp-content\/uploads\/2015\/08\/Photo-carre-320x320.jpg 320w, https:\/\/oi-paris.com\/wordpress\/wp-content\/uploads\/2015\/08\/Photo-carre.jpg 463w\" sizes=\"auto, (max-width: 150px) 100vw, 150px\" \/><\/a><\/h3>\n<h3><\/h3>\n<h3>Programme de la soir\u00e9e :<\/h3>\n<p><span style=\"color: #000000;\">Si vous avez des questions sur l&#8217;utilisation de\u00a0 Photoshop ou de Lightroom (ou autre), envoyez-les \u00e0<\/span> <a href=\"mailto:pebeauchaud@free.fr\" target=\"_blank\">Pierre Emmanuel<\/a>. <span style=\"color: #000000;\">Elles feront l&#8217;objet de recherche de solutions et de pr\u00e9sentations lors du prochain atelier photos. Merci de joindre une\u00a0photo \u00e0 la question.<\/span><\/p>\n<h3><\/h3>\n<h3><span style=\"color: #000000;\"><strong>Pr\u00e9paration du printemps d&#8217;OI<\/strong><\/span><\/h3>\n<p><span style=\"color: #000000;\">Le th\u00e8me de travail pour le printemps d&#8217;OI 2017 est le <strong>Minimalisme .<\/strong><\/span><\/p>\n<p><span style=\"color: #000000;\">Les auteurs peuvent toujours pr\u00e9senter jusqu&#8217;\u00e0 4 photos.<\/span><\/p>\n<h3><span style=\"color: #000000;\"><strong>Pr\u00e9paration de l&#8217;exposition &#8220;panorama&#8221;<\/strong><\/span><\/h3>\n<p><span style=\"color: #000000;\">Les auteurs peuvent pr\u00e9senter des photos pour pr\u00e9parer l&#8217;exposition. Pour rappel, les photos doivent avoir un ratio sup\u00e9rieur \u00e0 1:3. Elles peuvent \u00eatre verticales ou horizontales. Il n&#8217;y a pas de th\u00e8me mais uniquement cette contrainte.<\/span><\/p>\n<p><span style=\"color: #000000;\">Nous approchons de la s\u00e9lection finale, pouvez vous venir avec 1 ou 2 photos en pleine d\u00e9finition ou d\u00e9finition maximale.<\/span><\/p>\n<p>&nbsp;<\/p>\n<h3><span style=\"color: #000000;\">C&#8217;est o\u00f9 ?<\/span><\/h3>\n<p><span style=\"color: #000000;\">Maison des associations 8 rue Brillat-Savarin 75013 Paris. (Salle RC1)<br \/>\n<\/span><\/p>\n<h3><span style=\"color: #000000;\">C&#8217;est quand ?<\/span><\/h3>\n<p><span style=\"color: #000000;\">Mardi 14 Mars \u00e0 partir de 19h30<\/span><\/p>\n<h3><span style=\"color: #000000;\">Contacts<\/span><\/h3>\n<p><span style=\"color: #000000;\"><span style=\"color: #0000ff;\"><a style=\"color: #0000ff;\" href=\"mailto:genevoisb94@gmail.com\">Bernard<\/a>\u00a0<\/span>ou\u00a0<span style=\"color: #0000ff;\"><a style=\"color: #0000ff;\" href=\"mailto:pebeauchaud@free.fr\">Pierre-Emmanuel<\/a><\/span><\/span><\/p>\n","protected":false},"excerpt":{"rendered":"<p>Programme de la soir\u00e9e : Si vous avez des questions sur l&#8217;utilisation de\u00a0 Photoshop ou de Lightroom (ou autre), envoyez-les \u00e0 Pierre Emmanuel. Elles feront l&#8217;objet de recherche de solutions et de pr\u00e9sentations lors&#46;&#46;&#46;<\/p>\n","protected":false},"author":1,"featured_media":4218,"comment_status":"closed","ping_status":"closed","sticky":false,"template":"","format":"standard","meta":{"_acf_changed":false,"_oasis_is_in_workflow":0,"_oasis_original":0,"_uag_custom_page_level_css":"","footnotes":""},"categories":[4],"tags":[],"class_list":["post-5479","post","type-post","status-publish","format-standard","has-post-thumbnail","hentry","category-concours"],"acf":[],"uagb_featured_image_src":{"full":["https:\/\/oi-paris.com\/wordpress\/wp-content\/uploads\/2016\/07\/Annie-A.jpg",1024,768,false],"thumbnail":["https:\/\/oi-paris.com\/wordpress\/wp-content\/uploads\/2016\/07\/Annie-A-150x150.jpg",150,150,true],"medium":["https:\/\/oi-paris.com\/wordpress\/wp-content\/uploads\/2016\/07\/Annie-A-300x225.jpg",300,225,true],"medium_large":["https:\/\/oi-paris.com\/wordpress\/wp-content\/uploads\/2016\/07\/Annie-A-768x576.jpg",768,576,true],"large":["https:\/\/oi-paris.com\/wordpress\/wp-content\/uploads\/2016\/07\/Annie-A-1024x768.jpg",1024,768,true],"1536x1536":["https:\/\/oi-paris.com\/wordpress\/wp-content\/uploads\/2016\/07\/Annie-A.jpg",1024,768,false],"2048x2048":["https:\/\/oi-paris.com\/wordpress\/wp-content\/uploads\/2016\/07\/Annie-A.jpg",1024,768,false],"thumb-small":["https:\/\/oi-paris.com\/wordpress\/wp-content\/uploads\/2016\/07\/Annie-A-160x160.jpg",80,80,true],"thumb-standard":["https:\/\/oi-paris.com\/wordpress\/wp-content\/uploads\/2016\/07\/Annie-A-320x320.jpg",320,320,true],"thumb-medium":["https:\/\/oi-paris.com\/wordpress\/wp-content\/uploads\/2016\/07\/Annie-A-520x245.jpg",520,245,true],"thumb-large":["https:\/\/oi-paris.com\/wordpress\/wp-content\/uploads\/2016\/07\/Annie-A-720x340.jpg",720,340,true],"thumb-xlarge":["https:\/\/oi-paris.com\/wordpress\/wp-content\/uploads\/2016\/07\/Annie-A.jpg",600,450,false],"thumb-xxlarge":["https:\/\/oi-paris.com\/wordpress\/wp-content\/uploads\/2016\/07\/Annie-A.jpg",667,500,false],"mailpoet_newsletter_max":["https:\/\/oi-paris.com\/wordpress\/wp-content\/uploads\/2016\/07\/Annie-A.jpg",1024,768,false]},"uagb_author_info":{"display_name":"stephane D","author_link":"https:\/\/oi-paris.com\/wordpress\/author\/stephane\/"},"uagb_comment_info":0,"uagb_excerpt":"Programme de la soir\u00e9e : Si vous avez des questions sur l&#8217;utilisation de\u00a0 Photoshop ou de Lightroom (ou autre), envoyez-les \u00e0 Pierre Emmanuel. Elles feront l&#8217;objet de recherche de solutions et de pr\u00e9sentations lors&#46;&#46;&#46;","_links":{"self":[{"href":"https:\/\/oi-paris.com\/wordpress\/wp-json\/wp\/v2\/posts\/5479","targetHints":{"allow":["GET"]}}],"collection":[{"href":"https:\/\/oi-paris.com\/wordpress\/wp-json\/wp\/v2\/posts"}],"about":[{"href":"https:\/\/oi-paris.com\/wordpress\/wp-json\/wp\/v2\/types\/post"}],"author":[{"embeddable":true,"href":"https:\/\/oi-paris.com\/wordpress\/wp-json\/wp\/v2\/users\/1"}],"replies":[{"embeddable":true,"href":"https:\/\/oi-paris.com\/wordpress\/wp-json\/wp\/v2\/comments?post=5479"}],"version-history":[{"count":1,"href":"https:\/\/oi-paris.com\/wordpress\/wp-json\/wp\/v2\/posts\/5479\/revisions"}],"predecessor-version":[{"id":5480,"href":"https:\/\/oi-paris.com\/wordpress\/wp-json\/wp\/v2\/posts\/5479\/revisions\/5480"}],"wp:featuredmedia":[{"embeddable":true,"href":"https:\/\/oi-paris.com\/wordpress\/wp-json\/wp\/v2\/media\/4218"}],"wp:attachment":[{"href":"https:\/\/oi-paris.com\/wordpress\/wp-json\/wp\/v2\/media?parent=5479"}],"wp:term":[{"taxonomy":"category","embeddable":true,"href":"https:\/\/oi-paris.com\/wordpress\/wp-json\/wp\/v2\/categories?post=5479"},{"taxonomy":"post_tag","embeddable":true,"href":"https:\/\/oi-paris.com\/wordpress\/wp-json\/wp\/v2\/tags?post=5479"}],"curies":[{"name":"wp","href":"https:\/\/api.w.org\/{rel}","templated":true}]}}