{"id":5749,"date":"2017-05-03T09:39:00","date_gmt":"2017-05-03T07:39:00","guid":{"rendered":"http:\/\/oi-paris.com\/wordpress\/?p=5749"},"modified":"2017-05-03T14:27:38","modified_gmt":"2017-05-03T12:27:38","slug":"mardi-technique-de-mai","status":"publish","type":"post","link":"https:\/\/oi-paris.com\/wordpress\/2017\/05\/03\/mardi-technique-de-mai\/","title":{"rendered":"Mardi Technique de mai"},"content":{"rendered":"<h3><a style=\"color: #000000;\" href=\"http:\/\/oi-paris.com\/wordpress\/wp-content\/uploads\/2015\/08\/Photo-carre.jpg\" data-rel=\"lightbox-image-0\" data-rl_title=\"\" data-rl_caption=\"\" title=\"\"><img loading=\"lazy\" decoding=\"async\" class=\"alignnone wp-image-1415 size-thumbnail\" src=\"http:\/\/oi-paris.com\/wordpress\/wp-content\/uploads\/2015\/08\/Photo-carre-150x150.jpg\" alt=\"Photo-carre\" width=\"150\" height=\"150\" srcset=\"https:\/\/oi-paris.com\/wordpress\/wp-content\/uploads\/2015\/08\/Photo-carre-150x150.jpg 150w, https:\/\/oi-paris.com\/wordpress\/wp-content\/uploads\/2015\/08\/Photo-carre-300x300.jpg 300w, https:\/\/oi-paris.com\/wordpress\/wp-content\/uploads\/2015\/08\/Photo-carre-160x160.jpg 160w, https:\/\/oi-paris.com\/wordpress\/wp-content\/uploads\/2015\/08\/Photo-carre-320x320.jpg 320w, https:\/\/oi-paris.com\/wordpress\/wp-content\/uploads\/2015\/08\/Photo-carre.jpg 463w\" sizes=\"auto, (max-width: 150px) 100vw, 150px\" \/><\/a><\/h3>\n<h3><\/h3>\n<h3><span style=\"color: #000000;\"><strong>Salon d&#8217;auteur<\/strong><\/span><\/h3>\n<p><span style=\"color: #000000;\">Les membres voulant participer au salon d&#8217;auteur 2017 peuvent pr\u00e9senter leurs s\u00e9ries pour avoir un avis.<\/span><\/p>\n<h3><span style=\"color: #000000;\"><strong>Pr\u00e9paration du printemps d&#8217;OI<\/strong><\/span><\/h3>\n<p><span style=\"color: #000000;\">Le th\u00e8me de travail pour le printemps d&#8217;OI 2017 est le <strong>Minimalisme .<\/strong><\/span><\/p>\n<p><span style=\"color: #000000;\">Pour rappel les photos doivent\u00a0\u00eatre\u00a0tir\u00e9es et\u00a0d\u00e9pos\u00e9es\u00a0dans la boite dans le local d&#8217;impression pour le 15 mai 2017. Toutes les informations sont dans ce <a href=\"http:\/\/oi-paris.com\/wordpress\/2017\/04\/27\/printemps-dobjectif-image-2017\/\">lien<\/a>.<\/span><\/p>\n<h3><span style=\"color: #000000;\"><strong>Pr\u00e9paration de l&#8217;exposition &#8220;panorama&#8221;<\/strong><\/span><\/h3>\n<p><span style=\"color: #000000;\">Les auteurs peuvent pr\u00e9senter des photos pour pr\u00e9parer l&#8217;exposition. Pour rappel, les photos doivent avoir un ratio sup\u00e9rieur \u00e0 1:3. Elles peuvent \u00eatre verticales ou horizontales. Il n&#8217;y a pas de th\u00e8me mais uniquement cette contrainte.<\/span><\/p>\n<p><span style=\"color: #000000;\">Nous approchons de la s\u00e9lection finale, pouvez vous venir avec 1 ou 2 photos en pleine d\u00e9finition ou d\u00e9finition maximale.<\/span><\/p>\n<h3><span style=\"color: #000000;\">C&#8217;est o\u00f9 ?<\/span><\/h3>\n<p><span style=\"color: #000000;\">Maison des associations 8 rue Brillat-Savarin 75013 Paris. (Salle RC1)<br \/>\n<\/span><\/p>\n<h3><span style=\"color: #000000;\">C&#8217;est quand ?<\/span><\/h3>\n<p><span style=\"color: #000000;\">Mardi 9 Mai \u00e0 partir de 19h30<\/span><\/p>\n<h3><span style=\"color: #000000;\">Contacts<\/span><\/h3>\n<p><span style=\"color: #000000;\"><span style=\"color: #0000ff;\"><a style=\"color: #0000ff;\" href=\"mailto:genevoisb94@gmail.com\">Bernard<\/a><\/span><\/span><\/p>\n","protected":false},"excerpt":{"rendered":"<p>Salon d&#8217;auteur Les membres voulant participer au salon d&#8217;auteur 2017 peuvent pr\u00e9senter leurs s\u00e9ries pour avoir un avis. Pr\u00e9paration du printemps d&#8217;OI Le th\u00e8me de travail pour le printemps d&#8217;OI 2017 est le Minimalisme&#46;&#46;&#46;<\/p>\n","protected":false},"author":1,"featured_media":5671,"comment_status":"closed","ping_status":"closed","sticky":false,"template":"","format":"standard","meta":{"_acf_changed":false,"_oasis_is_in_workflow":0,"_oasis_original":0,"_uag_custom_page_level_css":"","footnotes":""},"categories":[4,9],"tags":[],"class_list":["post-5749","post","type-post","status-publish","format-standard","has-post-thumbnail","hentry","category-concours","category-photo"],"acf":[],"uagb_featured_image_src":{"full":["https:\/\/oi-paris.com\/wordpress\/wp-content\/uploads\/2017\/04\/@@@-Belloc-Jean_Marie-13.jpg",1024,847,false],"thumbnail":["https:\/\/oi-paris.com\/wordpress\/wp-content\/uploads\/2017\/04\/@@@-Belloc-Jean_Marie-13-150x150.jpg",150,150,true],"medium":["https:\/\/oi-paris.com\/wordpress\/wp-content\/uploads\/2017\/04\/@@@-Belloc-Jean_Marie-13-300x248.jpg",300,248,true],"medium_large":["https:\/\/oi-paris.com\/wordpress\/wp-content\/uploads\/2017\/04\/@@@-Belloc-Jean_Marie-13-768x635.jpg",768,635,true],"large":["https:\/\/oi-paris.com\/wordpress\/wp-content\/uploads\/2017\/04\/@@@-Belloc-Jean_Marie-13-1024x847.jpg",1024,847,true],"1536x1536":["https:\/\/oi-paris.com\/wordpress\/wp-content\/uploads\/2017\/04\/@@@-Belloc-Jean_Marie-13.jpg",1024,847,false],"2048x2048":["https:\/\/oi-paris.com\/wordpress\/wp-content\/uploads\/2017\/04\/@@@-Belloc-Jean_Marie-13.jpg",1024,847,false],"thumb-small":["https:\/\/oi-paris.com\/wordpress\/wp-content\/uploads\/2017\/04\/@@@-Belloc-Jean_Marie-13-160x160.jpg",80,80,true],"thumb-standard":["https:\/\/oi-paris.com\/wordpress\/wp-content\/uploads\/2017\/04\/@@@-Belloc-Jean_Marie-13-320x320.jpg",320,320,true],"thumb-medium":["https:\/\/oi-paris.com\/wordpress\/wp-content\/uploads\/2017\/04\/@@@-Belloc-Jean_Marie-13-520x245.jpg",520,245,true],"thumb-large":["https:\/\/oi-paris.com\/wordpress\/wp-content\/uploads\/2017\/04\/@@@-Belloc-Jean_Marie-13-720x340.jpg",720,340,true],"thumb-xlarge":["https:\/\/oi-paris.com\/wordpress\/wp-content\/uploads\/2017\/04\/@@@-Belloc-Jean_Marie-13.jpg",544,450,false],"thumb-xxlarge":["https:\/\/oi-paris.com\/wordpress\/wp-content\/uploads\/2017\/04\/@@@-Belloc-Jean_Marie-13.jpg",604,500,false],"mailpoet_newsletter_max":["https:\/\/oi-paris.com\/wordpress\/wp-content\/uploads\/2017\/04\/@@@-Belloc-Jean_Marie-13.jpg",1024,847,false]},"uagb_author_info":{"display_name":"stephane D","author_link":"https:\/\/oi-paris.com\/wordpress\/author\/stephane\/"},"uagb_comment_info":0,"uagb_excerpt":"Salon d&#8217;auteur Les membres voulant participer au salon d&#8217;auteur 2017 peuvent pr\u00e9senter leurs s\u00e9ries pour avoir un avis. Pr\u00e9paration du printemps d&#8217;OI Le th\u00e8me de travail pour le printemps d&#8217;OI 2017 est le Minimalisme&#46;&#46;&#46;","_links":{"self":[{"href":"https:\/\/oi-paris.com\/wordpress\/wp-json\/wp\/v2\/posts\/5749","targetHints":{"allow":["GET"]}}],"collection":[{"href":"https:\/\/oi-paris.com\/wordpress\/wp-json\/wp\/v2\/posts"}],"about":[{"href":"https:\/\/oi-paris.com\/wordpress\/wp-json\/wp\/v2\/types\/post"}],"author":[{"embeddable":true,"href":"https:\/\/oi-paris.com\/wordpress\/wp-json\/wp\/v2\/users\/1"}],"replies":[{"embeddable":true,"href":"https:\/\/oi-paris.com\/wordpress\/wp-json\/wp\/v2\/comments?post=5749"}],"version-history":[{"count":2,"href":"https:\/\/oi-paris.com\/wordpress\/wp-json\/wp\/v2\/posts\/5749\/revisions"}],"predecessor-version":[{"id":5981,"href":"https:\/\/oi-paris.com\/wordpress\/wp-json\/wp\/v2\/posts\/5749\/revisions\/5981"}],"wp:featuredmedia":[{"embeddable":true,"href":"https:\/\/oi-paris.com\/wordpress\/wp-json\/wp\/v2\/media\/5671"}],"wp:attachment":[{"href":"https:\/\/oi-paris.com\/wordpress\/wp-json\/wp\/v2\/media?parent=5749"}],"wp:term":[{"taxonomy":"category","embeddable":true,"href":"https:\/\/oi-paris.com\/wordpress\/wp-json\/wp\/v2\/categories?post=5749"},{"taxonomy":"post_tag","embeddable":true,"href":"https:\/\/oi-paris.com\/wordpress\/wp-json\/wp\/v2\/tags?post=5749"}],"curies":[{"name":"wp","href":"https:\/\/api.w.org\/{rel}","templated":true}]}}