{"id":5788,"date":"2017-05-10T11:42:23","date_gmt":"2017-05-10T09:42:23","guid":{"rendered":"http:\/\/oi-paris.com\/wordpress\/?p=5788"},"modified":"2017-05-10T11:42:23","modified_gmt":"2017-05-10T09:42:23","slug":"resume-du-mardi-doi-du-2-mai-2017","status":"publish","type":"post","link":"https:\/\/oi-paris.com\/wordpress\/2017\/05\/10\/resume-du-mardi-doi-du-2-mai-2017\/","title":{"rendered":"R\u00e9sum\u00e9 du Mardi d&#8217;OI du 2 mai 2017"},"content":{"rendered":"<p><span style=\"color: #000000;\"><a href=\"http:\/\/oi-paris.com\/wordpress\/wp-content\/uploads\/2015\/08\/Reunion-carre.jpg\" data-rel=\"lightbox-image-0\" data-rl_title=\"\" data-rl_caption=\"\" title=\"\"><img loading=\"lazy\" decoding=\"async\" class=\"alignnone size-thumbnail wp-image-1743\" src=\"http:\/\/oi-paris.com\/wordpress\/wp-content\/uploads\/2015\/08\/Reunion-carre-150x150.jpg\" alt=\"Reunion-carre\" width=\"150\" height=\"150\" srcset=\"https:\/\/oi-paris.com\/wordpress\/wp-content\/uploads\/2015\/08\/Reunion-carre-150x150.jpg 150w, https:\/\/oi-paris.com\/wordpress\/wp-content\/uploads\/2015\/08\/Reunion-carre-300x300.jpg 300w, https:\/\/oi-paris.com\/wordpress\/wp-content\/uploads\/2015\/08\/Reunion-carre-160x160.jpg 160w, https:\/\/oi-paris.com\/wordpress\/wp-content\/uploads\/2015\/08\/Reunion-carre-320x320.jpg 320w, https:\/\/oi-paris.com\/wordpress\/wp-content\/uploads\/2015\/08\/Reunion-carre.jpg 463w\" sizes=\"auto, (max-width: 150px) 100vw, 150px\" \/><\/a><\/span><\/p>\n<p><span style=\"color: #000000;\">Nous \u00e9tions 34 \u00e0 participer \u00e0 cette\u00a0r\u00e9union. En bref, ce qu&#8217;il s&#8217;est pass\u00e9 :<\/span><br \/>\n<!--more--><\/p>\n<h2><span style=\"color: #000000;\"><strong>La vie au\u00a0club<\/strong><\/span><\/h2>\n<h3><span style=\"color: #000000;\"><strong>R\u00e9unions<\/strong><\/span><\/h3>\n<p><span style=\"color: #000000;\">Mardi\u00a0<strong>9\/05<\/strong>\u00a0&#8211; R\u00e9union technique anim\u00e9e par <a href=\"mailto:genevoisb94@gmail.com\">Bernard<\/a> : Printemps d&#8217;OI, Salon d&#8217;Auteur, Panorama&#8230; Les informations sont\u00a0<a href=\"http:\/\/oi-paris.com\/wordpress\/2017\/05\/03\/mardi-technique-de-mai\/\">ici<\/a>.<br \/>\n<\/span><\/p>\n<p><span style=\"color: #000000;\">Mardi <strong>16\/05<\/strong> : Dernier atelier &#8220;Culture de l&#8217;image&#8221; anim\u00e9 par B\u00e9n\u00e9dicte cette ann\u00e9e et avant-dernier de la saison.<\/span><\/p>\n<p><span style=\"color: #000000;\">Mardi <strong>30\/05<\/strong> : R\u00e9union exceptionnelle &#8220;Animation&#8221;. Les diff\u00e9rents intervenants du club se rencontrent pour parler de l&#8217;ann\u00e9e prochaine, proposer des id\u00e9es, voir ce qu&#8217;on garde ou pas&#8230; Si vous avez une id\u00e9e, contactez<\/span> <a href=\"mailto:jean-paul@oi-paris.com\">Jean-Paul<\/a> <span style=\"color: #000000;\">pour demander \u00e0 participer \u00e0 cette r\u00e9union.<\/span><\/p>\n<h3><span style=\"color: #000000;\"><strong>Sorties<\/strong><\/span><\/h3>\n<p><span style=\"color: #000000;\">Vendredi <strong>5\/05<\/strong>\u00a0&#8211;<\/span> <a href=\"mailto:laurexpress@hotmail.fr\">Laure<\/a>\u00a0<span style=\"color: #000000;\">vous donne rendez-vous m\u00e9tro Porte de Pantin \u00e0 19h. \u00a0Plus d&#8217;informations<\/span> <a href=\"http:\/\/oi-paris.com\/wordpress\/2017\/04\/25\/sortie-photo-philharmonie\/\">ici<\/a>.<\/p>\n<p><span style=\"color: #000000;\">Mercredi <strong>17\/05<\/strong> : Une autre association dont Erik fait partie fait circuler de vieux bus sur une partie de la ligne 72 (Concorde &#8211; Porte de St Cloud) entre 10h et 16h. Le plus simple est de les attendre devant le Minist\u00e8re de la Marine \u00e0 la place de la Concorde. C&#8217;est gratuit.<\/span><\/p>\n<p><span style=\"color: #000000;\">Samedi <strong>20\/05<\/strong> : Nuit des mus\u00e9es. L&#8217;association d&#8217;Erik &#8211;\u00a0l&#8217;AMTUIR (Association pour le Mus\u00e9e des Transports et\u00a0interurbains) ouvrira le mus\u00e9e \u00e0 cette occasion entre 16h30 et 22h environ. Une partie de la collection (bus, tramways, v\u00e9hicules hippomobiles) sera pr\u00e9sent\u00e9e. De plus, des navettes en vieux bus seront effectu\u00e9es entre la gare RER de Chelles et le mus\u00e9e. C&#8217;est gratuit et c&#8217;est situ\u00e9 1 rue Gabriel de Mortillet \u00e0 Chelles. Plus d&#8217;informations <a href=\"https:\/\/www.amtuir.org\/\" target=\"_blank\" rel=\"noopener noreferrer\">ici<\/a>.<\/span><\/p>\n<p><span style=\"color: #000000;\">Dimanche<strong>\u00a021\/05<\/strong>\u00a0&#8211; Rallye photo pour les postiers, organis\u00e9 par Denis. Les photos prises \u00e0 cette occasion seront projet\u00e9es au mardi d&#8217;OI suivant (le 6 juin).<\/span><\/p>\n<h3><span style=\"color: #000000;\"><strong>Salon National Individuel<\/strong><\/span><\/h3>\n<p><span style=\"color: #000000;\">Les r\u00e9sultats sont tomb\u00e9s. Objectif Image Paris s&#8217;en sort tr\u00e8s bien avec\u00a08 photos monochrome\u00a0et 16 photos couleur s\u00e9lectionn\u00e9es. Plus d&#8217;informations (en images) <a href=\"http:\/\/oi-paris.com\/wordpress\/2017\/05\/03\/resultat-du-salon-individuel-2017\/\">ici<\/a>.<\/span><\/p>\n<h3>Coupe de France audiovisuelle de la\u00a0FPF<\/h3>\n<p>Le diaporama de Jean-Paul est troisi\u00e8me !<\/p>\n<h3>Troph\u00e9e de Paris<\/h3>\n<p>Samedi <strong>20\/05<\/strong> : Projection et palmar\u00e8s \u00e0 Raspail.<\/p>\n<p><span style=\"color: #000000;\"><em>Les dates\u00a0des diff\u00e9rents \u00e9v\u00e9nements sont not\u00e9es dans <span style=\"color: #0000ff;\"><a style=\"color: #0000ff;\" href=\"http:\/\/oi-paris.com\/wordpress\/accueil\/\" target=\"_blank\" rel=\"noopener noreferrer\">l&#8217;agenda<\/a><\/span>.<\/em><\/span><\/p>\n<h2><span style=\"color: #000000;\"><strong>Le photographe myst\u00e8re<\/strong><\/span><\/h2>\n<p><span style=\"color: #000000;\">Il nous a \u00e9t\u00e9 pr\u00e9sent\u00e9 par Erik. Article <a href=\"http:\/\/oi-paris.com\/wordpress\/2017\/05\/03\/le-photographe-mystere-de-mai-2017\/\">ici<\/a>.<br \/>\n<\/span><\/p>\n<h2><span style=\"color: #000000;\"><strong>L&#8217;adh\u00e9rent du mois<\/strong><\/span><\/h2>\n<p><span style=\"color: #000000;\">Ce mois-ci, l&#8217;adh\u00e9rent invit\u00e9 \u00e0 pr\u00e9senter ses photos \u00e9tait <strong>Erik<\/strong>, qui s&#8217;est pr\u00e9sent\u00e9 ainsi :<\/span><\/p>\n<p><span style=\"color: #000000;\">&#8220;C\u2019est \u00e0 l\u2019\u00e2ge de 12 ans que j\u2019ai d\u00e9but\u00e9 la photographie dans le cadre du patronage la\u00efque de Champigny Sur Marne, j\u2019utilisais \u00e0 ce moment-l\u00e0 un vieux 6 X 6 reflex que je poss\u00e8de toujours. Mais ce n\u2019est qu\u2019en 1977, soit il y a un peu plus d\u2019un quart de si\u00e8cle que j\u2019ai vraiment commenc\u00e9 la pratique de ce hobby au photo-club municipal de Champigny Sur Marne. Malgr\u00e9 divers probl\u00e8mes rencontr\u00e9s, ce hobby ne m\u2019a jamais vraiment quitt\u00e9 depuis cette \u00e9poque.<\/span><\/p>\n<p><span style=\"color: #000000;\">En fait, ce que j\u2019aime dans la photographie est la possibilit\u00e9 de barouder avec mes deux appareil-photos (l\u2019un pour le noir et blanc et l\u2019autre pour la couleur) quand l\u2019occasion se pr\u00e9sente, ceci afin d\u2019exprimer une \u00e9motion qui ne dure qu\u2019un instant et la possibilit\u00e9 de montrer les photos lors d\u2019expositions photos.<\/span><\/p>\n<p><span style=\"color: #000000;\">Mes th\u00e8mes favoris sont le reportage sur des sujets divers comme la rue et les voyages en France et l\u2019\u00e9tranger. Ce que j\u2019aime est montrer les traits de la vie quotidienne des lieux visit\u00e9s. Je dis toujours que l\u2019aventure commence quand on sort de chez soi. Tout est pr\u00e9texte \u00e0 photographier quand on rentre dans le quotidien.<\/span><\/p>\n<p><span style=\"color: #000000;\">Je terminerais par cette citation\u00a0:<\/span><\/p>\n<p><span style=\"color: #000000;\"><strong><em>La photo, c\u2019est aussi passer plusieurs fois devant les m\u00eames choses et les d\u00e9couvrir toujours diff\u00e9rentes, toujours nouvelles.&#8221;<\/em><\/strong><\/span><\/p>\n\n\t\t<style>\n\t\t\t#gallery-1 {\n\t\t\t\tmargin: auto;\n\t\t\t}\n\t\t\t#gallery-1 .gallery-item {\n\t\t\t\tfloat: left;\n\t\t\t\tmargin-top: 10px;\n\t\t\t\ttext-align: center;\n\t\t\t\twidth: 33%;\n\t\t\t}\n\t\t\t#gallery-1 img {\n\t\t\t\tborder: 2px solid #cfcfcf;\n\t\t\t}\n\t\t\t#gallery-1 .gallery-caption {\n\t\t\t\tmargin-left: 0;\n\t\t\t}\n\t\t\t\/* see gallery_shortcode() in wp-includes\/media.php *\/\n\t\t<\/style>\n\t\t<div id='gallery-1' class='gallery galleryid-5788 gallery-columns-3 gallery-size-large'><dl class='gallery-item'>\n\t\t\t<dt class='gallery-icon landscape'>\n\t\t\t\t<a href='https:\/\/oi-paris.com\/wordpress\/wp-content\/uploads\/2017\/05\/1-le-havre-1978.jpg' title=\"\" data-rl_title=\"\" class=\"rl-gallery-link\" data-rl_caption=\"\" data-rel=\"lightbox-gallery-1\"><img loading=\"lazy\" decoding=\"async\" width=\"1024\" height=\"687\" src=\"https:\/\/oi-paris.com\/wordpress\/wp-content\/uploads\/2017\/05\/1-le-havre-1978-1024x687.jpg\" class=\"attachment-large size-large\" alt=\"\" srcset=\"https:\/\/oi-paris.com\/wordpress\/wp-content\/uploads\/2017\/05\/1-le-havre-1978-1024x687.jpg 1024w, https:\/\/oi-paris.com\/wordpress\/wp-content\/uploads\/2017\/05\/1-le-havre-1978-300x201.jpg 300w, https:\/\/oi-paris.com\/wordpress\/wp-content\/uploads\/2017\/05\/1-le-havre-1978-768x516.jpg 768w, https:\/\/oi-paris.com\/wordpress\/wp-content\/uploads\/2017\/05\/1-le-havre-1978-600x403.jpg 600w, https:\/\/oi-paris.com\/wordpress\/wp-content\/uploads\/2017\/05\/1-le-havre-1978.jpg 1609w\" sizes=\"auto, (max-width: 1024px) 100vw, 1024px\" \/><\/a>\n\t\t\t<\/dt><\/dl><dl class='gallery-item'>\n\t\t\t<dt class='gallery-icon portrait'>\n\t\t\t\t<a href='https:\/\/oi-paris.com\/wordpress\/wp-content\/uploads\/2017\/05\/2-Villeneuve-sur-Bellot-1978.jpg' title=\"\" data-rl_title=\"\" class=\"rl-gallery-link\" data-rl_caption=\"\" data-rel=\"lightbox-gallery-1\"><img loading=\"lazy\" decoding=\"async\" width=\"709\" height=\"1024\" src=\"https:\/\/oi-paris.com\/wordpress\/wp-content\/uploads\/2017\/05\/2-Villeneuve-sur-Bellot-1978-709x1024.jpg\" class=\"attachment-large size-large\" alt=\"\" srcset=\"https:\/\/oi-paris.com\/wordpress\/wp-content\/uploads\/2017\/05\/2-Villeneuve-sur-Bellot-1978-709x1024.jpg 709w, https:\/\/oi-paris.com\/wordpress\/wp-content\/uploads\/2017\/05\/2-Villeneuve-sur-Bellot-1978-208x300.jpg 208w, https:\/\/oi-paris.com\/wordpress\/wp-content\/uploads\/2017\/05\/2-Villeneuve-sur-Bellot-1978-600x866.jpg 600w, https:\/\/oi-paris.com\/wordpress\/wp-content\/uploads\/2017\/05\/2-Villeneuve-sur-Bellot-1978.jpg 748w\" sizes=\"auto, (max-width: 709px) 100vw, 709px\" \/><\/a>\n\t\t\t<\/dt><\/dl><dl class='gallery-item'>\n\t\t\t<dt class='gallery-icon portrait'>\n\t\t\t\t<a href='https:\/\/oi-paris.com\/wordpress\/wp-content\/uploads\/2017\/05\/3-Su\u00e8de-1978.jpg' title=\"\" data-rl_title=\"\" class=\"rl-gallery-link\" data-rl_caption=\"\" data-rel=\"lightbox-gallery-1\"><img loading=\"lazy\" decoding=\"async\" width=\"685\" height=\"1024\" src=\"https:\/\/oi-paris.com\/wordpress\/wp-content\/uploads\/2017\/05\/3-Su\u00e8de-1978-685x1024.jpg\" class=\"attachment-large size-large\" alt=\"\" srcset=\"https:\/\/oi-paris.com\/wordpress\/wp-content\/uploads\/2017\/05\/3-Su\u00e8de-1978-685x1024.jpg 685w, https:\/\/oi-paris.com\/wordpress\/wp-content\/uploads\/2017\/05\/3-Su\u00e8de-1978-201x300.jpg 201w, https:\/\/oi-paris.com\/wordpress\/wp-content\/uploads\/2017\/05\/3-Su\u00e8de-1978-600x898.jpg 600w, https:\/\/oi-paris.com\/wordpress\/wp-content\/uploads\/2017\/05\/3-Su\u00e8de-1978.jpg 722w\" sizes=\"auto, (max-width: 685px) 100vw, 685px\" \/><\/a>\n\t\t\t<\/dt><\/dl><br style=\"clear: both\" \/><dl class='gallery-item'>\n\t\t\t<dt class='gallery-icon landscape'>\n\t\t\t\t<a href='https:\/\/oi-paris.com\/wordpress\/wp-content\/uploads\/2017\/05\/4-Gare-Montparnasse-1980.jpg' title=\"\" data-rl_title=\"\" class=\"rl-gallery-link\" data-rl_caption=\"\" data-rel=\"lightbox-gallery-1\"><img loading=\"lazy\" decoding=\"async\" width=\"1024\" height=\"685\" src=\"https:\/\/oi-paris.com\/wordpress\/wp-content\/uploads\/2017\/05\/4-Gare-Montparnasse-1980-1024x685.jpg\" class=\"attachment-large size-large\" alt=\"\" srcset=\"https:\/\/oi-paris.com\/wordpress\/wp-content\/uploads\/2017\/05\/4-Gare-Montparnasse-1980-1024x685.jpg 1024w, https:\/\/oi-paris.com\/wordpress\/wp-content\/uploads\/2017\/05\/4-Gare-Montparnasse-1980-300x201.jpg 300w, https:\/\/oi-paris.com\/wordpress\/wp-content\/uploads\/2017\/05\/4-Gare-Montparnasse-1980-768x514.jpg 768w, https:\/\/oi-paris.com\/wordpress\/wp-content\/uploads\/2017\/05\/4-Gare-Montparnasse-1980-600x401.jpg 600w, https:\/\/oi-paris.com\/wordpress\/wp-content\/uploads\/2017\/05\/4-Gare-Montparnasse-1980.jpg 1615w\" sizes=\"auto, (max-width: 1024px) 100vw, 1024px\" \/><\/a>\n\t\t\t<\/dt><\/dl><dl class='gallery-item'>\n\t\t\t<dt class='gallery-icon landscape'>\n\t\t\t\t<a href='https:\/\/oi-paris.com\/wordpress\/wp-content\/uploads\/2017\/05\/5-Gare-Montparnasse-1980.jpg' title=\"\" data-rl_title=\"\" class=\"rl-gallery-link\" data-rl_caption=\"\" data-rel=\"lightbox-gallery-1\"><img loading=\"lazy\" decoding=\"async\" width=\"1024\" height=\"621\" src=\"https:\/\/oi-paris.com\/wordpress\/wp-content\/uploads\/2017\/05\/5-Gare-Montparnasse-1980-1024x621.jpg\" class=\"attachment-large size-large\" alt=\"\" srcset=\"https:\/\/oi-paris.com\/wordpress\/wp-content\/uploads\/2017\/05\/5-Gare-Montparnasse-1980-1024x621.jpg 1024w, https:\/\/oi-paris.com\/wordpress\/wp-content\/uploads\/2017\/05\/5-Gare-Montparnasse-1980-300x182.jpg 300w, https:\/\/oi-paris.com\/wordpress\/wp-content\/uploads\/2017\/05\/5-Gare-Montparnasse-1980-768x466.jpg 768w, https:\/\/oi-paris.com\/wordpress\/wp-content\/uploads\/2017\/05\/5-Gare-Montparnasse-1980-600x364.jpg 600w, https:\/\/oi-paris.com\/wordpress\/wp-content\/uploads\/2017\/05\/5-Gare-Montparnasse-1980.jpg 1780w\" sizes=\"auto, (max-width: 1024px) 100vw, 1024px\" \/><\/a>\n\t\t\t<\/dt><\/dl><dl class='gallery-item'>\n\t\t\t<dt class='gallery-icon landscape'>\n\t\t\t\t<a href='https:\/\/oi-paris.com\/wordpress\/wp-content\/uploads\/2017\/05\/6-metro-1980.jpg' title=\"\" data-rl_title=\"\" class=\"rl-gallery-link\" data-rl_caption=\"\" data-rel=\"lightbox-gallery-1\"><img loading=\"lazy\" decoding=\"async\" width=\"1024\" height=\"743\" src=\"https:\/\/oi-paris.com\/wordpress\/wp-content\/uploads\/2017\/05\/6-metro-1980-1024x743.jpg\" class=\"attachment-large size-large\" alt=\"\" srcset=\"https:\/\/oi-paris.com\/wordpress\/wp-content\/uploads\/2017\/05\/6-metro-1980-1024x743.jpg 1024w, https:\/\/oi-paris.com\/wordpress\/wp-content\/uploads\/2017\/05\/6-metro-1980-300x218.jpg 300w, https:\/\/oi-paris.com\/wordpress\/wp-content\/uploads\/2017\/05\/6-metro-1980-768x557.jpg 768w, https:\/\/oi-paris.com\/wordpress\/wp-content\/uploads\/2017\/05\/6-metro-1980-600x435.jpg 600w, https:\/\/oi-paris.com\/wordpress\/wp-content\/uploads\/2017\/05\/6-metro-1980.jpg 1489w\" sizes=\"auto, (max-width: 1024px) 100vw, 1024px\" \/><\/a>\n\t\t\t<\/dt><\/dl><br style=\"clear: both\" \/><dl class='gallery-item'>\n\t\t\t<dt class='gallery-icon landscape'>\n\t\t\t\t<a href='https:\/\/oi-paris.com\/wordpress\/wp-content\/uploads\/2017\/05\/7-Copenhague-1993.jpg' title=\"\" data-rl_title=\"\" class=\"rl-gallery-link\" data-rl_caption=\"\" data-rel=\"lightbox-gallery-1\"><img loading=\"lazy\" decoding=\"async\" width=\"1024\" height=\"643\" src=\"https:\/\/oi-paris.com\/wordpress\/wp-content\/uploads\/2017\/05\/7-Copenhague-1993-1024x643.jpg\" class=\"attachment-large size-large\" alt=\"\" srcset=\"https:\/\/oi-paris.com\/wordpress\/wp-content\/uploads\/2017\/05\/7-Copenhague-1993-1024x643.jpg 1024w, https:\/\/oi-paris.com\/wordpress\/wp-content\/uploads\/2017\/05\/7-Copenhague-1993-300x188.jpg 300w, https:\/\/oi-paris.com\/wordpress\/wp-content\/uploads\/2017\/05\/7-Copenhague-1993-768x482.jpg 768w, https:\/\/oi-paris.com\/wordpress\/wp-content\/uploads\/2017\/05\/7-Copenhague-1993-600x377.jpg 600w, https:\/\/oi-paris.com\/wordpress\/wp-content\/uploads\/2017\/05\/7-Copenhague-1993.jpg 1721w\" sizes=\"auto, (max-width: 1024px) 100vw, 1024px\" \/><\/a>\n\t\t\t<\/dt><\/dl><dl class='gallery-item'>\n\t\t\t<dt class='gallery-icon landscape'>\n\t\t\t\t<a href='https:\/\/oi-paris.com\/wordpress\/wp-content\/uploads\/2017\/05\/8-Copenhague-1993.jpg' title=\"\" data-rl_title=\"\" class=\"rl-gallery-link\" data-rl_caption=\"\" data-rel=\"lightbox-gallery-1\"><img loading=\"lazy\" decoding=\"async\" width=\"1024\" height=\"643\" src=\"https:\/\/oi-paris.com\/wordpress\/wp-content\/uploads\/2017\/05\/8-Copenhague-1993-1024x643.jpg\" class=\"attachment-large size-large\" alt=\"\" srcset=\"https:\/\/oi-paris.com\/wordpress\/wp-content\/uploads\/2017\/05\/8-Copenhague-1993-1024x643.jpg 1024w, https:\/\/oi-paris.com\/wordpress\/wp-content\/uploads\/2017\/05\/8-Copenhague-1993-300x188.jpg 300w, https:\/\/oi-paris.com\/wordpress\/wp-content\/uploads\/2017\/05\/8-Copenhague-1993-768x482.jpg 768w, https:\/\/oi-paris.com\/wordpress\/wp-content\/uploads\/2017\/05\/8-Copenhague-1993-600x377.jpg 600w, https:\/\/oi-paris.com\/wordpress\/wp-content\/uploads\/2017\/05\/8-Copenhague-1993.jpg 1720w\" sizes=\"auto, (max-width: 1024px) 100vw, 1024px\" \/><\/a>\n\t\t\t<\/dt><\/dl><dl class='gallery-item'>\n\t\t\t<dt class='gallery-icon landscape'>\n\t\t\t\t<a href='https:\/\/oi-paris.com\/wordpress\/wp-content\/uploads\/2017\/05\/9-Prague-1995.jpg' title=\"\" data-rl_title=\"\" class=\"rl-gallery-link\" data-rl_caption=\"\" data-rel=\"lightbox-gallery-1\"><img loading=\"lazy\" decoding=\"async\" width=\"1024\" height=\"683\" src=\"https:\/\/oi-paris.com\/wordpress\/wp-content\/uploads\/2017\/05\/9-Prague-1995-1024x683.jpg\" class=\"attachment-large size-large\" alt=\"\" srcset=\"https:\/\/oi-paris.com\/wordpress\/wp-content\/uploads\/2017\/05\/9-Prague-1995-1024x683.jpg 1024w, https:\/\/oi-paris.com\/wordpress\/wp-content\/uploads\/2017\/05\/9-Prague-1995-300x200.jpg 300w, https:\/\/oi-paris.com\/wordpress\/wp-content\/uploads\/2017\/05\/9-Prague-1995-768x512.jpg 768w, https:\/\/oi-paris.com\/wordpress\/wp-content\/uploads\/2017\/05\/9-Prague-1995-600x400.jpg 600w, https:\/\/oi-paris.com\/wordpress\/wp-content\/uploads\/2017\/05\/9-Prague-1995.jpg 1619w\" sizes=\"auto, (max-width: 1024px) 100vw, 1024px\" \/><\/a>\n\t\t\t<\/dt><\/dl><br style=\"clear: both\" \/><dl class='gallery-item'>\n\t\t\t<dt class='gallery-icon landscape'>\n\t\t\t\t<a href='https:\/\/oi-paris.com\/wordpress\/wp-content\/uploads\/2017\/05\/10-Prague-1995.jpg' title=\"\" data-rl_title=\"\" class=\"rl-gallery-link\" data-rl_caption=\"\" data-rel=\"lightbox-gallery-1\"><img loading=\"lazy\" decoding=\"async\" width=\"1024\" height=\"683\" src=\"https:\/\/oi-paris.com\/wordpress\/wp-content\/uploads\/2017\/05\/10-Prague-1995-1024x683.jpg\" class=\"attachment-large size-large\" alt=\"\" srcset=\"https:\/\/oi-paris.com\/wordpress\/wp-content\/uploads\/2017\/05\/10-Prague-1995-1024x683.jpg 1024w, https:\/\/oi-paris.com\/wordpress\/wp-content\/uploads\/2017\/05\/10-Prague-1995-300x200.jpg 300w, https:\/\/oi-paris.com\/wordpress\/wp-content\/uploads\/2017\/05\/10-Prague-1995-768x512.jpg 768w, https:\/\/oi-paris.com\/wordpress\/wp-content\/uploads\/2017\/05\/10-Prague-1995-600x400.jpg 600w, https:\/\/oi-paris.com\/wordpress\/wp-content\/uploads\/2017\/05\/10-Prague-1995.jpg 1619w\" sizes=\"auto, (max-width: 1024px) 100vw, 1024px\" \/><\/a>\n\t\t\t<\/dt><\/dl><dl class='gallery-item'>\n\t\t\t<dt class='gallery-icon landscape'>\n\t\t\t\t<a href='https:\/\/oi-paris.com\/wordpress\/wp-content\/uploads\/2017\/05\/11-20-km-paris-2007.jpg' title=\"\" data-rl_title=\"\" class=\"rl-gallery-link\" data-rl_caption=\"\" data-rel=\"lightbox-gallery-1\"><img loading=\"lazy\" decoding=\"async\" width=\"1024\" height=\"674\" src=\"https:\/\/oi-paris.com\/wordpress\/wp-content\/uploads\/2017\/05\/11-20-km-paris-2007-1024x674.jpg\" class=\"attachment-large size-large\" alt=\"\" srcset=\"https:\/\/oi-paris.com\/wordpress\/wp-content\/uploads\/2017\/05\/11-20-km-paris-2007-1024x674.jpg 1024w, https:\/\/oi-paris.com\/wordpress\/wp-content\/uploads\/2017\/05\/11-20-km-paris-2007-300x198.jpg 300w, https:\/\/oi-paris.com\/wordpress\/wp-content\/uploads\/2017\/05\/11-20-km-paris-2007-768x506.jpg 768w, https:\/\/oi-paris.com\/wordpress\/wp-content\/uploads\/2017\/05\/11-20-km-paris-2007-600x395.jpg 600w, https:\/\/oi-paris.com\/wordpress\/wp-content\/uploads\/2017\/05\/11-20-km-paris-2007.jpg 1640w\" sizes=\"auto, (max-width: 1024px) 100vw, 1024px\" \/><\/a>\n\t\t\t<\/dt><\/dl><dl class='gallery-item'>\n\t\t\t<dt class='gallery-icon landscape'>\n\t\t\t\t<a href='https:\/\/oi-paris.com\/wordpress\/wp-content\/uploads\/2017\/05\/12-Marathon-Paris-2008.jpg' title=\"\" data-rl_title=\"\" class=\"rl-gallery-link\" data-rl_caption=\"\" data-rel=\"lightbox-gallery-1\"><img loading=\"lazy\" decoding=\"async\" width=\"1024\" height=\"686\" src=\"https:\/\/oi-paris.com\/wordpress\/wp-content\/uploads\/2017\/05\/12-Marathon-Paris-2008-1024x686.jpg\" class=\"attachment-large size-large\" alt=\"\" srcset=\"https:\/\/oi-paris.com\/wordpress\/wp-content\/uploads\/2017\/05\/12-Marathon-Paris-2008-1024x686.jpg 1024w, https:\/\/oi-paris.com\/wordpress\/wp-content\/uploads\/2017\/05\/12-Marathon-Paris-2008-300x201.jpg 300w, https:\/\/oi-paris.com\/wordpress\/wp-content\/uploads\/2017\/05\/12-Marathon-Paris-2008-768x514.jpg 768w, https:\/\/oi-paris.com\/wordpress\/wp-content\/uploads\/2017\/05\/12-Marathon-Paris-2008-600x402.jpg 600w, https:\/\/oi-paris.com\/wordpress\/wp-content\/uploads\/2017\/05\/12-Marathon-Paris-2008.jpg 1613w\" sizes=\"auto, (max-width: 1024px) 100vw, 1024px\" \/><\/a>\n\t\t\t<\/dt><\/dl><br style=\"clear: both\" \/><dl class='gallery-item'>\n\t\t\t<dt class='gallery-icon landscape'>\n\t\t\t\t<a href='https:\/\/oi-paris.com\/wordpress\/wp-content\/uploads\/2017\/05\/13-Madagascar-2012.jpg' title=\"\" data-rl_title=\"\" class=\"rl-gallery-link\" data-rl_caption=\"\" data-rel=\"lightbox-gallery-1\"><img loading=\"lazy\" decoding=\"async\" width=\"1024\" height=\"881\" src=\"https:\/\/oi-paris.com\/wordpress\/wp-content\/uploads\/2017\/05\/13-Madagascar-2012-1024x881.jpg\" class=\"attachment-large size-large\" alt=\"\" srcset=\"https:\/\/oi-paris.com\/wordpress\/wp-content\/uploads\/2017\/05\/13-Madagascar-2012-1024x881.jpg 1024w, https:\/\/oi-paris.com\/wordpress\/wp-content\/uploads\/2017\/05\/13-Madagascar-2012-300x258.jpg 300w, https:\/\/oi-paris.com\/wordpress\/wp-content\/uploads\/2017\/05\/13-Madagascar-2012-768x661.jpg 768w, https:\/\/oi-paris.com\/wordpress\/wp-content\/uploads\/2017\/05\/13-Madagascar-2012-600x516.jpg 600w, https:\/\/oi-paris.com\/wordpress\/wp-content\/uploads\/2017\/05\/13-Madagascar-2012.jpg 1255w\" sizes=\"auto, (max-width: 1024px) 100vw, 1024px\" \/><\/a>\n\t\t\t<\/dt><\/dl><dl class='gallery-item'>\n\t\t\t<dt class='gallery-icon landscape'>\n\t\t\t\t<a href='https:\/\/oi-paris.com\/wordpress\/wp-content\/uploads\/2017\/05\/14-Madagascar-2012.jpg' title=\"\" data-rl_title=\"\" class=\"rl-gallery-link\" data-rl_caption=\"\" data-rel=\"lightbox-gallery-1\"><img loading=\"lazy\" decoding=\"async\" width=\"1024\" height=\"686\" src=\"https:\/\/oi-paris.com\/wordpress\/wp-content\/uploads\/2017\/05\/14-Madagascar-2012-1024x686.jpg\" class=\"attachment-large size-large\" alt=\"\" srcset=\"https:\/\/oi-paris.com\/wordpress\/wp-content\/uploads\/2017\/05\/14-Madagascar-2012-1024x686.jpg 1024w, https:\/\/oi-paris.com\/wordpress\/wp-content\/uploads\/2017\/05\/14-Madagascar-2012-300x201.jpg 300w, https:\/\/oi-paris.com\/wordpress\/wp-content\/uploads\/2017\/05\/14-Madagascar-2012-768x514.jpg 768w, https:\/\/oi-paris.com\/wordpress\/wp-content\/uploads\/2017\/05\/14-Madagascar-2012-600x402.jpg 600w, https:\/\/oi-paris.com\/wordpress\/wp-content\/uploads\/2017\/05\/14-Madagascar-2012.jpg 1613w\" sizes=\"auto, (max-width: 1024px) 100vw, 1024px\" \/><\/a>\n\t\t\t<\/dt><\/dl><dl class='gallery-item'>\n\t\t\t<dt class='gallery-icon landscape'>\n\t\t\t\t<a href='https:\/\/oi-paris.com\/wordpress\/wp-content\/uploads\/2017\/05\/15-Madagascar-2012-red.jpg' title=\"\" data-rl_title=\"\" class=\"rl-gallery-link\" data-rl_caption=\"\" data-rel=\"lightbox-gallery-1\"><img loading=\"lazy\" decoding=\"async\" width=\"1024\" height=\"833\" src=\"https:\/\/oi-paris.com\/wordpress\/wp-content\/uploads\/2017\/05\/15-Madagascar-2012-red-1024x833.jpg\" class=\"attachment-large size-large\" alt=\"\" srcset=\"https:\/\/oi-paris.com\/wordpress\/wp-content\/uploads\/2017\/05\/15-Madagascar-2012-red-1024x833.jpg 1024w, https:\/\/oi-paris.com\/wordpress\/wp-content\/uploads\/2017\/05\/15-Madagascar-2012-red-300x244.jpg 300w, https:\/\/oi-paris.com\/wordpress\/wp-content\/uploads\/2017\/05\/15-Madagascar-2012-red-768x625.jpg 768w, https:\/\/oi-paris.com\/wordpress\/wp-content\/uploads\/2017\/05\/15-Madagascar-2012-red-600x488.jpg 600w, https:\/\/oi-paris.com\/wordpress\/wp-content\/uploads\/2017\/05\/15-Madagascar-2012-red.jpg 1328w\" sizes=\"auto, (max-width: 1024px) 100vw, 1024px\" \/><\/a>\n\t\t\t<\/dt><\/dl><br style=\"clear: both\" \/><dl class='gallery-item'>\n\t\t\t<dt class='gallery-icon landscape'>\n\t\t\t\t<a href='https:\/\/oi-paris.com\/wordpress\/wp-content\/uploads\/2017\/05\/16-Allemagne-2012.jpg' title=\"\" data-rl_title=\"\" class=\"rl-gallery-link\" data-rl_caption=\"\" data-rel=\"lightbox-gallery-1\"><img loading=\"lazy\" decoding=\"async\" width=\"1024\" height=\"686\" src=\"https:\/\/oi-paris.com\/wordpress\/wp-content\/uploads\/2017\/05\/16-Allemagne-2012-1024x686.jpg\" class=\"attachment-large size-large\" alt=\"\" srcset=\"https:\/\/oi-paris.com\/wordpress\/wp-content\/uploads\/2017\/05\/16-Allemagne-2012-1024x686.jpg 1024w, https:\/\/oi-paris.com\/wordpress\/wp-content\/uploads\/2017\/05\/16-Allemagne-2012-300x201.jpg 300w, https:\/\/oi-paris.com\/wordpress\/wp-content\/uploads\/2017\/05\/16-Allemagne-2012-768x514.jpg 768w, https:\/\/oi-paris.com\/wordpress\/wp-content\/uploads\/2017\/05\/16-Allemagne-2012-600x402.jpg 600w, https:\/\/oi-paris.com\/wordpress\/wp-content\/uploads\/2017\/05\/16-Allemagne-2012.jpg 1613w\" sizes=\"auto, (max-width: 1024px) 100vw, 1024px\" \/><\/a>\n\t\t\t<\/dt><\/dl><dl class='gallery-item'>\n\t\t\t<dt class='gallery-icon landscape'>\n\t\t\t\t<a href='https:\/\/oi-paris.com\/wordpress\/wp-content\/uploads\/2017\/05\/17-Allemagne-2012.jpg' title=\"\" data-rl_title=\"\" class=\"rl-gallery-link\" data-rl_caption=\"\" data-rel=\"lightbox-gallery-1\"><img loading=\"lazy\" decoding=\"async\" width=\"1024\" height=\"676\" src=\"https:\/\/oi-paris.com\/wordpress\/wp-content\/uploads\/2017\/05\/17-Allemagne-2012-1024x676.jpg\" class=\"attachment-large size-large\" alt=\"\" srcset=\"https:\/\/oi-paris.com\/wordpress\/wp-content\/uploads\/2017\/05\/17-Allemagne-2012-1024x676.jpg 1024w, https:\/\/oi-paris.com\/wordpress\/wp-content\/uploads\/2017\/05\/17-Allemagne-2012-300x198.jpg 300w, https:\/\/oi-paris.com\/wordpress\/wp-content\/uploads\/2017\/05\/17-Allemagne-2012-768x507.jpg 768w, https:\/\/oi-paris.com\/wordpress\/wp-content\/uploads\/2017\/05\/17-Allemagne-2012-600x396.jpg 600w, https:\/\/oi-paris.com\/wordpress\/wp-content\/uploads\/2017\/05\/17-Allemagne-2012.jpg 1635w\" sizes=\"auto, (max-width: 1024px) 100vw, 1024px\" \/><\/a>\n\t\t\t<\/dt><\/dl><dl class='gallery-item'>\n\t\t\t<dt class='gallery-icon landscape'>\n\t\t\t\t<a href='https:\/\/oi-paris.com\/wordpress\/wp-content\/uploads\/2017\/05\/18-Su\u00e8de-2010.jpg' title=\"\" data-rl_title=\"\" class=\"rl-gallery-link\" data-rl_caption=\"\" data-rel=\"lightbox-gallery-1\"><img loading=\"lazy\" decoding=\"async\" width=\"1024\" height=\"686\" src=\"https:\/\/oi-paris.com\/wordpress\/wp-content\/uploads\/2017\/05\/18-Su\u00e8de-2010-1024x686.jpg\" class=\"attachment-large size-large\" alt=\"\" srcset=\"https:\/\/oi-paris.com\/wordpress\/wp-content\/uploads\/2017\/05\/18-Su\u00e8de-2010-1024x686.jpg 1024w, https:\/\/oi-paris.com\/wordpress\/wp-content\/uploads\/2017\/05\/18-Su\u00e8de-2010-300x201.jpg 300w, https:\/\/oi-paris.com\/wordpress\/wp-content\/uploads\/2017\/05\/18-Su\u00e8de-2010-768x514.jpg 768w, https:\/\/oi-paris.com\/wordpress\/wp-content\/uploads\/2017\/05\/18-Su\u00e8de-2010-600x402.jpg 600w, https:\/\/oi-paris.com\/wordpress\/wp-content\/uploads\/2017\/05\/18-Su\u00e8de-2010.jpg 1613w\" sizes=\"auto, (max-width: 1024px) 100vw, 1024px\" \/><\/a>\n\t\t\t<\/dt><\/dl><br style=\"clear: both\" \/><dl class='gallery-item'>\n\t\t\t<dt class='gallery-icon landscape'>\n\t\t\t\t<a href='https:\/\/oi-paris.com\/wordpress\/wp-content\/uploads\/2017\/05\/19-Su\u00e8de-2010.jpg' title=\"\" data-rl_title=\"\" class=\"rl-gallery-link\" data-rl_caption=\"\" data-rel=\"lightbox-gallery-1\"><img loading=\"lazy\" decoding=\"async\" width=\"1024\" height=\"721\" src=\"https:\/\/oi-paris.com\/wordpress\/wp-content\/uploads\/2017\/05\/19-Su\u00e8de-2010-1024x721.jpg\" class=\"attachment-large size-large\" alt=\"\" srcset=\"https:\/\/oi-paris.com\/wordpress\/wp-content\/uploads\/2017\/05\/19-Su\u00e8de-2010-1024x721.jpg 1024w, https:\/\/oi-paris.com\/wordpress\/wp-content\/uploads\/2017\/05\/19-Su\u00e8de-2010-300x211.jpg 300w, https:\/\/oi-paris.com\/wordpress\/wp-content\/uploads\/2017\/05\/19-Su\u00e8de-2010-768x541.jpg 768w, https:\/\/oi-paris.com\/wordpress\/wp-content\/uploads\/2017\/05\/19-Su\u00e8de-2010-600x423.jpg 600w, https:\/\/oi-paris.com\/wordpress\/wp-content\/uploads\/2017\/05\/19-Su\u00e8de-2010.jpg 1533w\" sizes=\"auto, (max-width: 1024px) 100vw, 1024px\" \/><\/a>\n\t\t\t<\/dt><\/dl><dl class='gallery-item'>\n\t\t\t<dt class='gallery-icon landscape'>\n\t\t\t\t<a href='https:\/\/oi-paris.com\/wordpress\/wp-content\/uploads\/2017\/05\/20-Su\u00e8de-2010.jpg' title=\"\" data-rl_title=\"\" class=\"rl-gallery-link\" data-rl_caption=\"\" data-rel=\"lightbox-gallery-1\"><img loading=\"lazy\" decoding=\"async\" width=\"1024\" height=\"733\" src=\"https:\/\/oi-paris.com\/wordpress\/wp-content\/uploads\/2017\/05\/20-Su\u00e8de-2010-1024x733.jpg\" class=\"attachment-large size-large\" alt=\"\" srcset=\"https:\/\/oi-paris.com\/wordpress\/wp-content\/uploads\/2017\/05\/20-Su\u00e8de-2010-1024x733.jpg 1024w, https:\/\/oi-paris.com\/wordpress\/wp-content\/uploads\/2017\/05\/20-Su\u00e8de-2010-300x215.jpg 300w, https:\/\/oi-paris.com\/wordpress\/wp-content\/uploads\/2017\/05\/20-Su\u00e8de-2010-768x550.jpg 768w, https:\/\/oi-paris.com\/wordpress\/wp-content\/uploads\/2017\/05\/20-Su\u00e8de-2010-600x430.jpg 600w, https:\/\/oi-paris.com\/wordpress\/wp-content\/uploads\/2017\/05\/20-Su\u00e8de-2010.jpg 1508w\" sizes=\"auto, (max-width: 1024px) 100vw, 1024px\" \/><\/a>\n\t\t\t<\/dt><\/dl><dl class='gallery-item'>\n\t\t\t<dt class='gallery-icon landscape'>\n\t\t\t\t<a href='https:\/\/oi-paris.com\/wordpress\/wp-content\/uploads\/2017\/05\/21-bus-amtuir.jpg' title=\"\" data-rl_title=\"\" class=\"rl-gallery-link\" data-rl_caption=\"\" data-rel=\"lightbox-gallery-1\"><img loading=\"lazy\" decoding=\"async\" width=\"1024\" height=\"686\" src=\"https:\/\/oi-paris.com\/wordpress\/wp-content\/uploads\/2017\/05\/21-bus-amtuir-1024x686.jpg\" class=\"attachment-large size-large\" alt=\"\" srcset=\"https:\/\/oi-paris.com\/wordpress\/wp-content\/uploads\/2017\/05\/21-bus-amtuir-1024x686.jpg 1024w, https:\/\/oi-paris.com\/wordpress\/wp-content\/uploads\/2017\/05\/21-bus-amtuir-300x201.jpg 300w, https:\/\/oi-paris.com\/wordpress\/wp-content\/uploads\/2017\/05\/21-bus-amtuir-768x514.jpg 768w, https:\/\/oi-paris.com\/wordpress\/wp-content\/uploads\/2017\/05\/21-bus-amtuir-600x402.jpg 600w, https:\/\/oi-paris.com\/wordpress\/wp-content\/uploads\/2017\/05\/21-bus-amtuir.jpg 1613w\" sizes=\"auto, (max-width: 1024px) 100vw, 1024px\" \/><\/a>\n\t\t\t<\/dt><\/dl><br style=\"clear: both\" \/><dl class='gallery-item'>\n\t\t\t<dt class='gallery-icon landscape'>\n\t\t\t\t<a href='https:\/\/oi-paris.com\/wordpress\/wp-content\/uploads\/2017\/05\/22-Noisy-le-grand-2017.jpg' title=\"\" data-rl_title=\"\" class=\"rl-gallery-link\" data-rl_caption=\"\" data-rel=\"lightbox-gallery-1\"><img loading=\"lazy\" decoding=\"async\" width=\"1024\" height=\"686\" src=\"https:\/\/oi-paris.com\/wordpress\/wp-content\/uploads\/2017\/05\/22-Noisy-le-grand-2017-1024x686.jpg\" class=\"attachment-large size-large\" alt=\"\" srcset=\"https:\/\/oi-paris.com\/wordpress\/wp-content\/uploads\/2017\/05\/22-Noisy-le-grand-2017-1024x686.jpg 1024w, https:\/\/oi-paris.com\/wordpress\/wp-content\/uploads\/2017\/05\/22-Noisy-le-grand-2017-300x201.jpg 300w, https:\/\/oi-paris.com\/wordpress\/wp-content\/uploads\/2017\/05\/22-Noisy-le-grand-2017-768x514.jpg 768w, https:\/\/oi-paris.com\/wordpress\/wp-content\/uploads\/2017\/05\/22-Noisy-le-grand-2017-600x402.jpg 600w, https:\/\/oi-paris.com\/wordpress\/wp-content\/uploads\/2017\/05\/22-Noisy-le-grand-2017.jpg 1613w\" sizes=\"auto, (max-width: 1024px) 100vw, 1024px\" \/><\/a>\n\t\t\t<\/dt><\/dl>\n\t\t\t<br style='clear: both' \/>\n\t\t<\/div>\n\n<h2><span style=\"color: #000000;\"><strong>Les expositions et films dont on a parl\u00e9<\/strong><\/span><\/h2>\n<ul>\n<li><span style=\"color: #000000;\">Jusqu&#8217;au 22\/05 au Centre Pompidou : <a href=\"https:\/\/www.centrepompidou.fr\/cpv\/resource\/cx5KXpL\/rR8xk4M\" target=\"_blank\" rel=\"noopener noreferrer\">Josef Koudelka<\/a><\/span><\/li>\n<li><span style=\"color: #000000;\">Jusqu&#8217;au 14\/08 au Centre Pompidou : <a href=\"https:\/\/www.centrepompidou.fr\/cpv\/resource\/cR8xxqM\/rnK99qb\" target=\"_blank\" rel=\"noopener noreferrer\">Walker Evans<\/a><\/span><\/li>\n<li><a href=\"https:\/\/fr.wikipedia.org\/wiki\/Corporate\" target=\"_blank\" rel=\"noopener noreferrer\"><span style=\"color: #000000;\"><span style=\"color: #000000;\">Corporate<\/span><\/span><\/a><\/li>\n<li><a href=\"https:\/\/fr.wikipedia.org\/wiki\/Grave_(film,_2016)\" target=\"_blank\" rel=\"noopener noreferrer\"><span style=\"color: #000000;\">Grave<\/span><\/a><\/li>\n<li><a href=\"https:\/\/fr.wikipedia.org\/wiki\/La_Col%C3%A8re_d%27un_homme_patient\" target=\"_blank\" rel=\"noopener noreferrer\"><span style=\"color: #000000;\">La col\u00e8re d&#8217;un homme patient<\/span><\/a><\/li>\n<li><a href=\"https:\/\/fr.wikipedia.org\/wiki\/Django_(film,_2017)\" target=\"_blank\" rel=\"noopener noreferrer\"><span style=\"color: #000000;\">Django<\/span><\/a><\/li>\n<\/ul>\n<h2><span style=\"color: #000000;\"><strong>L&#8217;auberge espagnole<\/strong><\/span><\/h2>\n<p><span style=\"color: #000000;\"><span style=\"text-decoration: underline;\">1\u00a0diaporama et 64\u00a0photos<\/span> de :<\/span><\/p>\n<ul>\n<li><span style=\"color: #000000;\">Annie\u00a0: 3 photos<\/span><\/li>\n<li><span style=\"color: #000000;\">Pierre-Marie : 1 diaporama + 1\u00a0photo<\/span><\/li>\n<li><span style=\"color: #000000;\">Camille : 3 photos<\/span><\/li>\n<li><span style=\"color: #000000;\">Paul\u00a0:\u00a03 photos<\/span><\/li>\n<li><span style=\"color: #000000;\">Fatma\u00a0:\u00a03 photos<\/span><\/li>\n<li><span style=\"color: #000000;\">Rozenn\u00a0:\u00a03 photos<\/span><\/li>\n<li><span style=\"color: #000000;\">Eric : 3 photos<\/span><\/li>\n<li><span style=\"color: #000000;\">Erik\u00a0: 3 photos<\/span><\/li>\n<li><span style=\"color: #000000;\">Fabien :\u00a03 photos<\/span><\/li>\n<li><span style=\"color: #000000;\">Fran\u00e7ois\u00a0: 3 photos<\/span><\/li>\n<li><span style=\"color: #000000;\">H\u00e9l\u00e8ne :\u00a03 photos<\/span><\/li>\n<li><span style=\"color: #000000;\">Jean-Paul\u00a0: 3 photos<\/span><\/li>\n<li><span style=\"color: #000000;\">Laure : 3 photos<\/span><\/li>\n<li><span style=\"color: #000000;\">Christophe : 3 photos<\/span><\/li>\n<li><span style=\"color: #000000;\">Marie-Fran\u00e7oise\u00a0: 3 photos<\/span><\/li>\n<li><span style=\"color: #000000;\">Michaela\u00a0: 3 photos<\/span><\/li>\n<li><span style=\"color: #000000;\">Miguel\u00a0: 3 photos<\/span><\/li>\n<li><span style=\"color: #000000;\">Patrice : 3 photos<\/span><\/li>\n<li><span style=\"color: #000000;\">Philippe R\u00a0: 3 photos<\/span><\/li>\n<li><span style=\"color: #000000;\">Pierre-Emmanuel\u00a0: 3 photos<\/span><\/li>\n<li><span style=\"color: #000000;\">Yannick\u00a0: 3 photos<\/span><\/li>\n<li><span style=\"color: #000000;\">St\u00e9phane\u00a0:\u00a03 photos<\/span><\/li>\n<\/ul>\n<p><span style=\"color: #000000;\">C&#8217;est la photo de Pierre-Emmanuel\u00a0qui a\u00a0\u00e9t\u00e9 choisie :<\/span><\/p>\n<p><a href=\"http:\/\/oi-paris.com\/wordpress\/wp-content\/uploads\/2017\/05\/pierre-emmanuel-beauchaud3.jpg\" data-rel=\"lightbox-image-23\" data-rl_title=\"\" data-rl_caption=\"\" title=\"\"><img loading=\"lazy\" decoding=\"async\" class=\"alignnone size-medium wp-image-5789\" src=\"http:\/\/oi-paris.com\/wordpress\/wp-content\/uploads\/2017\/05\/pierre-emmanuel-beauchaud3-300x300.jpg\" alt=\"\" width=\"300\" height=\"300\" srcset=\"https:\/\/oi-paris.com\/wordpress\/wp-content\/uploads\/2017\/05\/pierre-emmanuel-beauchaud3-300x300.jpg 300w, https:\/\/oi-paris.com\/wordpress\/wp-content\/uploads\/2017\/05\/pierre-emmanuel-beauchaud3-150x150.jpg 150w, https:\/\/oi-paris.com\/wordpress\/wp-content\/uploads\/2017\/05\/pierre-emmanuel-beauchaud3-768x768.jpg 768w, https:\/\/oi-paris.com\/wordpress\/wp-content\/uploads\/2017\/05\/pierre-emmanuel-beauchaud3-1024x1024.jpg 1024w, https:\/\/oi-paris.com\/wordpress\/wp-content\/uploads\/2017\/05\/pierre-emmanuel-beauchaud3-600x600.jpg 600w, https:\/\/oi-paris.com\/wordpress\/wp-content\/uploads\/2017\/05\/pierre-emmanuel-beauchaud3-160x160.jpg 160w, https:\/\/oi-paris.com\/wordpress\/wp-content\/uploads\/2017\/05\/pierre-emmanuel-beauchaud3-320x320.jpg 320w, https:\/\/oi-paris.com\/wordpress\/wp-content\/uploads\/2017\/05\/pierre-emmanuel-beauchaud3.jpg 1080w\" sizes=\"auto, (max-width: 300px) 100vw, 300px\" \/><\/a><\/p>\n<p><span style=\"color: #000000;\"><strong>Rappel des r\u00e8gles<\/strong> \u00e0 respecter pour pr\u00e9senter sa production lors du Mardi d&#8217;OI :<\/span><\/p>\n<ul>\n<li><span style=\"color: #000000;\">Les photos (<strong>3 au maximum<\/strong>) sont \u00e0 envoyer au format <span style=\"color: #ff0000;\"><strong>jpeg<\/strong><\/span>, aux dimensions maximum de <span style=\"color: #ff0000;\"><strong>1920 x 1080 pixels<\/strong><\/span>, et doivent \u00eatre <strong><span style=\"color: #ff0000;\">nomm\u00e9es<\/span> avec le nom de l\u2019auteur<\/strong> suivi du num\u00e9ro dans lequel elles doivent \u00eatre projet\u00e9es (exemple : Bertheau-Juliette-1.jpg)<\/span><\/li>\n<li><span style=\"color: #000000;\">Les diaporamas sont \u00e0 envoyer au format exe, mpeg, mp4 ou wmv.<\/span><\/li>\n<li><span style=\"color: #000000;\">Les vid\u00e9os sont \u00e0 envoyer au format mpeg, mp4 ou wmv.<\/span><\/li>\n<li><span style=\"color: #000000;\">Tous les fichiers doivent \u00eatre d\u00e9pos\u00e9s sur le serveur du club la veille au soir (<\/span><strong><span style=\"color: #000000;\">acc\u00e8s sur demande aupr\u00e8s de<\/span> <a href=\"mailto:stephane@derny.com\">St\u00e9phane<\/a><\/strong>) <span style=\"color: #000000;\">ou apport\u00e9s sur cl\u00e9 usb le jour m\u00eame, mais \u00e0 19h au plus tard.<\/span><\/li>\n<\/ul>\n<p><strong><span style=\"color: #000000;\">Rendez-vous le 6 juin\u00a0pour le dernier\u00a0mardi d&#8217;OI de l&#8217;ann\u00e9e. Ca se f\u00eate !<\/span><\/strong><\/p>\n","protected":false},"excerpt":{"rendered":"<p>Nous \u00e9tions 34 \u00e0 participer \u00e0 cette\u00a0r\u00e9union. En bref, ce qu&#8217;il s&#8217;est pass\u00e9 :<\/p>\n","protected":false},"author":2,"featured_media":5841,"comment_status":"closed","ping_status":"closed","sticky":false,"template":"","format":"standard","meta":{"_acf_changed":false,"_oasis_is_in_workflow":0,"_oasis_original":0,"_uag_custom_page_level_css":"","footnotes":""},"categories":[8],"tags":[],"class_list":["post-5788","post","type-post","status-publish","format-standard","has-post-thumbnail","hentry","category-mardi-doi"],"acf":[],"uagb_featured_image_src":{"full":["https:\/\/oi-paris.com\/wordpress\/wp-content\/uploads\/2017\/05\/2017-05-mardidoi.jpg",980,463,false],"thumbnail":["https:\/\/oi-paris.com\/wordpress\/wp-content\/uploads\/2017\/05\/2017-05-mardidoi-150x150.jpg",150,150,true],"medium":["https:\/\/oi-paris.com\/wordpress\/wp-content\/uploads\/2017\/05\/2017-05-mardidoi-300x142.jpg",300,142,true],"medium_large":["https:\/\/oi-paris.com\/wordpress\/wp-content\/uploads\/2017\/05\/2017-05-mardidoi-768x363.jpg",768,363,true],"large":["https:\/\/oi-paris.com\/wordpress\/wp-content\/uploads\/2017\/05\/2017-05-mardidoi.jpg",980,463,false],"1536x1536":["https:\/\/oi-paris.com\/wordpress\/wp-content\/uploads\/2017\/05\/2017-05-mardidoi.jpg",980,463,false],"2048x2048":["https:\/\/oi-paris.com\/wordpress\/wp-content\/uploads\/2017\/05\/2017-05-mardidoi.jpg",980,463,false],"thumb-small":["https:\/\/oi-paris.com\/wordpress\/wp-content\/uploads\/2017\/05\/2017-05-mardidoi-160x160.jpg",80,80,true],"thumb-standard":["https:\/\/oi-paris.com\/wordpress\/wp-content\/uploads\/2017\/05\/2017-05-mardidoi-320x320.jpg",320,320,true],"thumb-medium":["https:\/\/oi-paris.com\/wordpress\/wp-content\/uploads\/2017\/05\/2017-05-mardidoi-520x245.jpg",520,245,true],"thumb-large":["https:\/\/oi-paris.com\/wordpress\/wp-content\/uploads\/2017\/05\/2017-05-mardidoi-720x340.jpg",720,340,true],"thumb-xlarge":["https:\/\/oi-paris.com\/wordpress\/wp-content\/uploads\/2017\/05\/2017-05-mardidoi.jpg",952,450,false],"thumb-xxlarge":["https:\/\/oi-paris.com\/wordpress\/wp-content\/uploads\/2017\/05\/2017-05-mardidoi.jpg",980,463,false],"mailpoet_newsletter_max":["https:\/\/oi-paris.com\/wordpress\/wp-content\/uploads\/2017\/05\/2017-05-mardidoi.jpg",980,463,false]},"uagb_author_info":{"display_name":"Rozenn D","author_link":"https:\/\/oi-paris.com\/wordpress\/author\/rozenn\/"},"uagb_comment_info":0,"uagb_excerpt":"Nous \u00e9tions 34 \u00e0 participer \u00e0 cette\u00a0r\u00e9union. En bref, ce qu&#8217;il s&#8217;est pass\u00e9 :","_links":{"self":[{"href":"https:\/\/oi-paris.com\/wordpress\/wp-json\/wp\/v2\/posts\/5788","targetHints":{"allow":["GET"]}}],"collection":[{"href":"https:\/\/oi-paris.com\/wordpress\/wp-json\/wp\/v2\/posts"}],"about":[{"href":"https:\/\/oi-paris.com\/wordpress\/wp-json\/wp\/v2\/types\/post"}],"author":[{"embeddable":true,"href":"https:\/\/oi-paris.com\/wordpress\/wp-json\/wp\/v2\/users\/2"}],"replies":[{"embeddable":true,"href":"https:\/\/oi-paris.com\/wordpress\/wp-json\/wp\/v2\/comments?post=5788"}],"version-history":[{"count":5,"href":"https:\/\/oi-paris.com\/wordpress\/wp-json\/wp\/v2\/posts\/5788\/revisions"}],"predecessor-version":[{"id":5866,"href":"https:\/\/oi-paris.com\/wordpress\/wp-json\/wp\/v2\/posts\/5788\/revisions\/5866"}],"wp:featuredmedia":[{"embeddable":true,"href":"https:\/\/oi-paris.com\/wordpress\/wp-json\/wp\/v2\/media\/5841"}],"wp:attachment":[{"href":"https:\/\/oi-paris.com\/wordpress\/wp-json\/wp\/v2\/media?parent=5788"}],"wp:term":[{"taxonomy":"category","embeddable":true,"href":"https:\/\/oi-paris.com\/wordpress\/wp-json\/wp\/v2\/categories?post=5788"},{"taxonomy":"post_tag","embeddable":true,"href":"https:\/\/oi-paris.com\/wordpress\/wp-json\/wp\/v2\/tags?post=5788"}],"curies":[{"name":"wp","href":"https:\/\/api.w.org\/{rel}","templated":true}]}}