{"id":6108,"date":"2017-08-01T13:55:17","date_gmt":"2017-08-01T11:55:17","guid":{"rendered":"http:\/\/oi-paris.com\/wordpress\/?p=6108"},"modified":"2017-08-01T13:55:17","modified_gmt":"2017-08-01T11:55:17","slug":"sortie-photo-aux-tuileries","status":"publish","type":"post","link":"https:\/\/oi-paris.com\/wordpress\/2017\/08\/01\/sortie-photo-aux-tuileries\/","title":{"rendered":"Sortie photo aux Tuileries"},"content":{"rendered":"<p><a href=\"http:\/\/oi-paris.com\/wordpress\/wp-content\/uploads\/2015\/08\/Sortie-photo-carre.jpg\" data-rel=\"lightbox-image-0\" data-rl_title=\"\" data-rl_caption=\"\" title=\"\"><img loading=\"lazy\" decoding=\"async\" class=\"alignnone wp-image-1416 size-thumbnail\" src=\"http:\/\/oi-paris.com\/wordpress\/wp-content\/uploads\/2015\/08\/Sortie-photo-carre-150x150.jpg\" alt=\"\" width=\"150\" height=\"150\" srcset=\"https:\/\/oi-paris.com\/wordpress\/wp-content\/uploads\/2015\/08\/Sortie-photo-carre-150x150.jpg 150w, https:\/\/oi-paris.com\/wordpress\/wp-content\/uploads\/2015\/08\/Sortie-photo-carre-300x300.jpg 300w, https:\/\/oi-paris.com\/wordpress\/wp-content\/uploads\/2015\/08\/Sortie-photo-carre-160x160.jpg 160w, https:\/\/oi-paris.com\/wordpress\/wp-content\/uploads\/2015\/08\/Sortie-photo-carre-320x320.jpg 320w, https:\/\/oi-paris.com\/wordpress\/wp-content\/uploads\/2015\/08\/Sortie-photo-carre.jpg 463w\" sizes=\"auto, (max-width: 150px) 100vw, 150px\" \/><\/a><\/p>\n<p><span style=\"color: #000000;\">Si vous \u00eates int\u00e9ress\u00e9s par une sortie photo le 8 ao\u00fbt, rendez-vous \u00e0 la station de m\u00e9tro Tuileries. Le th\u00e8me sera &#8220;la f\u00eate foraine&#8221;. On pourrait terminer par le coucher de soleil sur la Concorde, la tour Eiffel et les Champs Elys\u00e9es. <\/span><\/p>\n<p><span style=\"color: #000000;\">Merci de pr\u00e9venir Laure de votre venue !<\/span><\/p>\n<p><span style=\"color: #000000;\"><!--more--><\/span><\/p>\n<p><span style=\"color: #000000;\"><strong>Quand ?<\/strong><\/span><\/p>\n<ul>\n<li><span style=\"color: #000000;\">Mardi 8 ao\u00fbt &#8211; 19h<\/span><\/li>\n<li><span style=\"color: #000000;\">Les retardataires seront attendus 10 min.<\/span><\/li>\n<\/ul>\n<p><span style=\"color: #000000;\"><strong>O\u00f9 ?<\/strong><\/span><\/p>\n<ul>\n<li><span style=\"color: #000000;\">Rendez-vous \u00e0 la station de m\u00e9tro Tuileries<\/span><\/li>\n<\/ul>\n<p><span style=\"color: #000000;\"><strong>Contact<\/strong><\/span><\/p>\n<p><span style=\"color: #000000;\"><a href=\"mailto:laurexpress@hotmail.fr\">Laure<\/a>\u00a006 16 75 56 23<\/span><\/p>\n<p><a href=\"http:\/\/oi-paris.com\/wordpress\/wp-content\/uploads\/2017\/08\/laure.jpg\" data-rel=\"lightbox-image-1\" data-rl_title=\"\" data-rl_caption=\"\" title=\"\"><img loading=\"lazy\" decoding=\"async\" class=\"alignnone wp-image-6107\" src=\"http:\/\/oi-paris.com\/wordpress\/wp-content\/uploads\/2017\/08\/laure-1024x685.jpg\" alt=\"\" width=\"800\" height=\"535\" srcset=\"https:\/\/oi-paris.com\/wordpress\/wp-content\/uploads\/2017\/08\/laure-1024x685.jpg 1024w, https:\/\/oi-paris.com\/wordpress\/wp-content\/uploads\/2017\/08\/laure-300x201.jpg 300w, https:\/\/oi-paris.com\/wordpress\/wp-content\/uploads\/2017\/08\/laure-768x514.jpg 768w, https:\/\/oi-paris.com\/wordpress\/wp-content\/uploads\/2017\/08\/laure-600x401.jpg 600w, https:\/\/oi-paris.com\/wordpress\/wp-content\/uploads\/2017\/08\/laure.jpg 1615w\" sizes=\"auto, (max-width: 800px) 100vw, 800px\" \/><\/a><\/p>\n","protected":false},"excerpt":{"rendered":"<p>Si vous \u00eates int\u00e9ress\u00e9s par une sortie photo le 8 ao\u00fbt, rendez-vous \u00e0 la station de m\u00e9tro Tuileries. Le th\u00e8me sera &#8220;la f\u00eate foraine&#8221;. On pourrait terminer par le coucher de soleil sur la&#46;&#46;&#46;<\/p>\n","protected":false},"author":2,"featured_media":6106,"comment_status":"closed","ping_status":"closed","sticky":false,"template":"","format":"standard","meta":{"_acf_changed":false,"_oasis_is_in_workflow":0,"_oasis_original":0,"_uag_custom_page_level_css":"","footnotes":""},"categories":[9,10],"tags":[],"class_list":["post-6108","post","type-post","status-publish","format-standard","has-post-thumbnail","hentry","category-photo","category-sortie-photo"],"acf":[],"uagb_featured_image_src":{"full":["https:\/\/oi-paris.com\/wordpress\/wp-content\/uploads\/2017\/08\/laure-une.jpg",1615,763,false],"thumbnail":["https:\/\/oi-paris.com\/wordpress\/wp-content\/uploads\/2017\/08\/laure-une-150x150.jpg",150,150,true],"medium":["https:\/\/oi-paris.com\/wordpress\/wp-content\/uploads\/2017\/08\/laure-une-300x142.jpg",300,142,true],"medium_large":["https:\/\/oi-paris.com\/wordpress\/wp-content\/uploads\/2017\/08\/laure-une-768x363.jpg",768,363,true],"large":["https:\/\/oi-paris.com\/wordpress\/wp-content\/uploads\/2017\/08\/laure-une-1024x484.jpg",1024,484,true],"1536x1536":["https:\/\/oi-paris.com\/wordpress\/wp-content\/uploads\/2017\/08\/laure-une.jpg",1536,726,false],"2048x2048":["https:\/\/oi-paris.com\/wordpress\/wp-content\/uploads\/2017\/08\/laure-une.jpg",1615,763,false],"thumb-small":["https:\/\/oi-paris.com\/wordpress\/wp-content\/uploads\/2017\/08\/laure-une-160x160.jpg",80,80,true],"thumb-standard":["https:\/\/oi-paris.com\/wordpress\/wp-content\/uploads\/2017\/08\/laure-une-320x320.jpg",320,320,true],"thumb-medium":["https:\/\/oi-paris.com\/wordpress\/wp-content\/uploads\/2017\/08\/laure-une-520x245.jpg",520,245,true],"thumb-large":["https:\/\/oi-paris.com\/wordpress\/wp-content\/uploads\/2017\/08\/laure-une-720x340.jpg",720,340,true],"thumb-xlarge":["https:\/\/oi-paris.com\/wordpress\/wp-content\/uploads\/2017\/08\/laure-une-980x450.jpg",980,450,true],"thumb-xxlarge":["https:\/\/oi-paris.com\/wordpress\/wp-content\/uploads\/2017\/08\/laure-une-1320x500.jpg",1320,500,true],"mailpoet_newsletter_max":["https:\/\/oi-paris.com\/wordpress\/wp-content\/uploads\/2017\/08\/laure-une.jpg",1320,624,false]},"uagb_author_info":{"display_name":"Rozenn D","author_link":"https:\/\/oi-paris.com\/wordpress\/author\/rozenn\/"},"uagb_comment_info":0,"uagb_excerpt":"Si vous \u00eates int\u00e9ress\u00e9s par une sortie photo le 8 ao\u00fbt, rendez-vous \u00e0 la station de m\u00e9tro Tuileries. Le th\u00e8me sera &#8220;la f\u00eate foraine&#8221;. On pourrait terminer par le coucher de soleil sur la&#46;&#46;&#46;","_links":{"self":[{"href":"https:\/\/oi-paris.com\/wordpress\/wp-json\/wp\/v2\/posts\/6108","targetHints":{"allow":["GET"]}}],"collection":[{"href":"https:\/\/oi-paris.com\/wordpress\/wp-json\/wp\/v2\/posts"}],"about":[{"href":"https:\/\/oi-paris.com\/wordpress\/wp-json\/wp\/v2\/types\/post"}],"author":[{"embeddable":true,"href":"https:\/\/oi-paris.com\/wordpress\/wp-json\/wp\/v2\/users\/2"}],"replies":[{"embeddable":true,"href":"https:\/\/oi-paris.com\/wordpress\/wp-json\/wp\/v2\/comments?post=6108"}],"version-history":[{"count":3,"href":"https:\/\/oi-paris.com\/wordpress\/wp-json\/wp\/v2\/posts\/6108\/revisions"}],"predecessor-version":[{"id":6113,"href":"https:\/\/oi-paris.com\/wordpress\/wp-json\/wp\/v2\/posts\/6108\/revisions\/6113"}],"wp:featuredmedia":[{"embeddable":true,"href":"https:\/\/oi-paris.com\/wordpress\/wp-json\/wp\/v2\/media\/6106"}],"wp:attachment":[{"href":"https:\/\/oi-paris.com\/wordpress\/wp-json\/wp\/v2\/media?parent=6108"}],"wp:term":[{"taxonomy":"category","embeddable":true,"href":"https:\/\/oi-paris.com\/wordpress\/wp-json\/wp\/v2\/categories?post=6108"},{"taxonomy":"post_tag","embeddable":true,"href":"https:\/\/oi-paris.com\/wordpress\/wp-json\/wp\/v2\/tags?post=6108"}],"curies":[{"name":"wp","href":"https:\/\/api.w.org\/{rel}","templated":true}]}}